{"id":1220,"date":"2018-07-11T14:40:54","date_gmt":"2018-07-11T12:40:54","guid":{"rendered":"http:\/\/agora.xtec.cat\/iesmallafre\/?p=1220"},"modified":"2018-07-11T14:44:42","modified_gmt":"2018-07-11T12:44:42","slug":"anunci-de-licitacio-de-contracte-de-neteja-de-linstitut-dolors-mallafre","status":"publish","type":"post","link":"https:\/\/agora.xtec.cat\/iesmallafre\/general\/anunci-de-licitacio-de-contracte-de-neteja-de-linstitut-dolors-mallafre\/","title":{"rendered":"Anunci de licitaci\u00f3 de contracte de neteja de l&#8217;Institut Dolors Mallafr\u00e8 (Resoluci\u00f3)"},"content":{"rendered":"<p><a href=\"https:\/\/agora.xtec.cat\/iesmallafre\/docs\/formalitzacio-contracte-de-neteja-2018\/?bp-attachment=FORMALITZACI%C3%93-CONTRACTE.docx\">(NOU) Formalitzaci\u00f3 del contracte de neteja<\/a><\/p>\n<p><a href=\"https:\/\/agora.xtec.cat\/iesmallafre\/docs\/resolucio-dadjudicacio-del-contracte-de-serveis-de-neteja\/?bp-attachment=resoluci%C3%B3-contracte-neteja-18-19.pdf\">(NOU) Resoluci\u00f3 d&#8217;adjudicaci\u00f3 del contracte de serveis de neteja<\/a><\/p>\n<p>Es convoca a les empreses que participen en la licitaci\u00f3 del concurs de neteja, a la reuni\u00f3 d&#8217;obertura\u00a0p\u00fablica del sobre C. Ser\u00e0 el dimecres dia 16 de maig de 2018, a les 18 h.,\u00a0a la biblioteca del centre<\/p>\n<p>Es pot trobar la informaci\u00f3 en el men\u00fa lateral de la portada i en els seg\u00fcents enlla\u00e7os:<\/p>\n<p><a href=\"https:\/\/agora.xtec.cat\/iesmallafre\/docs\/resolucio-dadjudicacio-del-contracte-de-serveis-de-neteja\/?bp-attachment=resoluci%C3%B3-contracte-neteja-18-19.pdf\">(NOU) Resoluci\u00f3 d&#8217;adjudicaci\u00f3 del contracte de serveis de neteja<\/a><\/p>\n<p><a href=\"https:\/\/agora.xtec.cat\/iesmallafre\/docs\/anunci\/?bp-attachment=ANUNCI.pdf\">Anunci de licitaci\u00f3 de contracte de neteja de l&#8217;Institut Dolors Mallafr\u00e8 i Ros<\/a><\/p>\n<p><a href=\"https:\/\/agora.xtec.cat\/iesmallafre\/docs\/plec-de-prescripcions-tecniques\/?bp-attachment=Plec-de-prescripcions-t%C3%A8cniques.pdf\">Plec de Prescripcions t\u00e8cniques<\/a><\/p>\n<p><a href=\"https:\/\/agora.xtec.cat\/iesmallafre\/docs\/plec-de-clausules-administratives\/?bp-attachment=Plec-de-cl%C3%A0usules-administratives.pdf\">Plec de cl\u00e0usules administratives<\/a><\/p>\n<p><a href=\"https:\/\/agora.xtec.cat\/iesmallafre\/docs\/resolucio-dinici-i-daprovacio-de-lexpedient\/?bp-attachment=Resoluci%C3%B3-dinici-i-aprovaci%C3%B3-dexpedient.pdf\">Resoluci\u00f3 d&#8217;inici i d&#8217;aprovaci\u00f3 de l&#8217;expedient<\/a><\/p>\n","protected":false},"excerpt":{"rendered":"<p><a href=\"https:\/\/agora.xtec.cat\/iesmallafre\/docs\/formalitzacio-contracte-de-neteja-2018\/?bp-attachment=FORMALITZACI%C3%93-CONTRACTE.docx\">(NOU) Formalitzaci\u00f3 del contracte de neteja<\/a><br \/>\n<a href=\"https:\/\/agora.xtec.cat\/iesmallafre\/docs\/resolucio-dadjudicacio-del-contracte-de-serveis-de-neteja\/?bp-attachment=resoluci%C3%B3-contracte-neteja-18-19.pdf\">(NOU) Resoluci\u00f3 d&#8217;adjudicaci\u00f3 del contracte de serveis de neteja<\/a><br \/>\nEs convoca a les empreses que participen en la licitaci\u00f3 del concurs de neteja, a la reuni\u00f3 d&#8217;obertura\u00a0p\u00fablica del sobre C. Ser\u00e0 el dimecres dia 16 de maig de 2018,&hellip;  <a href=\"https:\/\/agora.xtec.cat\/iesmallafre\/general\/anunci-de-licitacio-de-contracte-de-neteja-de-linstitut-dolors-mallafre\/\" title=\"Read Anunci de licitaci\u00f3 de contracte de neteja de l&#8217;Institut Dolors Mallafr\u00e8 (Resoluci\u00f3)\">Llegeix m\u00e9s\u00bb<\/a><\/p>\n","protected":false},"author":6,"featured_media":0,"comment_status":"closed","ping_status":"closed","sticky":false,"template":"","format":"standard","meta":{"_bbp_topic_count":0,"_bbp_reply_count":0,"_bbp_total_topic_count":0,"_bbp_total_reply_count":0,"_bbp_voice_count":0,"_bbp_anonymous_reply_count":0,"_bbp_topic_count_hidden":0,"_bbp_reply_count_hidden":0,"_bbp_forum_subforum_count":0,"footnotes":""},"categories":[1,29],"tags":[203,204],"class_list":["post-1220","post","type-post","status-publish","format-standard","hentry","category-general","category-portada","tag-licitacions","tag-neteja"],"post_mailing_queue_ids":[],"_links":{"self":[{"href":"https:\/\/agora.xtec.cat\/iesmallafre\/wp-json\/wp\/v2\/posts\/1220","targetHints":{"allow":["GET"]}}],"collection":[{"href":"https:\/\/agora.xtec.cat\/iesmallafre\/wp-json\/wp\/v2\/posts"}],"about":[{"href":"https:\/\/agora.xtec.cat\/iesmallafre\/wp-json\/wp\/v2\/types\/post"}],"author":[{"embeddable":true,"href":"https:\/\/agora.xtec.cat\/iesmallafre\/wp-json\/wp\/v2\/users\/6"}],"replies":[{"embeddable":true,"href":"https:\/\/agora.xtec.cat\/iesmallafre\/wp-json\/wp\/v2\/comments?post=1220"}],"version-history":[{"count":3,"href":"https:\/\/agora.xtec.cat\/iesmallafre\/wp-json\/wp\/v2\/posts\/1220\/revisions"}],"predecessor-version":[{"id":1343,"href":"https:\/\/agora.xtec.cat\/iesmallafre\/wp-json\/wp\/v2\/posts\/1220\/revisions\/1343"}],"wp:attachment":[{"href":"https:\/\/agora.xtec.cat\/iesmallafre\/wp-json\/wp\/v2\/media?parent=1220"}],"wp:term":[{"taxonomy":"category","embeddable":true,"href":"https:\/\/agora.xtec.cat\/iesmallafre\/wp-json\/wp\/v2\/categories?post=1220"},{"taxonomy":"post_tag","embeddable":true,"href":"https:\/\/agora.xtec.cat\/iesmallafre\/wp-json\/wp\/v2\/tags?post=1220"}],"curies":[{"name":"wp","href":"https:\/\/api.w.org\/{rel}","templated":true}]}}