{"id":1181,"date":"2018-01-14T11:44:33","date_gmt":"2018-01-14T10:44:33","guid":{"rendered":"http:\/\/agora.xtec.cat\/iesmallafre\/?p=1181"},"modified":"2018-02-16T11:47:51","modified_gmt":"2018-02-16T10:47:51","slug":"intercanvi-amb-el-canada","status":"publish","type":"post","link":"https:\/\/agora.xtec.cat\/iesmallafre\/general\/intercanvi-amb-el-canada\/","title":{"rendered":"INTERCANVI AMB EL CANAD\u00c0"},"content":{"rendered":"<p>La nostra alumna S\u00f2nia Cirauqui, de 4rt d&#8217;ESO, va arribar ahir al Canad\u00e0. Els alumnes del programa d&#8217;intercanvi Catalunya-Quebec van viatjar sols a Montreal via Par\u00eds. El viatge va ser llarg i hi va haver una mica de retard, per\u00f2 finalment han arribat tots b\u00e9.<\/p>\n<p>La S\u00f2nia va ser rebuda amb molta alegria per la seva correspondante, la Sara-Kim Simoneau-Fournier. La S\u00f2nia passar\u00e0 tres mesos amb la Sara-Kim, assistint a classe i vivint amb la seva fam\u00edlia.<\/p>\n<p>Et desitgem una estada plena d&#8217;emocions i d&#8217;aprenentatges, S\u00f2nia!<\/p>\n<p><a href=\"http:\/\/agora.xtec.cat\/iesmallafre\/wp-content\/uploads\/usu105\/2018\/02\/1s.jpg\"><img loading=\"lazy\" decoding=\"async\" class=\"aligncenter size-medium wp-image-1184\" src=\"http:\/\/agora.xtec.cat\/iesmallafre\/wp-content\/uploads\/usu105\/2018\/02\/1s-169x300.jpg\" alt=\"\" width=\"169\" height=\"300\" srcset=\"https:\/\/agora.xtec.cat\/iesmallafre\/wp-content\/uploads\/usu105\/2018\/02\/1s-169x300.jpg 169w, https:\/\/agora.xtec.cat\/iesmallafre\/wp-content\/uploads\/usu105\/2018\/02\/1s.jpg 540w\" sizes=\"auto, (max-width: 169px) 100vw, 169px\" \/><\/a> <a href=\"http:\/\/agora.xtec.cat\/iesmallafre\/wp-content\/uploads\/usu105\/2018\/02\/2s.jpg\"><img loading=\"lazy\" decoding=\"async\" class=\"aligncenter size-medium wp-image-1183\" src=\"http:\/\/agora.xtec.cat\/iesmallafre\/wp-content\/uploads\/usu105\/2018\/02\/2s-169x300.jpg\" alt=\"\" width=\"169\" height=\"300\" srcset=\"https:\/\/agora.xtec.cat\/iesmallafre\/wp-content\/uploads\/usu105\/2018\/02\/2s-169x300.jpg 169w, https:\/\/agora.xtec.cat\/iesmallafre\/wp-content\/uploads\/usu105\/2018\/02\/2s.jpg 540w\" sizes=\"auto, (max-width: 169px) 100vw, 169px\" \/><\/a> <a href=\"http:\/\/agora.xtec.cat\/iesmallafre\/wp-content\/uploads\/usu105\/2018\/02\/3s.jpg\"><img loading=\"lazy\" decoding=\"async\" class=\"aligncenter size-medium wp-image-1182\" src=\"http:\/\/agora.xtec.cat\/iesmallafre\/wp-content\/uploads\/usu105\/2018\/02\/3s-169x300.jpg\" alt=\"\" width=\"169\" height=\"300\" srcset=\"https:\/\/agora.xtec.cat\/iesmallafre\/wp-content\/uploads\/usu105\/2018\/02\/3s-169x300.jpg 169w, https:\/\/agora.xtec.cat\/iesmallafre\/wp-content\/uploads\/usu105\/2018\/02\/3s.jpg 541w\" sizes=\"auto, (max-width: 169px) 100vw, 169px\" \/><\/a><\/p>\n","protected":false},"excerpt":{"rendered":"<p>La nostra alumna S\u00f2nia Cirauqui, de 4rt d&#8217;ESO, va arribar ahir al Canad\u00e0. Els alumnes del programa d&#8217;intercanvi Catalunya-Quebec van viatjar sols a Montreal via Par\u00eds. El viatge va ser llarg i hi va haver una mica de retard, per\u00f2 finalment han arribat tots b\u00e9.<br \/>\nLa&hellip;  <a href=\"https:\/\/agora.xtec.cat\/iesmallafre\/general\/intercanvi-amb-el-canada\/\" title=\"Read INTERCANVI AMB EL CANAD\u00c0\">Llegeix m\u00e9s\u00bb<\/a><\/p>\n","protected":false},"author":6,"featured_media":1183,"comment_status":"closed","ping_status":"closed","sticky":false,"template":"","format":"standard","meta":{"_bbp_topic_count":0,"_bbp_reply_count":0,"_bbp_total_topic_count":0,"_bbp_total_reply_count":0,"_bbp_voice_count":0,"_bbp_anonymous_reply_count":0,"_bbp_topic_count_hidden":0,"_bbp_reply_count_hidden":0,"_bbp_forum_subforum_count":0,"footnotes":""},"categories":[31,7,1,29],"tags":[105,177],"class_list":["post-1181","post","type-post","status-publish","format-standard","has-post-thumbnail","hentry","category-ampa","category-eso-4","category-general","category-portada","tag-4teso","tag-intercanvi"],"post_mailing_queue_ids":[],"_links":{"self":[{"href":"https:\/\/agora.xtec.cat\/iesmallafre\/wp-json\/wp\/v2\/posts\/1181","targetHints":{"allow":["GET"]}}],"collection":[{"href":"https:\/\/agora.xtec.cat\/iesmallafre\/wp-json\/wp\/v2\/posts"}],"about":[{"href":"https:\/\/agora.xtec.cat\/iesmallafre\/wp-json\/wp\/v2\/types\/post"}],"author":[{"embeddable":true,"href":"https:\/\/agora.xtec.cat\/iesmallafre\/wp-json\/wp\/v2\/users\/6"}],"replies":[{"embeddable":true,"href":"https:\/\/agora.xtec.cat\/iesmallafre\/wp-json\/wp\/v2\/comments?post=1181"}],"version-history":[{"count":1,"href":"https:\/\/agora.xtec.cat\/iesmallafre\/wp-json\/wp\/v2\/posts\/1181\/revisions"}],"predecessor-version":[{"id":1185,"href":"https:\/\/agora.xtec.cat\/iesmallafre\/wp-json\/wp\/v2\/posts\/1181\/revisions\/1185"}],"wp:featuredmedia":[{"embeddable":true,"href":"https:\/\/agora.xtec.cat\/iesmallafre\/wp-json\/wp\/v2\/media\/1183"}],"wp:attachment":[{"href":"https:\/\/agora.xtec.cat\/iesmallafre\/wp-json\/wp\/v2\/media?parent=1181"}],"wp:term":[{"taxonomy":"category","embeddable":true,"href":"https:\/\/agora.xtec.cat\/iesmallafre\/wp-json\/wp\/v2\/categories?post=1181"},{"taxonomy":"post_tag","embeddable":true,"href":"https:\/\/agora.xtec.cat\/iesmallafre\/wp-json\/wp\/v2\/tags?post=1181"}],"curies":[{"name":"wp","href":"https:\/\/api.w.org\/{rel}","templated":true}]}}