{"id":1157,"date":"2018-01-10T21:24:09","date_gmt":"2018-01-10T20:24:09","guid":{"rendered":"http:\/\/agora.xtec.cat\/iesmallafre\/?p=1157"},"modified":"2018-01-10T21:24:21","modified_gmt":"2018-01-10T20:24:21","slug":"menjant-llibres-per-esmorzar","status":"publish","type":"post","link":"https:\/\/agora.xtec.cat\/iesmallafre\/general\/menjant-llibres-per-esmorzar\/","title":{"rendered":"MENJANT LLIBRES PER ESMORZAR!!"},"content":{"rendered":"<p>Arrenca el <strong>PREMI MENJALLIBRES<\/strong>, un projecte compartit per la Regidoria d\u2019Educaci\u00f3 (a trav\u00e9s de l\u2019Institut Municipal d\u2019Educaci\u00f3 i Treball \u2013 IMET) i de la Regidoria de Cultura (a trav\u00e9s de la Xarxa Municipal de Biblioteques &#8211; XBMVNG), que es porta a terme enguany per primer cop.<\/p>\n<p>El projecte neix amb la intenci\u00f3 de promoure la lectura i els h\u00e0bits lectors,\u00a0 d\u2019una manera l\u00fadica i participativa\u00a0 i est\u00e0 adre\u00e7at als alumnes de 1r i 2n d\u2019 ESO. Es tracta d\u2019una acci\u00f3 de dinamitzaci\u00f3 lectora volunt\u00e0ria que implicar\u00e0 la lectura de tres llibres, la posada en com\u00fa amb els autors, mitjan\u00e7ant trobades amb els mateixos, i la valoraci\u00f3 de les tres obres per tal de triar una de guanyadora: la m\u00e9s votada.<\/p>\n<p>De moment est\u00e0 sent tot un \u00e8xit amb 37 alumnes que volunt\u00e0riament s\u00b4han inscrit.<\/p>\n<p>Paral\u00b7lelament al desenvolupament del Premi\u00a0 lector es far\u00e0 un <strong>Concurs de Booktrailers<\/strong> en el qual podran prendre part tots els estudiants que participen al Premi.<\/p>\n<p>Ja han arribat els primers llibres per llegir. Se\u00b4ls menjaran amb ganes?<\/p>\n<p><a href=\"http:\/\/agora.xtec.cat\/iesmallafre\/wp-content\/uploads\/usu105\/2018\/01\/IMG-20171224-WA0000.jpg\"><img loading=\"lazy\" decoding=\"async\" class=\"aligncenter size-medium wp-image-1158\" src=\"http:\/\/agora.xtec.cat\/iesmallafre\/wp-content\/uploads\/usu105\/2018\/01\/IMG-20171224-WA0000-300x225.jpg\" alt=\"\" width=\"300\" height=\"225\" srcset=\"https:\/\/agora.xtec.cat\/iesmallafre\/wp-content\/uploads\/usu105\/2018\/01\/IMG-20171224-WA0000-300x225.jpg 300w, https:\/\/agora.xtec.cat\/iesmallafre\/wp-content\/uploads\/usu105\/2018\/01\/IMG-20171224-WA0000-768x576.jpg 768w, https:\/\/agora.xtec.cat\/iesmallafre\/wp-content\/uploads\/usu105\/2018\/01\/IMG-20171224-WA0000-1024x768.jpg 1024w, https:\/\/agora.xtec.cat\/iesmallafre\/wp-content\/uploads\/usu105\/2018\/01\/IMG-20171224-WA0000-200x150.jpg 200w, https:\/\/agora.xtec.cat\/iesmallafre\/wp-content\/uploads\/usu105\/2018\/01\/IMG-20171224-WA0000.jpg 1600w\" sizes=\"auto, (max-width: 300px) 100vw, 300px\" \/><\/a> <a href=\"http:\/\/agora.xtec.cat\/iesmallafre\/wp-content\/uploads\/usu105\/2018\/01\/IMG-20171224-WA0001.jpg\"><img loading=\"lazy\" decoding=\"async\" class=\"aligncenter size-medium wp-image-1159\" src=\"http:\/\/agora.xtec.cat\/iesmallafre\/wp-content\/uploads\/usu105\/2018\/01\/IMG-20171224-WA0001-300x225.jpg\" alt=\"\" width=\"300\" height=\"225\" srcset=\"https:\/\/agora.xtec.cat\/iesmallafre\/wp-content\/uploads\/usu105\/2018\/01\/IMG-20171224-WA0001-300x225.jpg 300w, https:\/\/agora.xtec.cat\/iesmallafre\/wp-content\/uploads\/usu105\/2018\/01\/IMG-20171224-WA0001-768x576.jpg 768w, https:\/\/agora.xtec.cat\/iesmallafre\/wp-content\/uploads\/usu105\/2018\/01\/IMG-20171224-WA0001-1024x768.jpg 1024w, https:\/\/agora.xtec.cat\/iesmallafre\/wp-content\/uploads\/usu105\/2018\/01\/IMG-20171224-WA0001-200x150.jpg 200w, https:\/\/agora.xtec.cat\/iesmallafre\/wp-content\/uploads\/usu105\/2018\/01\/IMG-20171224-WA0001.jpg 1600w\" sizes=\"auto, (max-width: 300px) 100vw, 300px\" \/><\/a> <a href=\"http:\/\/agora.xtec.cat\/iesmallafre\/wp-content\/uploads\/usu105\/2018\/01\/IMG-20171224-WA0002.jpg\"><img loading=\"lazy\" decoding=\"async\" class=\"aligncenter size-medium wp-image-1160\" src=\"http:\/\/agora.xtec.cat\/iesmallafre\/wp-content\/uploads\/usu105\/2018\/01\/IMG-20171224-WA0002-300x225.jpg\" alt=\"\" width=\"300\" height=\"225\" srcset=\"https:\/\/agora.xtec.cat\/iesmallafre\/wp-content\/uploads\/usu105\/2018\/01\/IMG-20171224-WA0002-300x225.jpg 300w, https:\/\/agora.xtec.cat\/iesmallafre\/wp-content\/uploads\/usu105\/2018\/01\/IMG-20171224-WA0002-768x576.jpg 768w, https:\/\/agora.xtec.cat\/iesmallafre\/wp-content\/uploads\/usu105\/2018\/01\/IMG-20171224-WA0002-1024x768.jpg 1024w, https:\/\/agora.xtec.cat\/iesmallafre\/wp-content\/uploads\/usu105\/2018\/01\/IMG-20171224-WA0002-200x150.jpg 200w, https:\/\/agora.xtec.cat\/iesmallafre\/wp-content\/uploads\/usu105\/2018\/01\/IMG-20171224-WA0002.jpg 1600w\" sizes=\"auto, (max-width: 300px) 100vw, 300px\" \/><\/a> <a href=\"http:\/\/agora.xtec.cat\/iesmallafre\/wp-content\/uploads\/usu105\/2018\/01\/IMG-20171224-WA0003.jpg\"><img loading=\"lazy\" decoding=\"async\" class=\"aligncenter size-medium wp-image-1161\" src=\"http:\/\/agora.xtec.cat\/iesmallafre\/wp-content\/uploads\/usu105\/2018\/01\/IMG-20171224-WA0003-300x225.jpg\" alt=\"\" width=\"300\" height=\"225\" srcset=\"https:\/\/agora.xtec.cat\/iesmallafre\/wp-content\/uploads\/usu105\/2018\/01\/IMG-20171224-WA0003-300x225.jpg 300w, https:\/\/agora.xtec.cat\/iesmallafre\/wp-content\/uploads\/usu105\/2018\/01\/IMG-20171224-WA0003-768x576.jpg 768w, https:\/\/agora.xtec.cat\/iesmallafre\/wp-content\/uploads\/usu105\/2018\/01\/IMG-20171224-WA0003-1024x768.jpg 1024w, https:\/\/agora.xtec.cat\/iesmallafre\/wp-content\/uploads\/usu105\/2018\/01\/IMG-20171224-WA0003-200x150.jpg 200w, https:\/\/agora.xtec.cat\/iesmallafre\/wp-content\/uploads\/usu105\/2018\/01\/IMG-20171224-WA0003.jpg 1600w\" sizes=\"auto, (max-width: 300px) 100vw, 300px\" \/><\/a><\/p>\n","protected":false},"excerpt":{"rendered":"<p>Arrenca el PREMI MENJALLIBRES, un projecte compartit per la Regidoria d\u2019Educaci\u00f3 (a trav\u00e9s de l\u2019Institut Municipal d\u2019Educaci\u00f3 i Treball \u2013 IMET) i de la Regidoria de Cultura (a trav\u00e9s de la Xarxa Municipal de Biblioteques &#8211; XBMVNG), que es porta a terme enguany per primer&hellip;  <a href=\"https:\/\/agora.xtec.cat\/iesmallafre\/general\/menjant-llibres-per-esmorzar\/\" title=\"Read MENJANT LLIBRES PER ESMORZAR!!\">Llegeix m\u00e9s\u00bb<\/a><\/p>\n","protected":false},"author":6,"featured_media":1158,"comment_status":"closed","ping_status":"closed","sticky":false,"template":"","format":"standard","meta":{"_bbp_topic_count":0,"_bbp_reply_count":0,"_bbp_total_topic_count":0,"_bbp_total_reply_count":0,"_bbp_voice_count":0,"_bbp_anonymous_reply_count":0,"_bbp_topic_count_hidden":0,"_bbp_reply_count_hidden":0,"_bbp_forum_subforum_count":0,"footnotes":""},"categories":[31,4,5,1,29],"tags":[122,107,197],"class_list":["post-1157","post","type-post","status-publish","format-standard","has-post-thumbnail","hentry","category-ampa","category-eso-1","category-eso-2","category-general","category-portada","tag-1reso","tag-2neso","tag-menjallibres"],"post_mailing_queue_ids":[],"_links":{"self":[{"href":"https:\/\/agora.xtec.cat\/iesmallafre\/wp-json\/wp\/v2\/posts\/1157","targetHints":{"allow":["GET"]}}],"collection":[{"href":"https:\/\/agora.xtec.cat\/iesmallafre\/wp-json\/wp\/v2\/posts"}],"about":[{"href":"https:\/\/agora.xtec.cat\/iesmallafre\/wp-json\/wp\/v2\/types\/post"}],"author":[{"embeddable":true,"href":"https:\/\/agora.xtec.cat\/iesmallafre\/wp-json\/wp\/v2\/users\/6"}],"replies":[{"embeddable":true,"href":"https:\/\/agora.xtec.cat\/iesmallafre\/wp-json\/wp\/v2\/comments?post=1157"}],"version-history":[{"count":2,"href":"https:\/\/agora.xtec.cat\/iesmallafre\/wp-json\/wp\/v2\/posts\/1157\/revisions"}],"predecessor-version":[{"id":1163,"href":"https:\/\/agora.xtec.cat\/iesmallafre\/wp-json\/wp\/v2\/posts\/1157\/revisions\/1163"}],"wp:featuredmedia":[{"embeddable":true,"href":"https:\/\/agora.xtec.cat\/iesmallafre\/wp-json\/wp\/v2\/media\/1158"}],"wp:attachment":[{"href":"https:\/\/agora.xtec.cat\/iesmallafre\/wp-json\/wp\/v2\/media?parent=1157"}],"wp:term":[{"taxonomy":"category","embeddable":true,"href":"https:\/\/agora.xtec.cat\/iesmallafre\/wp-json\/wp\/v2\/categories?post=1157"},{"taxonomy":"post_tag","embeddable":true,"href":"https:\/\/agora.xtec.cat\/iesmallafre\/wp-json\/wp\/v2\/tags?post=1157"}],"curies":[{"name":"wp","href":"https:\/\/api.w.org\/{rel}","templated":true}]}}