{"id":311,"count":1,"description":"<span id=\"m_1654631101250178593gmail-docs-internal-guid-1216738b-7fff-a7cf-42aa-e7377ff47c1d\"> L\u2019Institut Dolors Mallafr\u00e8 i Ros va rebre l\u2019any 2021 part del fons de l\u2019artista Armand Cardona Torrandell, el qual es trobava custodiat pel Museu V\u00edctor Balaguer i a les reserves del Museu Can Papiol. <\/span>\r\n\r\n<span id=\"m_1654631101250178593gmail-docs-internal-guid-1216738b-7fff-a7cf-42aa-e7377ff47c1d\">El trasp\u00e0s d\u2019aquest fons i la cessi\u00f3 al centre va ser dut a terme pel seu nebot, \u00c0lex Cardona, al departament d\u2019Arts Pl\u00e0stiques del nostre institut. Aquesta cessi\u00f3 consta de diverses obres sobre tela, fusta, paper o cartolina. I es presenta\u00a0 en diferents formats i t\u00e8cniques\u00a0 emprades per\u00a0 l\u2019artista durant la seva traject\u00f2ria. <\/span>\r\n\r\n<span id=\"m_1654631101250178593gmail-docs-internal-guid-1216738b-7fff-a7cf-42aa-e7377ff47c1d\">L'objectiu \u00e9s poder gaudir d\u2019aquestes peces art\u00edstiques des del vessant pedag\u00f2gic, i treballar en aquestes dues l\u00ednies:\u00a0donar a con\u00e8ixer l\u2019obra de l\u2019artista a l\u2019alumnat del centre escolar i poder intervenir sobre l\u2019obra rebuda (sempre amb criteris de preservaci\u00f3\u00a0 de l\u2019original).<\/span>\r\n\r\n[caption id=\"attachment_25200\" align=\"aligncenter\" width=\"375\"]<a href=\"https:\/\/agora.xtec.cat\/iesmallafre\/wp-content\/uploads\/usu105\/2025\/05\/ArmandCardona.jpg\"><img class=\" wp-image-25200\" src=\"https:\/\/agora.xtec.cat\/iesmallafre\/wp-content\/uploads\/usu105\/2025\/05\/ArmandCardona.jpg\" alt=\"\" width=\"375\" height=\"479\" \/><\/a> Armand Cardona Torrandell. Pintor.[\/caption]","link":"https:\/\/agora.xtec.cat\/iesmallafre\/categoria\/fons-cardona\/","name":"Fons Armand Cardona","slug":"fons-cardona","taxonomy":"category","parent":0,"meta":[],"_links":{"self":[{"href":"https:\/\/agora.xtec.cat\/iesmallafre\/wp-json\/wp\/v2\/categories\/311","targetHints":{"allow":["GET"]}}],"collection":[{"href":"https:\/\/agora.xtec.cat\/iesmallafre\/wp-json\/wp\/v2\/categories"}],"about":[{"href":"https:\/\/agora.xtec.cat\/iesmallafre\/wp-json\/wp\/v2\/taxonomies\/category"}],"wp:post_type":[{"href":"https:\/\/agora.xtec.cat\/iesmallafre\/wp-json\/wp\/v2\/posts?categories=311"}],"curies":[{"name":"wp","href":"https:\/\/api.w.org\/{rel}","templated":true}]}}