{"id":310,"count":2,"description":"A la mat\u00e8ria de Projectes Art\u00edstics de 1r de Batxillerat, l\u2019alumnat desenvolupa quatre projectes simult\u00e0niament. En aquest espai us presentem MATAMALA, un grup dedicat a la comunicaci\u00f3 i difusi\u00f3 de not\u00edcies i manifestacions art\u00edstiques, tant dins com fora del nostre institut.\r\n\r\nEl Grup MATAMALA de Comunicaci\u00f3 est\u00e0 format per estudiants que treballem per apropar l\u2019art a tothom a trav\u00e9s de les xarxes socials. Compartim informaci\u00f3 sobre esdeveniments, exposicions, obres i iniciatives art\u00edstiques d\u2019inter\u00e8s.\r\n\r\nSi voleu seguir els nostres treballs i estar al dia de les nostres publicacions, podeu contactar-nos i seguir-nos a les nostres plataformes. Esperem que us agradi el nostre projecte!\r\n\r\n@grupomatamala\r\n\r\n&nbsp;\r\n\r\n<a href=\"https:\/\/agora.xtec.cat\/iesmallafre\/wp-content\/uploads\/usu105\/2025\/03\/presentacion_projecte_matamala1.jpg\"><img class=\"alignnone wp-image-25070\" src=\"https:\/\/agora.xtec.cat\/iesmallafre\/wp-content\/uploads\/usu105\/2025\/03\/presentacion_projecte_matamala1.jpg\" alt=\"\" width=\"297\" height=\"297\" \/><\/a><a href=\"https:\/\/agora.xtec.cat\/iesmallafre\/wp-content\/uploads\/usu105\/2025\/03\/presentacion_projecte_matamala2.jpg\"><img class=\"alignnone wp-image-25071\" src=\"https:\/\/agora.xtec.cat\/iesmallafre\/wp-content\/uploads\/usu105\/2025\/03\/presentacion_projecte_matamala2.jpg\" alt=\"\" width=\"297\" height=\"297\" \/><\/a>\r\n\r\n&nbsp;\r\n\r\n<a href=\"https:\/\/agora.xtec.cat\/iesmallafre\/wp-content\/uploads\/usu105\/2025\/03\/presentacion_projecte_matamala3.jpg\"><img class=\"alignnone wp-image-25074\" src=\"https:\/\/agora.xtec.cat\/iesmallafre\/wp-content\/uploads\/usu105\/2025\/03\/presentacion_projecte_matamala3.jpg\" alt=\"\" width=\"299\" height=\"299\" \/><\/a><a href=\"https:\/\/agora.xtec.cat\/iesmallafre\/wp-content\/uploads\/usu105\/2025\/03\/presentacion_projecte_matamala4.jpg\"><img class=\"alignnone wp-image-25075\" src=\"https:\/\/agora.xtec.cat\/iesmallafre\/wp-content\/uploads\/usu105\/2025\/03\/presentacion_projecte_matamala4.jpg\" alt=\"\" width=\"299\" height=\"299\" \/><\/a>\r\n\r\n<a href=\"https:\/\/agora.xtec.cat\/iesmallafre\/wp-content\/uploads\/usu105\/2025\/03\/presentacion_projecte_matamala5.jpg\"><img class=\"wp-image-25076 aligncenter\" src=\"https:\/\/agora.xtec.cat\/iesmallafre\/wp-content\/uploads\/usu105\/2025\/03\/presentacion_projecte_matamala5.jpg\" alt=\"\" width=\"451\" height=\"451\" \/><\/a>\r\n\r\nhttps:\/\/youtu.be\/A2Za8zzFJ9w\r\n\r\n<strong>ARTICLES I NOT\u00cdCIES RELACIONADES<\/strong>","link":"https:\/\/agora.xtec.cat\/iesmallafre\/categoria\/projectes-artistics\/","name":"Projectes Art\u00edstics","slug":"projectes-artistics","taxonomy":"category","parent":0,"meta":[],"_links":{"self":[{"href":"https:\/\/agora.xtec.cat\/iesmallafre\/wp-json\/wp\/v2\/categories\/310","targetHints":{"allow":["GET"]}}],"collection":[{"href":"https:\/\/agora.xtec.cat\/iesmallafre\/wp-json\/wp\/v2\/categories"}],"about":[{"href":"https:\/\/agora.xtec.cat\/iesmallafre\/wp-json\/wp\/v2\/taxonomies\/category"}],"wp:post_type":[{"href":"https:\/\/agora.xtec.cat\/iesmallafre\/wp-json\/wp\/v2\/posts?categories=310"}],"curies":[{"name":"wp","href":"https:\/\/api.w.org\/{rel}","templated":true}]}}