{"id":308,"count":1,"description":"A partir del curs 2023-24, l\u2019Institut Dolors Mallafr\u00e8 i Ros \u00e9s un Espai Lliure de\r\nM\u00f2bils.\r\nActualment, pr\u00e0cticament el 100% del nostre alumnat disposa de tel\u00e8fon m\u00f2bil, el qual\r\nesdev\u00e9 per a ells una eina amb la qual juguen, se socialitzen i es comuniquen. La utilitzaci\u00f3\r\npedag\u00f2gica del m\u00f2bil com a eina de treball i consulta pot ser \u00fatil i adequada en moments\r\npuntuals i sempre seguint les indicacions i supervisi\u00f3 del professorat. Per\u00f2 l\u2019\u00fas no regulat\r\ndel tel\u00e8fon m\u00f2bil comporta una s\u00e8rie d\u2019inconvenients als centres educatius:\r\nA les hores lliures (pati, canvis de classe...) el m\u00f2bil suposa una p\u00e8rdua de sociabilitat entre\r\nl'alumnat, i aquest \u00e9s un valor que volem potenciar al nostre centre.\r\nEst\u00e0 demostrat que la utilitzaci\u00f3 dels m\u00f2bils als centres educatius impacta en la p\u00e8rdua de\r\nconcentraci\u00f3, la depend\u00e8ncia de l\u2019alumnat cap a aquests dispositius, fa que baixi el seu\r\nrendiment. L\u2019\u00fas inadequat del m\u00f2bil, sobretot de les xarxes socials, \u00e9s font de bona part dels conflictes dins i fora dels centres.\r\n\r\nCal tenir present que el Departament d\u2019Educaci\u00f3 est\u00e0 proveint a tot l\u2019alumnat d\u2019ordinadors\r\nport\u00e0tils que es connecten a internet a trav\u00e9s de les xarxes wifi del centre, per tant, l\u2019\u00fas\r\npedag\u00f2gic del m\u00f2bil quedar\u00e0 restringit a alguna activitat molt concreta, de la qual\r\ns\u2019informar\u00e0 amb la suficient antelaci\u00f3.\r\nEn cas de necessitat, des del tel\u00e8fon del centre es poden fer i rebre trucades externes, per\r\nla qual cosa no cal utilitzar els m\u00f2bils. \u00c9s per tot aix\u00f2 que hem actualitzat la normativa\r\nrespecte a l'\u00fas del m\u00f2bil a l'institut.","link":"https:\/\/agora.xtec.cat\/iesmallafre\/categoria\/espai-lliure-de-mobils\/","name":"Espai Lliure de M\u00f2bils","slug":"espai-lliure-de-mobils","taxonomy":"category","parent":0,"meta":[],"_links":{"self":[{"href":"https:\/\/agora.xtec.cat\/iesmallafre\/wp-json\/wp\/v2\/categories\/308","targetHints":{"allow":["GET"]}}],"collection":[{"href":"https:\/\/agora.xtec.cat\/iesmallafre\/wp-json\/wp\/v2\/categories"}],"about":[{"href":"https:\/\/agora.xtec.cat\/iesmallafre\/wp-json\/wp\/v2\/taxonomies\/category"}],"wp:post_type":[{"href":"https:\/\/agora.xtec.cat\/iesmallafre\/wp-json\/wp\/v2\/posts?categories=308"}],"curies":[{"name":"wp","href":"https:\/\/api.w.org\/{rel}","templated":true}]}}