{"id":306,"count":15,"description":"<b>L'escola Verda<\/b> \u00e9s un programa pensat per facilitar la implicaci\u00f3 dels centres educatius en l\u2019ambici\u00f3s projecte planetari d\u2019imaginar i construir un m\u00f3n millor i m\u00e9s sostenible, comen\u00e7ant per la intervenci\u00f3 en l\u2019entorn m\u00e9s immediat.\r\n\r\nVol:\r\n<ul>\r\n \t<li><b>Promoure<\/b> les bones pr\u00e0ctiques ambientals als centres, aix\u00ed com d\u2019activitats i iniciatives relacionades amb el tema.<\/li>\r\n \t<li><b> Proporcionar<\/b> la informaci\u00f3 adequada sobre els diferents conceptes relacionats amb el medi ambient (aigua, residus, energia \u2026 etc.) mitjan\u00e7ant\u00a0de tallers did\u00e0ctics amb continguts clars i senzills.<\/li>\r\n \t<li><b>Conscienciar <\/b>petits i joves dels efectes de l\u2019activitat humana sobre el medi i de la import\u00e0ncia d\u2019establir pr\u00e0ctiques sostenibles amb l\u2019entorn.<\/li>\r\n \t<li><b>Fomentar <\/b>la participaci\u00f3 d\u2019 infants i joves en la preservaci\u00f3 del medi ambient, no nom\u00e9s a l\u2019escola, sin\u00f3 a casa, servint com a vector transmissor del missatge a la resta de la fam\u00edlies.<\/li>\r\n<\/ul>\r\n<a href=\"https:\/\/agora.xtec.cat\/iesmallafre\/wp-content\/uploads\/usu105\/2026\/03\/IG.jpg\"><img class=\"wp-image-26084 alignleft\" src=\"https:\/\/agora.xtec.cat\/iesmallafre\/wp-content\/uploads\/usu105\/2026\/03\/IG.jpg\" alt=\"\" width=\"98\" height=\"98\" \/><\/a>\r\n\r\n&nbsp;\r\n\r\n<a href=\"https:\/\/www.instagram.com\/eco_mallafre?igsh=MXcybzlnZmVxazE5\" target=\"_blank\" rel=\"noopener\"><strong>INSTAGRAM ECODELEGATS<\/strong><\/a>\r\n\r\n&nbsp;\r\n\r\n<strong>ARTICLES I NOT\u00cdCIES RELACIONADES\r\n<\/strong>","link":"https:\/\/agora.xtec.cat\/iesmallafre\/categoria\/escola-verda\/","name":"Escola Verda","slug":"escola-verda","taxonomy":"category","parent":0,"meta":[],"_links":{"self":[{"href":"https:\/\/agora.xtec.cat\/iesmallafre\/wp-json\/wp\/v2\/categories\/306","targetHints":{"allow":["GET"]}}],"collection":[{"href":"https:\/\/agora.xtec.cat\/iesmallafre\/wp-json\/wp\/v2\/categories"}],"about":[{"href":"https:\/\/agora.xtec.cat\/iesmallafre\/wp-json\/wp\/v2\/taxonomies\/category"}],"wp:post_type":[{"href":"https:\/\/agora.xtec.cat\/iesmallafre\/wp-json\/wp\/v2\/posts?categories=306"}],"curies":[{"name":"wp","href":"https:\/\/api.w.org\/{rel}","templated":true}]}}