{"id":271,"count":6,"description":"<p style=\"font-weight: 400;\">A Cultura Audiovisual, al primer nivell d'aprenentatge, pr\u00e0ctica i assoliment d'aquesta especialitat, es treballa amb la imatge fotogr\u00e0fica fixa. No parlem d'il\u00b7lustraci\u00f3, si no d'imatges que les fem nostres quan premem el bot\u00f3 de la c\u00e0mera fotogr\u00e0fica (o de la c\u00e0mera del m\u00f2bil).<\/p>\r\n<p style=\"font-weight: 400;\">En aquesta mat\u00e8ria llegim, comprenem, aprenem a \"parlar\" sense l'\u00fas de la paraula, nom\u00e9s amb imatges fixes i, amb aquestes, ens comuniquem i relatem part de les nostres maneres de veure i de viure.\r\nAprofitem per aprendre a utilitzar programes d'edici\u00f3 d'imatges per fer retocs fotogr\u00e0fics.<\/p>\r\n<p style=\"font-weight: 400;\">Aprenem dels i les fot\u00f2grafes pioneres a la hist\u00f2ria de la fotografia.<\/p>\r\n<p style=\"font-weight: 400;\">En aquestes presentacions, parlem de la narraci\u00f3 a trav\u00e9s d'imatges com a element principal, dels fotoreportatges. Relatem petites hist\u00f2ries fent servir diferents tipus de plans fotogr\u00e0fics (atenint-nos al seu significat), ja que, cada un d'ells ens donar\u00e0 un impuls emocional o descriptiu. Tenim en compte la il\u00b7luminaci\u00f3\u00a0tan\u00a0important per transmetre sensacions i la m\u00fasica escollida i que ha de tenir relaci\u00f3 amb el tema principal.<\/p>\r\n<p style=\"font-weight: 400;\">A primer nivell, no parlem de v\u00eddeos ni cinema.<\/p>","link":"https:\/\/agora.xtec.cat\/iesmallafre\/categoria\/cultura-audiovisulaal\/","name":"Blog de Cultura Audiovisual","slug":"cultura-audiovisulaal","taxonomy":"category","parent":0,"meta":[],"_links":{"self":[{"href":"https:\/\/agora.xtec.cat\/iesmallafre\/wp-json\/wp\/v2\/categories\/271","targetHints":{"allow":["GET"]}}],"collection":[{"href":"https:\/\/agora.xtec.cat\/iesmallafre\/wp-json\/wp\/v2\/categories"}],"about":[{"href":"https:\/\/agora.xtec.cat\/iesmallafre\/wp-json\/wp\/v2\/taxonomies\/category"}],"wp:post_type":[{"href":"https:\/\/agora.xtec.cat\/iesmallafre\/wp-json\/wp\/v2\/posts?categories=271"}],"curies":[{"name":"wp","href":"https:\/\/api.w.org\/{rel}","templated":true}]}}