{"id":15115,"date":"2026-09-04T15:21:04","date_gmt":"2026-09-04T13:21:04","guid":{"rendered":"https:\/\/agora.xtec.cat\/ieslluchirafecas\/?p=15115"},"modified":"2026-09-04T15:21:04","modified_gmt":"2026-09-04T13:21:04","slug":"proces-dadjudicacio-de-places-vacants-als-estudis-de-formacio-professional","status":"publish","type":"post","link":"https:\/\/agora.xtec.cat\/ieslluchirafecas\/portada\/proces-dadjudicacio-de-places-vacants-als-estudis-de-formacio-professional\/","title":{"rendered":"Proc\u00e9s d\u2019adjudicaci\u00f3 de places vacants als estudis de Formaci\u00f3 Professional"},"content":{"rendered":"<div style=\"max-width: 850px; margin: 0 auto; font-family: 'Segoe UI', Roboto, Arial, sans-serif; color: #1e293b; line-height: 1.6;\">\n<p>    <!-- Cap\u00e7alera --><\/p>\n<div style=\"background: linear-gradient(135deg, #0f172a, #1e3a8a); color: #ffffff; padding: 30px; border-radius: 12px; text-align: center; margin-bottom: 25px;\">\n<h2 style=\"margin: 0 0 10px 0; color: #ffffff !important; font-size: 1.8em; font-weight: 700;\">\n            \ud83d\udce2 Proc\u00e9s d\u2019Adjudicaci\u00f3 de Places Vacants<br \/>\n        <\/h2>\n<p style=\"margin: 0; font-size: 1.1em; color: #cbd5e1 !important;\">\n            Formaci\u00f3 Professional (CFGM i CFGS)\n        <\/p>\n<\/p><\/div>\n<p>    <!-- Introducci\u00f3 \/ Av\u00eds --><\/p>\n<div style=\"background-color: #f1f5f9; border-left: 5px solid #2563eb; padding: 15px 20px; border-radius: 4px; margin-bottom: 30px;\">\n<p style=\"margin: 0; font-size: 0.95em;\">\n            <strong>Informaci\u00f3 important:<\/strong> Dirigit a tot l\u2019alumnat interessat a optar a una pla\u00e7a vacant als cicles formatius de Grau Mitj\u00e0 i Grau Superior per al proper curs.\n        <\/p>\n<\/p><\/div>\n<p>    <!-- Pas 1: Cua Virtual --><\/p>\n<div style=\"border: 1px solid #e2e8f0; border-radius: 10px; padding: 25px; margin-bottom: 35px; background-color: #ffffff; box-shadow: 0 2px 4px rgba(0,0,0,0.02);\">\n<h3 style=\"margin-top: 0; color: #1e3a8a; font-size: 1.3em;\">\n            \ud83d\uddd3\ufe0f Pas 1: Sol\u00b7licitud en l\u00ednia (7 de setembre)<br \/>\n        <\/h3>\n<p>\n            Les persones interessades en alguna de les places vacants al nostre centre s\u2019han d\u2019inscriure a la <strong>cua virtual centralitzada<\/strong> de la Direcci\u00f3 General de FP.\n        <\/p>\n<p>\n            <strong>\u23f1\ufe0f Horari d&#8217;activaci\u00f3:<\/strong> La inscripci\u00f3 s&#8217;activar\u00e0 el dia <strong>7 de setembre de 2026<\/strong>, entre les <strong>09:00 h i les 23:59 h<\/strong>.\n        <\/p>\n<div style=\"text-align: center; margin-top: 20px;\">\n            <a href=\"https:\/\/aplicacions.gestioeducativa.gencat.cat\/ords\/pls\/apex\/f?p=20160079072543618:650:::NO:650:P650_CENTRE:279FAC2BAF61F11518B1052414C302C0F2E7D9BE089ECDC9\" \n               target=\"_blank\" \n               style=\"display: inline-block; background-color: #2563eb; color: #ffffff !important; font-weight: bold; padding: 12px 24px; border-radius: 8px; text-decoration: none; box-shadow: 0 4px 6px rgba(37, 99, 235, 0.2);\"><br \/>\n                \ud83d\udd17 Acc\u00e9s a la Cua Virtual (Inscripci\u00f3)<br \/>\n            <\/a>\n        <\/div>\n<\/p><\/div>\n<p>    <!-- Oferta de Places --><\/p>\n<h3 style=\"color: #0f172a; font-size: 1.4em; border-bottom: 2px solid #e2e8f0; padding-bottom: 8px; margin-bottom: 20px;\">\n        \ud83d\udcca Oferta de Places Vacants<br \/>\n    <\/h3>\n<p>    <!-- Taula Grau Mitj\u00e0 --><\/p>\n<h4 style=\"color: #2563eb; margin-bottom: 10px;\">\ud83d\udd39 Cicles Formatius de Grau Mitj\u00e0 (CFGM)<\/h4>\n<table style=\"width: 100%; border-collapse: collapse; margin-bottom: 30px; font-size: 0.95em;\">\n<thead>\n<tr style=\"background-color: #1e293b; color: #ffffff;\">\n<th style=\"padding: 12px; text-align: left; border: 1px solid #1e293b;\">Cicle Formatiu<\/th>\n<th style=\"padding: 12px; text-align: center; border: 1px solid #1e293b; width: 120px;\">Places Vacants<\/th>\n<\/tr>\n<\/thead>\n<tbody>\n<tr style=\"background-color: #f8fafc;\">\n<td style=\"padding: 10px; border: 1px solid #e2e8f0;\">1r curs CFGM TM60 Manteniment d\u2019embarcacions d\u2019esbarjo<\/td>\n<td style=\"padding: 10px; text-align: center; border: 1px solid #e2e8f0; font-weight: bold;\">2<\/td>\n<\/tr>\n<tr>\n<td style=\"padding: 10px; border: 1px solid #e2e8f0;\">2n curs CFGM TM60 Manteniment d\u2019embarcacions d\u2019esbarjo<\/td>\n<td style=\"padding: 10px; text-align: center; border: 1px solid #e2e8f0; font-weight: bold;\">12<\/td>\n<\/tr>\n<tr style=\"background-color: #f8fafc;\">\n<td style=\"padding: 10px; border: 1px solid #e2e8f0;\">1r curs CFGM IM10 Manteniment electromec\u00e0nic<\/td>\n<td style=\"padding: 10px; text-align: center; border: 1px solid #e2e8f0; font-weight: bold;\">1<\/td>\n<\/tr>\n<tr>\n<td style=\"padding: 10px; border: 1px solid #e2e8f0;\">2n curs CFGM IM10 Manteniment electromec\u00e0nic<\/td>\n<td style=\"padding: 10px; text-align: center; border: 1px solid #e2e8f0; font-weight: bold;\">11<\/td>\n<\/tr>\n<tr style=\"background-color: #f8fafc;\">\n<td style=\"padding: 10px; border: 1px solid #e2e8f0;\">1r curs CFGM EE10 Instal\u00b7lacions el\u00e8ctriques i autom\u00e0tiques<\/td>\n<td style=\"padding: 10px; text-align: center; border: 1px solid #e2e8f0; color: #94a3b8;\">0<\/td>\n<\/tr>\n<tr>\n<td style=\"padding: 10px; border: 1px solid #e2e8f0;\">2n curs CFGM EE10 Instal\u00b7lacions el\u00e8ctriques i autom\u00e0tiques<\/td>\n<td style=\"padding: 10px; text-align: center; border: 1px solid #e2e8f0; font-weight: bold;\">2<\/td>\n<\/tr>\n<tr style=\"background-color: #f8fafc;\">\n<td style=\"padding: 10px; border: 1px solid #e2e8f0;\">1r curs CFGM TM40 Manteniment de material rodant ferroviari (torn mat\u00ed)<\/td>\n<td style=\"padding: 10px; text-align: center; border: 1px solid #e2e8f0; font-weight: bold;\">1<\/td>\n<\/tr>\n<tr>\n<td style=\"padding: 10px; border: 1px solid #e2e8f0;\">2n curs CFGM TM40 Manteniment de material rodant ferroviari (torn mat\u00ed)<\/td>\n<td style=\"padding: 10px; text-align: center; border: 1px solid #e2e8f0; font-weight: bold;\">16<\/td>\n<\/tr>\n<tr style=\"background-color: #f8fafc;\">\n<td style=\"padding: 10px; border: 1px solid #e2e8f0;\">1r curs CFGM TM40 Manteniment de material rodant ferroviari (torn tarda)<\/td>\n<td style=\"padding: 10px; text-align: center; border: 1px solid #e2e8f0; color: #94a3b8;\">0<\/td>\n<\/tr>\n<tr>\n<td style=\"padding: 10px; border: 1px solid #e2e8f0;\">2n curs CFGM TM40 Manteniment de material rodant ferroviari (torn tarda)<\/td>\n<td style=\"padding: 10px; text-align: center; border: 1px solid #e2e8f0; font-weight: bold;\">11<\/td>\n<\/tr>\n<tr style=\"background-color: #f8fafc;\">\n<td style=\"padding: 10px; border: 1px solid #e2e8f0;\">1r curs CFGM SA20 Farm\u00e0cia i Parafarm\u00e0cia<\/td>\n<td style=\"padding: 10px; text-align: center; border: 1px solid #e2e8f0; font-weight: bold;\">1<\/td>\n<\/tr>\n<tr>\n<td style=\"padding: 10px; border: 1px solid #e2e8f0;\">2n curs CFGM SA20 Farm\u00e0cia i Parafarm\u00e0cia<\/td>\n<td style=\"padding: 10px; text-align: center; border: 1px solid #e2e8f0; font-weight: bold;\">2<\/td>\n<\/tr>\n<tr style=\"background-color: #f8fafc;\">\n<td style=\"padding: 10px; border: 1px solid #e2e8f0;\">1r curs CFGM CAI Cures Auxiliars d\u2019Infermeria (torn mat\u00ed)<\/td>\n<td style=\"padding: 10px; text-align: center; border: 1px solid #e2e8f0; color: #94a3b8;\">0<\/td>\n<\/tr>\n<tr>\n<td style=\"padding: 10px; border: 1px solid #e2e8f0;\">1r curs CFGM CAI Cures Auxiliars d\u2019Infermeria (torn tarda)<\/td>\n<td style=\"padding: 10px; text-align: center; border: 1px solid #e2e8f0; font-weight: bold;\">1<\/td>\n<\/tr>\n<\/tbody>\n<\/table>\n<p>    <!-- Taula Grau Superior --><\/p>\n<h4 style=\"color: #2563eb; margin-bottom: 10px;\">\ud83d\udd38 Cicles Formatius de Grau Superior (CFGS)<\/h4>\n<table style=\"width: 100%; border-collapse: collapse; margin-bottom: 35px; font-size: 0.95em;\">\n<thead>\n<tr style=\"background-color: #1e293b; color: #ffffff;\">\n<th style=\"padding: 12px; text-align: left; border: 1px solid #1e293b;\">Cicle Formatiu<\/th>\n<th style=\"padding: 12px; text-align: center; border: 1px solid #1e293b; width: 120px;\">Places Vacants<\/th>\n<\/tr>\n<\/thead>\n<tbody>\n<tr style=\"background-color: #f8fafc;\">\n<td style=\"padding: 10px; border: 1px solid #e2e8f0;\">1r curs CFGS EEBO Automatitzaci\u00f3 i Rob\u00f2tica industrial<\/td>\n<td style=\"padding: 10px; text-align: center; border: 1px solid #e2e8f0; font-weight: bold;\">7<\/td>\n<\/tr>\n<tr>\n<td style=\"padding: 10px; border: 1px solid #e2e8f0;\">2n curs CFGS EEBO Automatitzaci\u00f3 i Rob\u00f2tica industrial<\/td>\n<td style=\"padding: 10px; text-align: center; border: 1px solid #e2e8f0; font-weight: bold;\">10<\/td>\n<\/tr>\n<tr style=\"background-color: #f8fafc;\">\n<td style=\"padding: 10px; border: 1px solid #e2e8f0;\">1r curs CFGS IMCO Mecatr\u00f2nica industrial<\/td>\n<td style=\"padding: 10px; text-align: center; border: 1px solid #e2e8f0; color: #94a3b8;\">0<\/td>\n<\/tr>\n<tr>\n<td style=\"padding: 10px; border: 1px solid #e2e8f0;\">2n curs CFGS IMCO Mecatr\u00f2nica industrial<\/td>\n<td style=\"padding: 10px; text-align: center; border: 1px solid #e2e8f0; font-weight: bold;\">1<\/td>\n<\/tr>\n<tr style=\"background-color: #f8fafc;\">\n<td style=\"padding: 10px; border: 1px solid #e2e8f0;\">1r curs CFGS EEA1 Sistemes electrot\u00e8cnics automatitzats (\u00e0mbit vaixells)<\/td>\n<td style=\"padding: 10px; text-align: center; border: 1px solid #e2e8f0; font-weight: bold;\">7<\/td>\n<\/tr>\n<tr>\n<td style=\"padding: 10px; border: 1px solid #e2e8f0;\">2n curs CFGS EEA1 Sistemes electrot\u00e8cnics automatitzats (\u00e0mbit vaixells)<\/td>\n<td style=\"padding: 10px; text-align: center; border: 1px solid #e2e8f0; font-weight: bold;\">8<\/td>\n<\/tr>\n<\/tbody>\n<\/table>\n<p>    <!-- Pas 2: Atenci\u00f3 i Matr\u00edcula --><\/p>\n<div style=\"border: 1px solid #e2e8f0; border-radius: 10px; padding: 25px; background-color: #ffffff; box-shadow: 0 2px 4px rgba(0,0,0,0.02); margin-bottom: 25px;\">\n<h3 style=\"margin-top: 0; color: #1e3a8a; font-size: 1.3em;\">\n            \ud83c\udfdb\ufe0f Pas 2: Atenci\u00f3 i Gesti\u00f3 Presencial (del 8 al 10 de setembre)<br \/>\n        <\/h3>\n<div style=\"background-color: #fef2f2; border: 1px solid #fecaca; border-radius: 6px; padding: 15px; color: #991b1b; margin-bottom: 20px; font-size: 0.9em;\">\n            \u26a0\ufe0f <strong>IMPORTANT:<\/strong> La possibilitat d\u2019obtenir pla\u00e7a dependr\u00e0 tant de la posici\u00f3 a la cua com de les vacants disponibles (de les quals es compleixin els requisits d\u2019acc\u00e9s) en el moment exacte de l\u2019atenci\u00f3.\n        <\/div>\n<h4 style=\"color: #0f172a; margin-bottom: 10px;\">\u23f0 Horaris de citaci\u00f3 al centre (Dimarts, 08\/09):<\/h4>\n<ul style=\"list-style-type: none; padding-left: 0; margin-bottom: 25px;\">\n<li style=\"padding: 8px 12px; background-color: #f8fafc; border-left: 4px solid #2563eb; margin-bottom: 8px;\">\n                <strong>N\u00fameros 01 al 10:<\/strong> Presentar-se al centre a les <strong>8:00 h<\/strong>.\n            <\/li>\n<li style=\"padding: 8px 12px; background-color: #f8fafc; border-left: 4px solid #2563eb; margin-bottom: 8px;\">\n                <strong>N\u00fameros 11 al 20:<\/strong> Presentar-se al centre a les <strong>9:00 h<\/strong>.\n            <\/li>\n<li style=\"padding: 8px 12px; background-color: #f8fafc; border-left: 4px solid #2563eb;\">\n                <strong>N\u00fameros 21 al 30:<\/strong> Presentar-se al centre a les <strong>10:00 h<\/strong>.\n            <\/li>\n<\/ul>\n<h4 style=\"color: #0f172a; margin-bottom: 10px;\">\ud83d\udcde Gesti\u00f3 telef\u00f2nica (A partir del n\u00famero 31):<\/h4>\n<p style=\"margin: 0; font-size: 0.95em; color: #334155;\">\n            A partir de les <strong>11:00 h del dia 08\/09<\/strong>, en cas de quedar alguna vacant es contactar\u00e0 telef\u00f2nicament per ordre de llista a partir del <strong>n\u00famero 31<\/strong>.\n        <\/p>\n<p style=\"font-size: 0.9em; color: #d97706; margin-top: 8px; font-weight: 600;\">\n            \ud83d\udcf1 Cal que les persones interessades estiguin pendents del tel\u00e8fon; en cas de no contestar es trucar\u00e0 immediatament a la seg\u00fcent persona de la llista.\n        <\/p>\n<\/p><\/div>\n<\/div>\n","protected":false},"excerpt":{"rendered":"<p>            \ud83d\udce2 Proc\u00e9s d\u2019Adjudicaci\u00f3 de Places Vacants<\/p>\n<p>            Formaci\u00f3 Professional (CFGM i&hellip;  <a href=\"https:\/\/agora.xtec.cat\/ieslluchirafecas\/portada\/proces-dadjudicacio-de-places-vacants-als-estudis-de-formacio-professional\/\" title=\"Read Proc\u00e9s d\u2019adjudicaci\u00f3 de places vacants als estudis de Formaci\u00f3 Professional\">Llegeix m\u00e9s\u00bb<\/a><\/p>\n","protected":false},"author":24,"featured_media":0,"comment_status":"closed","ping_status":"closed","sticky":false,"template":"","format":"standard","meta":{"_bbp_topic_count":0,"_bbp_reply_count":0,"_bbp_total_topic_count":0,"_bbp_total_reply_count":0,"_bbp_voice_count":0,"_bbp_anonymous_reply_count":0,"_bbp_topic_count_hidden":0,"_bbp_reply_count_hidden":0,"_bbp_forum_subforum_count":0,"footnotes":""},"categories":[30,29],"tags":[],"class_list":["post-15115","post","type-post","status-publish","format-standard","hentry","category-cicles-formatius","category-portada"],"post_mailing_queue_ids":[],"_links":{"self":[{"href":"https:\/\/agora.xtec.cat\/ieslluchirafecas\/wp-json\/wp\/v2\/posts\/15115","targetHints":{"allow":["GET"]}}],"collection":[{"href":"https:\/\/agora.xtec.cat\/ieslluchirafecas\/wp-json\/wp\/v2\/posts"}],"about":[{"href":"https:\/\/agora.xtec.cat\/ieslluchirafecas\/wp-json\/wp\/v2\/types\/post"}],"author":[{"embeddable":true,"href":"https:\/\/agora.xtec.cat\/ieslluchirafecas\/wp-json\/wp\/v2\/users\/24"}],"replies":[{"embeddable":true,"href":"https:\/\/agora.xtec.cat\/ieslluchirafecas\/wp-json\/wp\/v2\/comments?post=15115"}],"version-history":[{"count":1,"href":"https:\/\/agora.xtec.cat\/ieslluchirafecas\/wp-json\/wp\/v2\/posts\/15115\/revisions"}],"predecessor-version":[{"id":15116,"href":"https:\/\/agora.xtec.cat\/ieslluchirafecas\/wp-json\/wp\/v2\/posts\/15115\/revisions\/15116"}],"wp:attachment":[{"href":"https:\/\/agora.xtec.cat\/ieslluchirafecas\/wp-json\/wp\/v2\/media?parent=15115"}],"wp:term":[{"taxonomy":"category","embeddable":true,"href":"https:\/\/agora.xtec.cat\/ieslluchirafecas\/wp-json\/wp\/v2\/categories?post=15115"},{"taxonomy":"post_tag","embeddable":true,"href":"https:\/\/agora.xtec.cat\/ieslluchirafecas\/wp-json\/wp\/v2\/tags?post=15115"}],"curies":[{"name":"wp","href":"https:\/\/api.w.org\/{rel}","templated":true}]}}