{"id":23666,"date":"2026-09-01T14:41:48","date_gmt":"2026-09-01T12:41:48","guid":{"rendered":"https:\/\/agora.xtec.cat\/iesllica\/?p=23666"},"modified":"2026-09-01T14:44:17","modified_gmt":"2026-09-01T12:44:17","slug":"llista-despera-per-a-vacants-de-formacio-professional","status":"publish","type":"post","link":"https:\/\/agora.xtec.cat\/iesllica\/portada\/llista-despera-per-a-vacants-de-formacio-professional\/","title":{"rendered":"Llista d\u2019espera per a vacants de Formaci\u00f3 Professional"},"content":{"rendered":"\n<p class=\"isSelectedEnd\">El Departament d\u2019Educaci\u00f3 i Formaci\u00f3 Professional ha establert un nou procediment per gestionar les <strong>llistes d\u2019espera de les places vacants dels cicles formatius<\/strong>.<\/p>\n<p class=\"isSelectedEnd\">Un cop finalitzat el per\u00edode de matr\u00edcula, el <strong>7 de setembre<\/strong> es publicaran al web de preinscripci\u00f3 del Departament les places vacants disponibles als diferents cicles formatius.<\/p>\n<p class=\"isSelectedEnd\">Les persones interessades a optar a una pla\u00e7a vacant a l\u2019<strong>Institut de Lli\u00e7\u00e0<\/strong> hauran d\u2019inscriure\u2019s a la <strong>llista d\u2019espera del centre<\/strong> mitjan\u00e7ant l\u2019enlla\u00e7 seg\u00fcent:<\/p>\n<p class=\"isSelectedEnd\">\ud83d\udc49 <a href=\"https:\/\/aplicacions.gestioeducativa.gencat.cat\/ords\/pls\/apex\/f?p=20160079072543618:650:::NO:650:P650_CENTRE:B019881726DB81FCBACC6A352245FA794F65D339292787BC\"><strong>ACC\u00c9S A LA LLISTA D\u2019ESPERA DE CICLES FORMATIUS<\/strong><\/a><\/p>\n<p class=\"isSelectedEnd\">A partir de les inscripcions rebudes, el centre gestionar\u00e0 l\u2019adjudicaci\u00f3 de les places vacants d\u2019acord amb el procediment establert pel Departament.<\/p>\n<p class=\"isSelectedEnd\"><strong>Important:<\/strong> la inscripci\u00f3 en aquesta llista d\u2019espera <strong>no garanteix l\u2019obtenci\u00f3 d\u2019una pla\u00e7a<\/strong>. L\u2019assignaci\u00f3 dependr\u00e0 de les vacants disponibles i dels criteris establerts en el proc\u00e9s.<\/p>\n<p>Per consultar les vacants disponibles, caldr\u00e0 accedir al <strong>web de preinscripci\u00f3 del Departament d\u2019Educaci\u00f3 i Formaci\u00f3 Professional a partir del 7 de setembre<\/strong>.<\/p>\n","protected":false},"excerpt":{"rendered":"<p>El Departament d\u2019Educaci\u00f3 i Formaci\u00f3 Professional ha establert un nou procediment per gestionar les llistes d\u2019espera de les places vacants dels cicles formatius. Un cop finalitzat el per\u00edode de matr\u00edcula, el 7 de setembre es publicaran al web de preinscripci\u00f3 del Departament les places vacants disponibles als diferents cicles formatius. Les persones interessades a optar [&hellip;]<\/p>\n","protected":false},"author":12,"featured_media":23667,"comment_status":"closed","ping_status":"closed","sticky":true,"template":"","format":"standard","meta":{"_bbp_topic_count":0,"_bbp_reply_count":0,"_bbp_total_topic_count":0,"_bbp_total_reply_count":0,"_bbp_voice_count":0,"_bbp_anonymous_reply_count":0,"_bbp_topic_count_hidden":0,"_bbp_reply_count_hidden":0,"_bbp_forum_subforum_count":0,"site-sidebar-layout":"default","site-content-layout":"","ast-site-content-layout":"default","site-content-style":"default","site-sidebar-style":"default","ast-global-header-display":"","ast-banner-title-visibility":"","ast-main-header-display":"","ast-hfb-above-header-display":"","ast-hfb-below-header-display":"","ast-hfb-mobile-header-display":"","site-post-title":"","ast-breadcrumbs-content":"","ast-featured-img":"","footer-sml-layout":"","theme-transparent-header-meta":"","adv-header-id-meta":"","stick-header-meta":"","header-above-stick-meta":"","header-main-stick-meta":"","header-below-stick-meta":"","astra-migrate-meta-layouts":"set","ast-page-background-enabled":"default","ast-page-background-meta":{"desktop":{"background-color":"var(--ast-global-color-4)","background-image":"","background-repeat":"repeat","background-position":"center center","background-size":"auto","background-attachment":"scroll","background-type":"","background-media":"","overlay-type":"","overlay-color":"","overlay-opacity":"","overlay-gradient":""},"tablet":{"background-color":"","background-image":"","background-repeat":"repeat","background-position":"center center","background-size":"auto","background-attachment":"scroll","background-type":"","background-media":"","overlay-type":"","overlay-color":"","overlay-opacity":"","overlay-gradient":""},"mobile":{"background-color":"","background-image":"","background-repeat":"repeat","background-position":"center center","background-size":"auto","background-attachment":"scroll","background-type":"","background-media":"","overlay-type":"","overlay-color":"","overlay-opacity":"","overlay-gradient":""}},"ast-content-background-meta":{"desktop":{"background-color":"var(--ast-global-color-5)","background-image":"","background-repeat":"repeat","background-position":"center center","background-size":"auto","background-attachment":"scroll","background-type":"","background-media":"","overlay-type":"","overlay-color":"","overlay-opacity":"","overlay-gradient":""},"tablet":{"background-color":"var(--ast-global-color-5)","background-image":"","background-repeat":"repeat","background-position":"center center","background-size":"auto","background-attachment":"scroll","background-type":"","background-media":"","overlay-type":"","overlay-color":"","overlay-opacity":"","overlay-gradient":""},"mobile":{"background-color":"var(--ast-global-color-5)","background-image":"","background-repeat":"repeat","background-position":"center center","background-size":"auto","background-attachment":"scroll","background-type":"","background-media":"","overlay-type":"","overlay-color":"","overlay-opacity":"","overlay-gradient":""}},"footnotes":""},"categories":[30,29],"tags":[],"class_list":["post-23666","post","type-post","status-publish","format-standard","has-post-thumbnail","hentry","category-cicles-formatius","category-portada"],"post_mailing_queue_ids":[],"_links":{"self":[{"href":"https:\/\/agora.xtec.cat\/iesllica\/wp-json\/wp\/v2\/posts\/23666","targetHints":{"allow":["GET"]}}],"collection":[{"href":"https:\/\/agora.xtec.cat\/iesllica\/wp-json\/wp\/v2\/posts"}],"about":[{"href":"https:\/\/agora.xtec.cat\/iesllica\/wp-json\/wp\/v2\/types\/post"}],"author":[{"embeddable":true,"href":"https:\/\/agora.xtec.cat\/iesllica\/wp-json\/wp\/v2\/users\/12"}],"replies":[{"embeddable":true,"href":"https:\/\/agora.xtec.cat\/iesllica\/wp-json\/wp\/v2\/comments?post=23666"}],"version-history":[{"count":1,"href":"https:\/\/agora.xtec.cat\/iesllica\/wp-json\/wp\/v2\/posts\/23666\/revisions"}],"predecessor-version":[{"id":23668,"href":"https:\/\/agora.xtec.cat\/iesllica\/wp-json\/wp\/v2\/posts\/23666\/revisions\/23668"}],"wp:featuredmedia":[{"embeddable":true,"href":"https:\/\/agora.xtec.cat\/iesllica\/wp-json\/wp\/v2\/media\/23667"}],"wp:attachment":[{"href":"https:\/\/agora.xtec.cat\/iesllica\/wp-json\/wp\/v2\/media?parent=23666"}],"wp:term":[{"taxonomy":"category","embeddable":true,"href":"https:\/\/agora.xtec.cat\/iesllica\/wp-json\/wp\/v2\/categories?post=23666"},{"taxonomy":"post_tag","embeddable":true,"href":"https:\/\/agora.xtec.cat\/iesllica\/wp-json\/wp\/v2\/tags?post=23666"}],"curies":[{"name":"wp","href":"https:\/\/api.w.org\/{rel}","templated":true}]}}