{"id":23239,"date":"2026-04-14T14:20:47","date_gmt":"2026-04-14T12:20:47","guid":{"rendered":"https:\/\/agora.xtec.cat\/iesllica\/?p=23239"},"modified":"2026-04-14T14:20:47","modified_gmt":"2026-04-14T12:20:47","slug":"visita-de-lalumnat-del-lycee-manouchian-una-experiencia-enriquidora","status":"publish","type":"post","link":"https:\/\/agora.xtec.cat\/iesllica\/eso\/visita-de-lalumnat-del-lycee-manouchian-una-experiencia-enriquidora\/","title":{"rendered":"Visita de l&#8217;alumnat del Lyc\u00e9e Manouchian: una experi\u00e8ncia enriquidora"},"content":{"rendered":"<p>Avui hem tingut el plaer de rebre la visita d&#8217;un grup d&#8217;alumnes del Lyc\u00e9e Manouchian de Ch\u00e2tenay-Malabry, amb qui hem compartit una part del mat\u00ed molt especial.<\/p>\n<p>La trobada ha comen\u00e7at amb diverses activitats l\u00fadiques que han perm\u00e8s als alumnes con\u00e8ixer-se i trencar el gel en un ambient dist\u00e8s i participatiu. Posteriorment, s&#8217;ha dut a terme un taller conjunt sobre el franquisme, adre\u00e7at als alumnes francesos i als nostres alumnes de primer i segon de Batxibac. Aquesta activitat ha resultat especialment interessant, ja que ha afavorit l\u2019intercanvi d\u2019idees i la reflexi\u00f3 conjunta sobre aquest per\u00edode hist\u00f2ric.<\/p>\n<p>Volem expressar un agra\u00efment especial a la Carme, la N\u00faria Rodr\u00edguez i a l\u2019Ignasi per la seva implicaci\u00f3 i per haver vingut abans del seu horari habitual per donar suport a l&#8217;organitzaci\u00f3 de la jornada.<\/p>\n<p>&nbsp;<\/p>\n<table style=\"width: 100%; border-collapse: collapse; border-style: hidden;\">\n<tbody>\n<tr>\n<td style=\"width: 33.3333%;\"><a href=\"https:\/\/agora.xtec.cat\/iesllica\/wp-content\/uploads\/usu414\/2026\/04\/IMG_20260414_101646.jpg\"><img loading=\"lazy\" decoding=\"async\" class=\"alignnone size-full wp-image-23241\" src=\"https:\/\/agora.xtec.cat\/iesllica\/wp-content\/uploads\/usu414\/2026\/04\/IMG_20260414_101646.jpg\" alt=\"\" width=\"1440\" height=\"1080\" srcset=\"https:\/\/agora.xtec.cat\/iesllica\/wp-content\/uploads\/usu414\/2026\/04\/IMG_20260414_101646.jpg 1440w, https:\/\/agora.xtec.cat\/iesllica\/wp-content\/uploads\/usu414\/2026\/04\/IMG_20260414_101646-300x225.jpg 300w, https:\/\/agora.xtec.cat\/iesllica\/wp-content\/uploads\/usu414\/2026\/04\/IMG_20260414_101646-1024x768.jpg 1024w, https:\/\/agora.xtec.cat\/iesllica\/wp-content\/uploads\/usu414\/2026\/04\/IMG_20260414_101646-768x576.jpg 768w, https:\/\/agora.xtec.cat\/iesllica\/wp-content\/uploads\/usu414\/2026\/04\/IMG_20260414_101646-200x150.jpg 200w\" sizes=\"auto, (max-width: 1440px) 100vw, 1440px\" \/><\/a><\/td>\n<td style=\"width: 33.3333%;\"><a href=\"https:\/\/agora.xtec.cat\/iesllica\/wp-content\/uploads\/usu414\/2026\/04\/IMG_20260414_105815-scaled.jpg\"><img loading=\"lazy\" decoding=\"async\" class=\"alignnone size-full wp-image-23242\" src=\"https:\/\/agora.xtec.cat\/iesllica\/wp-content\/uploads\/usu414\/2026\/04\/IMG_20260414_105815-scaled.jpg\" alt=\"\" width=\"2560\" height=\"1928\" srcset=\"https:\/\/agora.xtec.cat\/iesllica\/wp-content\/uploads\/usu414\/2026\/04\/IMG_20260414_105815-scaled.jpg 2560w, https:\/\/agora.xtec.cat\/iesllica\/wp-content\/uploads\/usu414\/2026\/04\/IMG_20260414_105815-300x226.jpg 300w, https:\/\/agora.xtec.cat\/iesllica\/wp-content\/uploads\/usu414\/2026\/04\/IMG_20260414_105815-1024x771.jpg 1024w, https:\/\/agora.xtec.cat\/iesllica\/wp-content\/uploads\/usu414\/2026\/04\/IMG_20260414_105815-768x578.jpg 768w, https:\/\/agora.xtec.cat\/iesllica\/wp-content\/uploads\/usu414\/2026\/04\/IMG_20260414_105815-1536x1157.jpg 1536w, https:\/\/agora.xtec.cat\/iesllica\/wp-content\/uploads\/usu414\/2026\/04\/IMG_20260414_105815-2048x1542.jpg 2048w, https:\/\/agora.xtec.cat\/iesllica\/wp-content\/uploads\/usu414\/2026\/04\/IMG_20260414_105815-200x150.jpg 200w\" sizes=\"auto, (max-width: 2560px) 100vw, 2560px\" \/><\/a><\/td>\n<td style=\"width: 33.3333%;\"><a href=\"https:\/\/agora.xtec.cat\/iesllica\/wp-content\/uploads\/usu414\/2026\/04\/IMG_20260414_100408-scaled.jpg\"><img loading=\"lazy\" decoding=\"async\" class=\"alignnone size-full wp-image-23243\" src=\"https:\/\/agora.xtec.cat\/iesllica\/wp-content\/uploads\/usu414\/2026\/04\/IMG_20260414_100408-scaled.jpg\" alt=\"\" width=\"2560\" height=\"1928\" srcset=\"https:\/\/agora.xtec.cat\/iesllica\/wp-content\/uploads\/usu414\/2026\/04\/IMG_20260414_100408-scaled.jpg 2560w, https:\/\/agora.xtec.cat\/iesllica\/wp-content\/uploads\/usu414\/2026\/04\/IMG_20260414_100408-300x226.jpg 300w, https:\/\/agora.xtec.cat\/iesllica\/wp-content\/uploads\/usu414\/2026\/04\/IMG_20260414_100408-1024x771.jpg 1024w, https:\/\/agora.xtec.cat\/iesllica\/wp-content\/uploads\/usu414\/2026\/04\/IMG_20260414_100408-768x578.jpg 768w, https:\/\/agora.xtec.cat\/iesllica\/wp-content\/uploads\/usu414\/2026\/04\/IMG_20260414_100408-1536x1157.jpg 1536w, https:\/\/agora.xtec.cat\/iesllica\/wp-content\/uploads\/usu414\/2026\/04\/IMG_20260414_100408-2048x1542.jpg 2048w, https:\/\/agora.xtec.cat\/iesllica\/wp-content\/uploads\/usu414\/2026\/04\/IMG_20260414_100408-200x150.jpg 200w\" sizes=\"auto, (max-width: 2560px) 100vw, 2560px\" \/><\/a><\/td>\n<\/tr>\n<\/tbody>\n<\/table>\n<p>&nbsp;<\/p>\n","protected":false},"excerpt":{"rendered":"<p>Avui hem tingut el plaer de rebre la visita d&#8217;un grup d&#8217;alumnes del Lyc\u00e9e Manouchian de Ch\u00e2tenay-Malabry, amb qui hem compartit una part del mat\u00ed molt especial.<br \/>\nLa trobada ha comen\u00e7at amb diverses activitats l\u00fadiques que han perm\u00e8s als alumnes con\u00e8ixer-se i trencar el gel en&hellip;  <a href=\"https:\/\/agora.xtec.cat\/iesllica\/eso\/visita-de-lalumnat-del-lycee-manouchian-una-experiencia-enriquidora\/\" title=\"Read Visita de l&#8217;alumnat del Lyc\u00e9e Manouchian: una experi\u00e8ncia enriquidora\">Llegeix m\u00e9s\u00bb<\/a><\/p>\n","protected":false},"author":12,"featured_media":23240,"comment_status":"closed","ping_status":"closed","sticky":false,"template":"","format":"standard","meta":{"_bbp_topic_count":0,"_bbp_reply_count":0,"_bbp_total_topic_count":0,"_bbp_total_reply_count":0,"_bbp_voice_count":0,"_bbp_anonymous_reply_count":0,"_bbp_topic_count_hidden":0,"_bbp_reply_count_hidden":0,"_bbp_forum_subforum_count":0,"footnotes":""},"categories":[3,29],"tags":[],"class_list":["post-23239","post","type-post","status-publish","format-standard","has-post-thumbnail","hentry","category-eso","category-portada"],"post_mailing_queue_ids":[],"_links":{"self":[{"href":"https:\/\/agora.xtec.cat\/iesllica\/wp-json\/wp\/v2\/posts\/23239","targetHints":{"allow":["GET"]}}],"collection":[{"href":"https:\/\/agora.xtec.cat\/iesllica\/wp-json\/wp\/v2\/posts"}],"about":[{"href":"https:\/\/agora.xtec.cat\/iesllica\/wp-json\/wp\/v2\/types\/post"}],"author":[{"embeddable":true,"href":"https:\/\/agora.xtec.cat\/iesllica\/wp-json\/wp\/v2\/users\/12"}],"replies":[{"embeddable":true,"href":"https:\/\/agora.xtec.cat\/iesllica\/wp-json\/wp\/v2\/comments?post=23239"}],"version-history":[{"count":1,"href":"https:\/\/agora.xtec.cat\/iesllica\/wp-json\/wp\/v2\/posts\/23239\/revisions"}],"predecessor-version":[{"id":23244,"href":"https:\/\/agora.xtec.cat\/iesllica\/wp-json\/wp\/v2\/posts\/23239\/revisions\/23244"}],"wp:featuredmedia":[{"embeddable":true,"href":"https:\/\/agora.xtec.cat\/iesllica\/wp-json\/wp\/v2\/media\/23240"}],"wp:attachment":[{"href":"https:\/\/agora.xtec.cat\/iesllica\/wp-json\/wp\/v2\/media?parent=23239"}],"wp:term":[{"taxonomy":"category","embeddable":true,"href":"https:\/\/agora.xtec.cat\/iesllica\/wp-json\/wp\/v2\/categories?post=23239"},{"taxonomy":"post_tag","embeddable":true,"href":"https:\/\/agora.xtec.cat\/iesllica\/wp-json\/wp\/v2\/tags?post=23239"}],"curies":[{"name":"wp","href":"https:\/\/api.w.org\/{rel}","templated":true}]}}