{"id":22630,"date":"2025-07-10T10:18:15","date_gmt":"2025-07-10T08:18:15","guid":{"rendered":"https:\/\/agora.xtec.cat\/iesllica\/?p=22630"},"modified":"2025-07-10T14:40:20","modified_gmt":"2025-07-10T12:40:20","slug":"llistats-assignats-grau-mitja-i-grau-superior","status":"publish","type":"post","link":"https:\/\/agora.xtec.cat\/iesllica\/general\/llistats-assignats-grau-mitja-i-grau-superior\/","title":{"rendered":"Llistats assignats Grau Mitj\u00e0 i Grau Superior"},"content":{"rendered":"<p>Publiquem llistats dels assignats en primera tanda dels alumnes de Grau Mitj\u00e0 i Grau Superior.<\/p>\n<p><a href=\"https:\/\/agora.xtec.cat\/iesllica\/wp-content\/uploads\/usu414\/2025\/07\/Assignats-Grau-mitja.pdf\">Assignats Grau mitj\u00e0<\/a><\/p>\n<p><a href=\"https:\/\/agora.xtec.cat\/iesllica\/wp-content\/uploads\/usu414\/2025\/07\/Assignats-Grau-superior.pdf\">Assignats Grau superior<\/a><\/p>\n<p>Els alumnes que van triar l&#8217;INS DE LLI\u00c7A\u00a0 en primera opci\u00f3\u00a0 i tenen pla\u00e7a assignada\u00a0 han de confirmar la matr\u00edcula\u00a0 de l&#8217;11 al 14 de juliol (rebran correu electr\u00f2nic del departament) i trucar al centre per formalitzar la matr\u00edcula fins el dia 17 de juliol.<\/p>\n<p>Tamb\u00e9 publiquem la llista dels preinscrits al nostre centre i han estat assignats en un altre centre.<\/p>\n<p><a href=\"https:\/\/agora.xtec.cat\/iesllica\/wp-content\/uploads\/usu414\/2025\/07\/alumnes-preinscrits-grau-mitja.pdf\">alumnes preinscrits grau mitja<\/a><\/p>\n<p><a href=\"https:\/\/agora.xtec.cat\/iesllica\/wp-content\/uploads\/usu414\/2025\/07\/alumnes-preinscrits-grau-superior.pdf\">alumnes preinscrits grau superior<\/a><\/p>\n<p>&nbsp;<\/p>\n<p>&nbsp;<\/p>\n","protected":false},"excerpt":{"rendered":"<p>Publiquem llistats dels assignats en primera tanda dels alumnes de Grau Mitj\u00e0 i Grau Superior. Assignats Grau mitj\u00e0 Assignats Grau superior Els alumnes que van triar l&#8217;INS DE LLI\u00c7A\u00a0 en primera opci\u00f3\u00a0 i tenen pla\u00e7a assignada\u00a0 han de confirmar la matr\u00edcula\u00a0 de l&#8217;11 al 14 de juliol (rebran correu electr\u00f2nic del departament) i trucar al [&hellip;]<\/p>\n","protected":false},"author":158,"featured_media":0,"comment_status":"closed","ping_status":"closed","sticky":false,"template":"","format":"standard","meta":{"_bbp_topic_count":0,"_bbp_reply_count":0,"_bbp_total_topic_count":0,"_bbp_total_reply_count":0,"_bbp_voice_count":0,"_bbp_anonymous_reply_count":0,"_bbp_topic_count_hidden":0,"_bbp_reply_count_hidden":0,"_bbp_forum_subforum_count":0,"site-sidebar-layout":"default","site-content-layout":"","ast-site-content-layout":"","site-content-style":"default","site-sidebar-style":"default","ast-global-header-display":"","ast-banner-title-visibility":"","ast-main-header-display":"","ast-hfb-above-header-display":"","ast-hfb-below-header-display":"","ast-hfb-mobile-header-display":"","site-post-title":"","ast-breadcrumbs-content":"","ast-featured-img":"","footer-sml-layout":"","theme-transparent-header-meta":"","adv-header-id-meta":"","stick-header-meta":"","header-above-stick-meta":"","header-main-stick-meta":"","header-below-stick-meta":"","astra-migrate-meta-layouts":"default","ast-page-background-enabled":"default","ast-page-background-meta":{"desktop":{"background-color":"var(--ast-global-color-4)","background-image":"","background-repeat":"repeat","background-position":"center center","background-size":"auto","background-attachment":"scroll","background-type":"","background-media":"","overlay-type":"","overlay-color":"","overlay-opacity":"","overlay-gradient":""},"tablet":{"background-color":"","background-image":"","background-repeat":"repeat","background-position":"center center","background-size":"auto","background-attachment":"scroll","background-type":"","background-media":"","overlay-type":"","overlay-color":"","overlay-opacity":"","overlay-gradient":""},"mobile":{"background-color":"","background-image":"","background-repeat":"repeat","background-position":"center center","background-size":"auto","background-attachment":"scroll","background-type":"","background-media":"","overlay-type":"","overlay-color":"","overlay-opacity":"","overlay-gradient":""}},"ast-content-background-meta":{"desktop":{"background-color":"var(--ast-global-color-5)","background-image":"","background-repeat":"repeat","background-position":"center center","background-size":"auto","background-attachment":"scroll","background-type":"","background-media":"","overlay-type":"","overlay-color":"","overlay-opacity":"","overlay-gradient":""},"tablet":{"background-color":"var(--ast-global-color-5)","background-image":"","background-repeat":"repeat","background-position":"center center","background-size":"auto","background-attachment":"scroll","background-type":"","background-media":"","overlay-type":"","overlay-color":"","overlay-opacity":"","overlay-gradient":""},"mobile":{"background-color":"var(--ast-global-color-5)","background-image":"","background-repeat":"repeat","background-position":"center center","background-size":"auto","background-attachment":"scroll","background-type":"","background-media":"","overlay-type":"","overlay-color":"","overlay-opacity":"","overlay-gradient":""}},"footnotes":""},"categories":[30,1,29],"tags":[],"class_list":["post-22630","post","type-post","status-publish","format-standard","hentry","category-cicles-formatius","category-general","category-portada"],"post_mailing_queue_ids":[],"_links":{"self":[{"href":"https:\/\/agora.xtec.cat\/iesllica\/wp-json\/wp\/v2\/posts\/22630","targetHints":{"allow":["GET"]}}],"collection":[{"href":"https:\/\/agora.xtec.cat\/iesllica\/wp-json\/wp\/v2\/posts"}],"about":[{"href":"https:\/\/agora.xtec.cat\/iesllica\/wp-json\/wp\/v2\/types\/post"}],"author":[{"embeddable":true,"href":"https:\/\/agora.xtec.cat\/iesllica\/wp-json\/wp\/v2\/users\/158"}],"replies":[{"embeddable":true,"href":"https:\/\/agora.xtec.cat\/iesllica\/wp-json\/wp\/v2\/comments?post=22630"}],"version-history":[{"count":6,"href":"https:\/\/agora.xtec.cat\/iesllica\/wp-json\/wp\/v2\/posts\/22630\/revisions"}],"predecessor-version":[{"id":22644,"href":"https:\/\/agora.xtec.cat\/iesllica\/wp-json\/wp\/v2\/posts\/22630\/revisions\/22644"}],"wp:attachment":[{"href":"https:\/\/agora.xtec.cat\/iesllica\/wp-json\/wp\/v2\/media?parent=22630"}],"wp:term":[{"taxonomy":"category","embeddable":true,"href":"https:\/\/agora.xtec.cat\/iesllica\/wp-json\/wp\/v2\/categories?post=22630"},{"taxonomy":"post_tag","embeddable":true,"href":"https:\/\/agora.xtec.cat\/iesllica\/wp-json\/wp\/v2\/tags?post=22630"}],"curies":[{"name":"wp","href":"https:\/\/api.w.org\/{rel}","templated":true}]}}