{"id":22162,"date":"2025-03-17T11:47:52","date_gmt":"2025-03-17T10:47:52","guid":{"rendered":"https:\/\/agora.xtec.cat\/iesllica\/?p=22162"},"modified":"2025-03-17T11:49:25","modified_gmt":"2025-03-17T10:49:25","slug":"tercer-dia-desquiada-de-primer-deso-d-i-e","status":"publish","type":"post","link":"https:\/\/agora.xtec.cat\/iesllica\/eso\/tercer-dia-desquiada-de-primer-deso-d-i-e\/","title":{"rendered":"Tercer dia d\u2019esquiada de primer d\u2019ESO D i E"},"content":{"rendered":"<p dir=\"auto\" style=\"text-align: justify;\">Avui divendres els alumnes de 1r d&#8217;ESO D i E han passat el tercer i darrer \u00faltim dia a les pistes de Masella. Sota una nevada que ha durat tot el dia, els nois han seguit perfeccionant la seva t\u00e8cnica d&#8217;esqu\u00ed i han pujat en telecadires des de primera hora del mat\u00ed i han baixat per pistes blaves i vermelles en grup.<\/p>\n<p dir=\"auto\" style=\"text-align: justify;\">A les 16h s&#8217;han acomiadat dels monitors i han pujat a l&#8217;autocar que els ha retornat fins a Lli\u00e7\u00e0.<\/p>\n<p dir=\"auto\" style=\"text-align: justify;\">Descanseu molt el cap de setmana. Us ho heu guanyat!!!<\/p>\n<p dir=\"auto\">\n<div dir=\"auto\"><\/div>\n<div dir=\"auto\"><\/div>\n<div dir=\"auto\"><a href=\"https:\/\/agora.xtec.cat\/iesllica\/wp-content\/uploads\/usu414\/2025\/03\/IMG_20250314_1553391-scaled.jpg\"><img loading=\"lazy\" decoding=\"async\" class=\"size-medium wp-image-22163 aligncenter\" src=\"https:\/\/agora.xtec.cat\/iesllica\/wp-content\/uploads\/usu414\/2025\/03\/IMG_20250314_1553391-300x225.jpg\" alt=\"\" width=\"300\" height=\"225\" srcset=\"https:\/\/agora.xtec.cat\/iesllica\/wp-content\/uploads\/usu414\/2025\/03\/IMG_20250314_1553391-300x225.jpg 300w, https:\/\/agora.xtec.cat\/iesllica\/wp-content\/uploads\/usu414\/2025\/03\/IMG_20250314_1553391-1024x769.jpg 1024w, https:\/\/agora.xtec.cat\/iesllica\/wp-content\/uploads\/usu414\/2025\/03\/IMG_20250314_1553391-768x577.jpg 768w, https:\/\/agora.xtec.cat\/iesllica\/wp-content\/uploads\/usu414\/2025\/03\/IMG_20250314_1553391-1536x1153.jpg 1536w, https:\/\/agora.xtec.cat\/iesllica\/wp-content\/uploads\/usu414\/2025\/03\/IMG_20250314_1553391-2048x1538.jpg 2048w, https:\/\/agora.xtec.cat\/iesllica\/wp-content\/uploads\/usu414\/2025\/03\/IMG_20250314_1553391-200x150.jpg 200w\" sizes=\"auto, (max-width: 300px) 100vw, 300px\" \/><\/a><\/div>\n<div dir=\"auto\"><\/div>\n<p dir=\"auto\">\n<p dir=\"auto\" style=\"text-align: center;\">Ja hem arribat a Lli\u00e7\u00e0. Tota l&#8217;esquiada ha anat molt b\u00e9. Fins dilluns.<\/p>\n","protected":false},"excerpt":{"rendered":"<p>Avui divendres els alumnes de 1r d&#8217;ESO D i E han passat el tercer i darrer \u00faltim dia a les pistes de Masella. Sota una nevada que ha durat tot el dia, els nois han seguit perfeccionant la seva t\u00e8cnica d&#8217;esqu\u00ed i han pujat en telecadires des de primera hora del mat\u00ed i han baixat [&hellip;]<\/p>\n","protected":false},"author":12,"featured_media":0,"comment_status":"closed","ping_status":"closed","sticky":false,"template":"","format":"standard","meta":{"_bbp_topic_count":0,"_bbp_reply_count":0,"_bbp_total_topic_count":0,"_bbp_total_reply_count":0,"_bbp_voice_count":0,"_bbp_anonymous_reply_count":0,"_bbp_topic_count_hidden":0,"_bbp_reply_count_hidden":0,"_bbp_forum_subforum_count":0,"site-sidebar-layout":"default","site-content-layout":"","ast-site-content-layout":"","site-content-style":"default","site-sidebar-style":"default","ast-global-header-display":"","ast-banner-title-visibility":"","ast-main-header-display":"","ast-hfb-above-header-display":"","ast-hfb-below-header-display":"","ast-hfb-mobile-header-display":"","site-post-title":"","ast-breadcrumbs-content":"","ast-featured-img":"","footer-sml-layout":"","theme-transparent-header-meta":"","adv-header-id-meta":"","stick-header-meta":"","header-above-stick-meta":"","header-main-stick-meta":"","header-below-stick-meta":"","astra-migrate-meta-layouts":"default","ast-page-background-enabled":"default","ast-page-background-meta":{"desktop":{"background-color":"var(--ast-global-color-4)","background-image":"","background-repeat":"repeat","background-position":"center center","background-size":"auto","background-attachment":"scroll","background-type":"","background-media":"","overlay-type":"","overlay-color":"","overlay-opacity":"","overlay-gradient":""},"tablet":{"background-color":"","background-image":"","background-repeat":"repeat","background-position":"center center","background-size":"auto","background-attachment":"scroll","background-type":"","background-media":"","overlay-type":"","overlay-color":"","overlay-opacity":"","overlay-gradient":""},"mobile":{"background-color":"","background-image":"","background-repeat":"repeat","background-position":"center center","background-size":"auto","background-attachment":"scroll","background-type":"","background-media":"","overlay-type":"","overlay-color":"","overlay-opacity":"","overlay-gradient":""}},"ast-content-background-meta":{"desktop":{"background-color":"var(--ast-global-color-5)","background-image":"","background-repeat":"repeat","background-position":"center center","background-size":"auto","background-attachment":"scroll","background-type":"","background-media":"","overlay-type":"","overlay-color":"","overlay-opacity":"","overlay-gradient":""},"tablet":{"background-color":"var(--ast-global-color-5)","background-image":"","background-repeat":"repeat","background-position":"center center","background-size":"auto","background-attachment":"scroll","background-type":"","background-media":"","overlay-type":"","overlay-color":"","overlay-opacity":"","overlay-gradient":""},"mobile":{"background-color":"var(--ast-global-color-5)","background-image":"","background-repeat":"repeat","background-position":"center center","background-size":"auto","background-attachment":"scroll","background-type":"","background-media":"","overlay-type":"","overlay-color":"","overlay-opacity":"","overlay-gradient":""}},"footnotes":""},"categories":[3,29],"tags":[],"class_list":["post-22162","post","type-post","status-publish","format-standard","hentry","category-eso","category-portada"],"post_mailing_queue_ids":[],"_links":{"self":[{"href":"https:\/\/agora.xtec.cat\/iesllica\/wp-json\/wp\/v2\/posts\/22162","targetHints":{"allow":["GET"]}}],"collection":[{"href":"https:\/\/agora.xtec.cat\/iesllica\/wp-json\/wp\/v2\/posts"}],"about":[{"href":"https:\/\/agora.xtec.cat\/iesllica\/wp-json\/wp\/v2\/types\/post"}],"author":[{"embeddable":true,"href":"https:\/\/agora.xtec.cat\/iesllica\/wp-json\/wp\/v2\/users\/12"}],"replies":[{"embeddable":true,"href":"https:\/\/agora.xtec.cat\/iesllica\/wp-json\/wp\/v2\/comments?post=22162"}],"version-history":[{"count":4,"href":"https:\/\/agora.xtec.cat\/iesllica\/wp-json\/wp\/v2\/posts\/22162\/revisions"}],"predecessor-version":[{"id":22167,"href":"https:\/\/agora.xtec.cat\/iesllica\/wp-json\/wp\/v2\/posts\/22162\/revisions\/22167"}],"wp:attachment":[{"href":"https:\/\/agora.xtec.cat\/iesllica\/wp-json\/wp\/v2\/media?parent=22162"}],"wp:term":[{"taxonomy":"category","embeddable":true,"href":"https:\/\/agora.xtec.cat\/iesllica\/wp-json\/wp\/v2\/categories?post=22162"},{"taxonomy":"post_tag","embeddable":true,"href":"https:\/\/agora.xtec.cat\/iesllica\/wp-json\/wp\/v2\/tags?post=22162"}],"curies":[{"name":"wp","href":"https:\/\/api.w.org\/{rel}","templated":true}]}}