{"id":21898,"date":"2024-12-13T09:49:38","date_gmt":"2024-12-13T08:49:38","guid":{"rendered":"https:\/\/agora.xtec.cat\/iesllica\/?p=21898"},"modified":"2024-12-13T09:50:09","modified_gmt":"2024-12-13T08:50:09","slug":"sortida-pfi-a-la-fageda-cooperativa-dolot","status":"publish","type":"post","link":"https:\/\/agora.xtec.cat\/iesllica\/general\/sortida-pfi-a-la-fageda-cooperativa-dolot\/","title":{"rendered":"Sortida PFI a la fageda cooperativa d&#8217;Olot"},"content":{"rendered":"<p>Els grups PFI han passat el dia a Olot visitant les instal\u00b7lacions de la cooperativa de la Fageda. All\u00e0 han pogut con\u00e8ixer el projecte social que t\u00e9 l&#8217;empresa, per millorar la qualitat de vida i promoure la integraci\u00f3 de persones discapacitades o amb risc d&#8217;exclusi\u00f3 social.<\/p>\n<p>Els alumnes han pogut veure tot el sistema de producci\u00f3 dels iogurts i melmelades.<\/p>\n<table style=\"border-collapse: collapse; width: 100%;\">\n<tbody>\n<tr>\n<td style=\"width: 33.3333%;\"><a href=\"https:\/\/agora.xtec.cat\/iesllica\/wp-content\/uploads\/usu414\/2024\/12\/PHOTO-2024-12-12-20-12-502.jpg\"><img loading=\"lazy\" decoding=\"async\" class=\"size-medium wp-image-21899 aligncenter\" src=\"https:\/\/agora.xtec.cat\/iesllica\/wp-content\/uploads\/usu414\/2024\/12\/PHOTO-2024-12-12-20-12-502-225x300.jpg\" alt=\"\" width=\"225\" height=\"300\" srcset=\"https:\/\/agora.xtec.cat\/iesllica\/wp-content\/uploads\/usu414\/2024\/12\/PHOTO-2024-12-12-20-12-502-225x300.jpg 225w, https:\/\/agora.xtec.cat\/iesllica\/wp-content\/uploads\/usu414\/2024\/12\/PHOTO-2024-12-12-20-12-502-768x1024.jpg 768w, https:\/\/agora.xtec.cat\/iesllica\/wp-content\/uploads\/usu414\/2024\/12\/PHOTO-2024-12-12-20-12-502-1152x1536.jpg 1152w, https:\/\/agora.xtec.cat\/iesllica\/wp-content\/uploads\/usu414\/2024\/12\/PHOTO-2024-12-12-20-12-502.jpg 1536w\" sizes=\"auto, (max-width: 225px) 100vw, 225px\" \/><\/a><\/td>\n<td style=\"width: 33.3333%;\"><a href=\"https:\/\/agora.xtec.cat\/iesllica\/wp-content\/uploads\/usu414\/2024\/12\/PHOTO-2024-12-12-20-12-501.jpg\"><img loading=\"lazy\" decoding=\"async\" class=\"size-medium wp-image-21900 aligncenter\" src=\"https:\/\/agora.xtec.cat\/iesllica\/wp-content\/uploads\/usu414\/2024\/12\/PHOTO-2024-12-12-20-12-501-225x300.jpg\" alt=\"\" width=\"225\" height=\"300\" srcset=\"https:\/\/agora.xtec.cat\/iesllica\/wp-content\/uploads\/usu414\/2024\/12\/PHOTO-2024-12-12-20-12-501-225x300.jpg 225w, https:\/\/agora.xtec.cat\/iesllica\/wp-content\/uploads\/usu414\/2024\/12\/PHOTO-2024-12-12-20-12-501-768x1024.jpg 768w, https:\/\/agora.xtec.cat\/iesllica\/wp-content\/uploads\/usu414\/2024\/12\/PHOTO-2024-12-12-20-12-501-1152x1536.jpg 1152w, https:\/\/agora.xtec.cat\/iesllica\/wp-content\/uploads\/usu414\/2024\/12\/PHOTO-2024-12-12-20-12-501.jpg 1536w\" sizes=\"auto, (max-width: 225px) 100vw, 225px\" \/><\/a><\/td>\n<td style=\"width: 33.3333%;\"><a href=\"https:\/\/agora.xtec.cat\/iesllica\/wp-content\/uploads\/usu414\/2024\/12\/PHOTO-2024-12-12-20-12-50.jpg\"><img loading=\"lazy\" decoding=\"async\" class=\"size-medium wp-image-21901 aligncenter\" src=\"https:\/\/agora.xtec.cat\/iesllica\/wp-content\/uploads\/usu414\/2024\/12\/PHOTO-2024-12-12-20-12-50-225x300.jpg\" alt=\"\" width=\"225\" height=\"300\" srcset=\"https:\/\/agora.xtec.cat\/iesllica\/wp-content\/uploads\/usu414\/2024\/12\/PHOTO-2024-12-12-20-12-50-225x300.jpg 225w, https:\/\/agora.xtec.cat\/iesllica\/wp-content\/uploads\/usu414\/2024\/12\/PHOTO-2024-12-12-20-12-50-768x1024.jpg 768w, https:\/\/agora.xtec.cat\/iesllica\/wp-content\/uploads\/usu414\/2024\/12\/PHOTO-2024-12-12-20-12-50-1152x1536.jpg 1152w, https:\/\/agora.xtec.cat\/iesllica\/wp-content\/uploads\/usu414\/2024\/12\/PHOTO-2024-12-12-20-12-50.jpg 1536w\" sizes=\"auto, (max-width: 225px) 100vw, 225px\" \/><\/a><\/td>\n<\/tr>\n<\/tbody>\n<\/table>\n<p>&nbsp;<\/p>\n","protected":false},"excerpt":{"rendered":"<p>Els grups PFI han passat el dia a Olot visitant les instal\u00b7lacions de la cooperativa de la Fageda. All\u00e0 han pogut con\u00e8ixer el projecte social que t\u00e9 l&#8217;empresa, per millorar la qualitat de vida i promoure la integraci\u00f3 de persones discapacitades o amb risc d&#8217;exclusi\u00f3 social. Els alumnes han pogut veure tot el sistema de [&hellip;]<\/p>\n","protected":false},"author":12,"featured_media":0,"comment_status":"closed","ping_status":"closed","sticky":false,"template":"","format":"standard","meta":{"_bbp_topic_count":0,"_bbp_reply_count":0,"_bbp_total_topic_count":0,"_bbp_total_reply_count":0,"_bbp_voice_count":0,"_bbp_anonymous_reply_count":0,"_bbp_topic_count_hidden":0,"_bbp_reply_count_hidden":0,"_bbp_forum_subforum_count":0,"site-sidebar-layout":"default","site-content-layout":"","ast-site-content-layout":"","site-content-style":"default","site-sidebar-style":"default","ast-global-header-display":"","ast-banner-title-visibility":"","ast-main-header-display":"","ast-hfb-above-header-display":"","ast-hfb-below-header-display":"","ast-hfb-mobile-header-display":"","site-post-title":"","ast-breadcrumbs-content":"","ast-featured-img":"","footer-sml-layout":"","theme-transparent-header-meta":"","adv-header-id-meta":"","stick-header-meta":"","header-above-stick-meta":"","header-main-stick-meta":"","header-below-stick-meta":"","astra-migrate-meta-layouts":"default","ast-page-background-enabled":"default","ast-page-background-meta":{"desktop":{"background-color":"var(--ast-global-color-4)","background-image":"","background-repeat":"repeat","background-position":"center center","background-size":"auto","background-attachment":"scroll","background-type":"","background-media":"","overlay-type":"","overlay-color":"","overlay-opacity":"","overlay-gradient":""},"tablet":{"background-color":"","background-image":"","background-repeat":"repeat","background-position":"center center","background-size":"auto","background-attachment":"scroll","background-type":"","background-media":"","overlay-type":"","overlay-color":"","overlay-opacity":"","overlay-gradient":""},"mobile":{"background-color":"","background-image":"","background-repeat":"repeat","background-position":"center center","background-size":"auto","background-attachment":"scroll","background-type":"","background-media":"","overlay-type":"","overlay-color":"","overlay-opacity":"","overlay-gradient":""}},"ast-content-background-meta":{"desktop":{"background-color":"var(--ast-global-color-5)","background-image":"","background-repeat":"repeat","background-position":"center center","background-size":"auto","background-attachment":"scroll","background-type":"","background-media":"","overlay-type":"","overlay-color":"","overlay-opacity":"","overlay-gradient":""},"tablet":{"background-color":"var(--ast-global-color-5)","background-image":"","background-repeat":"repeat","background-position":"center center","background-size":"auto","background-attachment":"scroll","background-type":"","background-media":"","overlay-type":"","overlay-color":"","overlay-opacity":"","overlay-gradient":""},"mobile":{"background-color":"var(--ast-global-color-5)","background-image":"","background-repeat":"repeat","background-position":"center center","background-size":"auto","background-attachment":"scroll","background-type":"","background-media":"","overlay-type":"","overlay-color":"","overlay-opacity":"","overlay-gradient":""}},"footnotes":""},"categories":[31,1,207,29],"tags":[],"class_list":["post-21898","post","type-post","status-publish","format-standard","hentry","category-afa","category-general","category-ptt","category-portada"],"post_mailing_queue_ids":[],"_links":{"self":[{"href":"https:\/\/agora.xtec.cat\/iesllica\/wp-json\/wp\/v2\/posts\/21898","targetHints":{"allow":["GET"]}}],"collection":[{"href":"https:\/\/agora.xtec.cat\/iesllica\/wp-json\/wp\/v2\/posts"}],"about":[{"href":"https:\/\/agora.xtec.cat\/iesllica\/wp-json\/wp\/v2\/types\/post"}],"author":[{"embeddable":true,"href":"https:\/\/agora.xtec.cat\/iesllica\/wp-json\/wp\/v2\/users\/12"}],"replies":[{"embeddable":true,"href":"https:\/\/agora.xtec.cat\/iesllica\/wp-json\/wp\/v2\/comments?post=21898"}],"version-history":[{"count":2,"href":"https:\/\/agora.xtec.cat\/iesllica\/wp-json\/wp\/v2\/posts\/21898\/revisions"}],"predecessor-version":[{"id":21903,"href":"https:\/\/agora.xtec.cat\/iesllica\/wp-json\/wp\/v2\/posts\/21898\/revisions\/21903"}],"wp:attachment":[{"href":"https:\/\/agora.xtec.cat\/iesllica\/wp-json\/wp\/v2\/media?parent=21898"}],"wp:term":[{"taxonomy":"category","embeddable":true,"href":"https:\/\/agora.xtec.cat\/iesllica\/wp-json\/wp\/v2\/categories?post=21898"},{"taxonomy":"post_tag","embeddable":true,"href":"https:\/\/agora.xtec.cat\/iesllica\/wp-json\/wp\/v2\/tags?post=21898"}],"curies":[{"name":"wp","href":"https:\/\/api.w.org\/{rel}","templated":true}]}}