{"id":21587,"date":"2024-07-31T10:43:41","date_gmt":"2024-07-31T08:43:41","guid":{"rendered":"https:\/\/agora.xtec.cat\/iesllica\/?p=21587"},"modified":"2024-09-12T11:10:44","modified_gmt":"2024-09-12T09:10:44","slug":"assignacions-segona-tanda-cicles-formatius-grau-mitja","status":"publish","type":"post","link":"https:\/\/agora.xtec.cat\/iesllica\/general\/assignacions-segona-tanda-cicles-formatius-grau-mitja\/","title":{"rendered":"Assignacions segona tanda CFGM i CFGS"},"content":{"rendered":"<p style=\"text-align: justify;\">Publiquem el llistat dels alumnes assignats en el nostre centre als CFGM i CFGS d&#8217;ASIX. La matr\u00edcula es far\u00e0 del <strong>2 al 6 de setembre<\/strong>.<\/p>\n<ul style=\"text-align: justify;\">\n<li><a href=\"https:\/\/agora.xtec.cat\/iesllica\/wp-content\/uploads\/usu414\/2024\/07\/Assignats-segona-tanda-CFPM.pdf\">Assignats segona tanda CFGM<\/a><\/li>\n<li><a href=\"https:\/\/agora.xtec.cat\/iesllica\/wp-content\/uploads\/usu414\/2024\/07\/Assignats-ASIX-segona-tanda.pdf\">Assignats segona tanda ASIX<\/a><\/li>\n<\/ul>\n<p style=\"text-align: justify;\">Tamb\u00e9 publiquem el llistat dels alumnes que van fer la preinscripci\u00f3 en el nostre centre amb el centre assignat.<\/p>\n<ul style=\"text-align: justify;\">\n<li><a href=\"https:\/\/agora.xtec.cat\/iesllica\/wp-content\/uploads\/usu414\/2024\/07\/PreinscripcionsCFGM.pdf\">Preinscripcions CFGM<\/a><\/li>\n<li><a href=\"https:\/\/agora.xtec.cat\/iesllica\/wp-content\/uploads\/usu414\/2024\/07\/INFORME_PREINSCRITES_OME_INFORME_PREINSCRITES_OME.pdf\">Preinscripcions CFGS d&#8217;ASIX<\/a><\/li>\n<\/ul>\n<p style=\"text-align: justify;\">Recordem que el dia <strong>12 de setembre<\/strong> es publicaran les vacants que quedin de tot aquest proc\u00e9s.<\/p>\n<p>&nbsp;<\/p>\n<p>&nbsp;<\/p>\n","protected":false},"excerpt":{"rendered":"<p>Publiquem el llistat dels alumnes assignats en el nostre centre als CFGM i CFGS d&#8217;ASIX. La matr\u00edcula es far\u00e0 del 2 al 6 de setembre. Assignats segona tanda CFGM Assignats segona tanda ASIX Tamb\u00e9 publiquem el llistat dels alumnes que van fer la preinscripci\u00f3 en el nostre centre amb el centre assignat. Preinscripcions CFGM Preinscripcions [&hellip;]<\/p>\n","protected":false},"author":158,"featured_media":0,"comment_status":"open","ping_status":"closed","sticky":false,"template":"","format":"standard","meta":{"_bbp_topic_count":0,"_bbp_reply_count":0,"_bbp_total_topic_count":0,"_bbp_total_reply_count":0,"_bbp_voice_count":0,"_bbp_anonymous_reply_count":0,"_bbp_topic_count_hidden":0,"_bbp_reply_count_hidden":0,"_bbp_forum_subforum_count":0,"site-sidebar-layout":"default","site-content-layout":"","ast-site-content-layout":"","site-content-style":"default","site-sidebar-style":"default","ast-global-header-display":"","ast-banner-title-visibility":"","ast-main-header-display":"","ast-hfb-above-header-display":"","ast-hfb-below-header-display":"","ast-hfb-mobile-header-display":"","site-post-title":"","ast-breadcrumbs-content":"","ast-featured-img":"","footer-sml-layout":"","theme-transparent-header-meta":"","adv-header-id-meta":"","stick-header-meta":"","header-above-stick-meta":"","header-main-stick-meta":"","header-below-stick-meta":"","astra-migrate-meta-layouts":"default","ast-page-background-enabled":"default","ast-page-background-meta":{"desktop":{"background-color":"var(--ast-global-color-4)","background-image":"","background-repeat":"repeat","background-position":"center center","background-size":"auto","background-attachment":"scroll","background-type":"","background-media":"","overlay-type":"","overlay-color":"","overlay-opacity":"","overlay-gradient":""},"tablet":{"background-color":"","background-image":"","background-repeat":"repeat","background-position":"center center","background-size":"auto","background-attachment":"scroll","background-type":"","background-media":"","overlay-type":"","overlay-color":"","overlay-opacity":"","overlay-gradient":""},"mobile":{"background-color":"","background-image":"","background-repeat":"repeat","background-position":"center center","background-size":"auto","background-attachment":"scroll","background-type":"","background-media":"","overlay-type":"","overlay-color":"","overlay-opacity":"","overlay-gradient":""}},"ast-content-background-meta":{"desktop":{"background-color":"var(--ast-global-color-5)","background-image":"","background-repeat":"repeat","background-position":"center center","background-size":"auto","background-attachment":"scroll","background-type":"","background-media":"","overlay-type":"","overlay-color":"","overlay-opacity":"","overlay-gradient":""},"tablet":{"background-color":"var(--ast-global-color-5)","background-image":"","background-repeat":"repeat","background-position":"center center","background-size":"auto","background-attachment":"scroll","background-type":"","background-media":"","overlay-type":"","overlay-color":"","overlay-opacity":"","overlay-gradient":""},"mobile":{"background-color":"var(--ast-global-color-5)","background-image":"","background-repeat":"repeat","background-position":"center center","background-size":"auto","background-attachment":"scroll","background-type":"","background-media":"","overlay-type":"","overlay-color":"","overlay-opacity":"","overlay-gradient":""}},"footnotes":""},"categories":[30,1,29],"tags":[],"class_list":["post-21587","post","type-post","status-publish","format-standard","hentry","category-cicles-formatius","category-general","category-portada"],"post_mailing_queue_ids":[],"_links":{"self":[{"href":"https:\/\/agora.xtec.cat\/iesllica\/wp-json\/wp\/v2\/posts\/21587","targetHints":{"allow":["GET"]}}],"collection":[{"href":"https:\/\/agora.xtec.cat\/iesllica\/wp-json\/wp\/v2\/posts"}],"about":[{"href":"https:\/\/agora.xtec.cat\/iesllica\/wp-json\/wp\/v2\/types\/post"}],"author":[{"embeddable":true,"href":"https:\/\/agora.xtec.cat\/iesllica\/wp-json\/wp\/v2\/users\/158"}],"replies":[{"embeddable":true,"href":"https:\/\/agora.xtec.cat\/iesllica\/wp-json\/wp\/v2\/comments?post=21587"}],"version-history":[{"count":5,"href":"https:\/\/agora.xtec.cat\/iesllica\/wp-json\/wp\/v2\/posts\/21587\/revisions"}],"predecessor-version":[{"id":21605,"href":"https:\/\/agora.xtec.cat\/iesllica\/wp-json\/wp\/v2\/posts\/21587\/revisions\/21605"}],"wp:attachment":[{"href":"https:\/\/agora.xtec.cat\/iesllica\/wp-json\/wp\/v2\/media?parent=21587"}],"wp:term":[{"taxonomy":"category","embeddable":true,"href":"https:\/\/agora.xtec.cat\/iesllica\/wp-json\/wp\/v2\/categories?post=21587"},{"taxonomy":"post_tag","embeddable":true,"href":"https:\/\/agora.xtec.cat\/iesllica\/wp-json\/wp\/v2\/tags?post=21587"}],"curies":[{"name":"wp","href":"https:\/\/api.w.org\/{rel}","templated":true}]}}