{"id":12580,"date":"2021-11-23T09:22:53","date_gmt":"2021-11-23T08:22:53","guid":{"rendered":"https:\/\/agora.xtec.cat\/iesllica\/?p=12580"},"modified":"2021-11-24T08:34:49","modified_gmt":"2021-11-24T07:34:49","slug":"fotofilosofia-a-linstitut-de-llica","status":"publish","type":"post","link":"https:\/\/agora.xtec.cat\/iesllica\/general\/fotofilosofia-a-linstitut-de-llica\/","title":{"rendered":"FOTOFILOSOFIA A L&#8217;INSTITUT DE LLI\u00c7\u00c0"},"content":{"rendered":"<div>\n<p>Els nostres alumnes de primer de batxillerat van participar a la Mostra de Fotofilosofia que, amb motiu del Dia<\/p>\n<p>Mundial de la Filosofia\u00a0i en el marc del Festival Barcelona Pensa, se celebra anualment cada tercer dijous de<\/p>\n<p>novembre. En\u00a0<a href=\"https:\/\/fotofilosofiainsllica.blogspot.com\/\">aquest link\u00a0<\/a>\u00a0podeu veure tots els seus treballs.<\/p>\n<p>Les fotografies m\u00e9s reeixides, acompanyades d\u2019una pregunta filos\u00f2fica que anima a la reflexi\u00f3, van ser les dels<\/p>\n<p>alumnes Mart\u00ed Costa, Marina Dahl, Luc\u00eda Mart\u00ed, Olga Mart\u00edn i Julen P\u00e9rez. Totes les fotografies filos\u00f2fiques, dels<\/p>\n<p>m\u00e9s de \u00a050 centres participants de tot Catalunya, van ser projectades dijous 18 de novembre a l\u2019<a href=\"https:\/\/www.youtube.com\/watch?v=O-pybJ4Or8o&amp;t=2s\">acte virtual de la<\/a><\/p>\n<p><a href=\"https:\/\/www.youtube.com\/watch?v=O-pybJ4Or8o&amp;t=2s\">Mostra<\/a>.<\/p>\n<p>Visca el poder filos\u00f2fic de la imatge i visca la Filosofia!<\/p>\n<\/div>\n<div><\/div>\n<div style=\"text-align: center;\"><a href=\"https:\/\/agora.xtec.cat\/iesllica\/wp-content\/uploads\/usu414\/2021\/11\/Fotofilosofia_2021-3.pdf\">IMATGES<\/a><\/div>\n<div><\/div>\n<div><\/div>\n<div><a href=\"https:\/\/agora.xtec.cat\/iesllica\/wp-content\/uploads\/usu414\/2021\/11\/filo1.jpg\"><img loading=\"lazy\" decoding=\"async\" class=\"alignnone size-full wp-image-12579\" src=\"https:\/\/agora.xtec.cat\/iesllica\/wp-content\/uploads\/usu414\/2021\/11\/filo1.jpg\" alt=\"\" width=\"371\" height=\"266\" srcset=\"https:\/\/agora.xtec.cat\/iesllica\/wp-content\/uploads\/usu414\/2021\/11\/filo1.jpg 371w, https:\/\/agora.xtec.cat\/iesllica\/wp-content\/uploads\/usu414\/2021\/11\/filo1-300x215.jpg 300w\" sizes=\"auto, (max-width: 371px) 100vw, 371px\" \/><\/a><\/div>\n","protected":false},"excerpt":{"rendered":"<p>Els nostres alumnes de primer de batxillerat van participar a la Mostra de Fotofilosofia que, amb motiu del Dia Mundial de la Filosofia\u00a0i en el marc del Festival Barcelona Pensa, se celebra anualment cada tercer dijous de novembre. En\u00a0aquest link\u00a0\u00a0podeu veure tots els seus treballs. Les fotografies m\u00e9s reeixides, acompanyades d\u2019una pregunta filos\u00f2fica que anima [&hellip;]<\/p>\n","protected":false},"author":3,"featured_media":12579,"comment_status":"open","ping_status":"closed","sticky":false,"template":"","format":"standard","meta":{"_bbp_topic_count":0,"_bbp_reply_count":0,"_bbp_total_topic_count":0,"_bbp_total_reply_count":0,"_bbp_voice_count":0,"_bbp_anonymous_reply_count":0,"_bbp_topic_count_hidden":0,"_bbp_reply_count_hidden":0,"_bbp_forum_subforum_count":0,"site-sidebar-layout":"default","site-content-layout":"","ast-site-content-layout":"","site-content-style":"default","site-sidebar-style":"default","ast-global-header-display":"","ast-banner-title-visibility":"","ast-main-header-display":"","ast-hfb-above-header-display":"","ast-hfb-below-header-display":"","ast-hfb-mobile-header-display":"","site-post-title":"","ast-breadcrumbs-content":"","ast-featured-img":"","footer-sml-layout":"","theme-transparent-header-meta":"","adv-header-id-meta":"","stick-header-meta":"","header-above-stick-meta":"","header-main-stick-meta":"","header-below-stick-meta":"","astra-migrate-meta-layouts":"default","ast-page-background-enabled":"default","ast-page-background-meta":{"desktop":{"background-color":"var(--ast-global-color-4)","background-image":"","background-repeat":"repeat","background-position":"center center","background-size":"auto","background-attachment":"scroll","background-type":"","background-media":"","overlay-type":"","overlay-color":"","overlay-opacity":"","overlay-gradient":""},"tablet":{"background-color":"","background-image":"","background-repeat":"repeat","background-position":"center center","background-size":"auto","background-attachment":"scroll","background-type":"","background-media":"","overlay-type":"","overlay-color":"","overlay-opacity":"","overlay-gradient":""},"mobile":{"background-color":"","background-image":"","background-repeat":"repeat","background-position":"center center","background-size":"auto","background-attachment":"scroll","background-type":"","background-media":"","overlay-type":"","overlay-color":"","overlay-opacity":"","overlay-gradient":""}},"ast-content-background-meta":{"desktop":{"background-color":"var(--ast-global-color-5)","background-image":"","background-repeat":"repeat","background-position":"center center","background-size":"auto","background-attachment":"scroll","background-type":"","background-media":"","overlay-type":"","overlay-color":"","overlay-opacity":"","overlay-gradient":""},"tablet":{"background-color":"var(--ast-global-color-5)","background-image":"","background-repeat":"repeat","background-position":"center center","background-size":"auto","background-attachment":"scroll","background-type":"","background-media":"","overlay-type":"","overlay-color":"","overlay-opacity":"","overlay-gradient":""},"mobile":{"background-color":"var(--ast-global-color-5)","background-image":"","background-repeat":"repeat","background-position":"center center","background-size":"auto","background-attachment":"scroll","background-type":"","background-media":"","overlay-type":"","overlay-color":"","overlay-opacity":"","overlay-gradient":""}},"footnotes":""},"categories":[8,1,29],"tags":[],"class_list":["post-12580","post","type-post","status-publish","format-standard","has-post-thumbnail","hentry","category-batxillerat","category-general","category-portada"],"post_mailing_queue_ids":[],"_links":{"self":[{"href":"https:\/\/agora.xtec.cat\/iesllica\/wp-json\/wp\/v2\/posts\/12580","targetHints":{"allow":["GET"]}}],"collection":[{"href":"https:\/\/agora.xtec.cat\/iesllica\/wp-json\/wp\/v2\/posts"}],"about":[{"href":"https:\/\/agora.xtec.cat\/iesllica\/wp-json\/wp\/v2\/types\/post"}],"author":[{"embeddable":true,"href":"https:\/\/agora.xtec.cat\/iesllica\/wp-json\/wp\/v2\/users\/3"}],"replies":[{"embeddable":true,"href":"https:\/\/agora.xtec.cat\/iesllica\/wp-json\/wp\/v2\/comments?post=12580"}],"version-history":[{"count":3,"href":"https:\/\/agora.xtec.cat\/iesllica\/wp-json\/wp\/v2\/posts\/12580\/revisions"}],"predecessor-version":[{"id":12596,"href":"https:\/\/agora.xtec.cat\/iesllica\/wp-json\/wp\/v2\/posts\/12580\/revisions\/12596"}],"wp:featuredmedia":[{"embeddable":true,"href":"https:\/\/agora.xtec.cat\/iesllica\/wp-json\/wp\/v2\/media\/12579"}],"wp:attachment":[{"href":"https:\/\/agora.xtec.cat\/iesllica\/wp-json\/wp\/v2\/media?parent=12580"}],"wp:term":[{"taxonomy":"category","embeddable":true,"href":"https:\/\/agora.xtec.cat\/iesllica\/wp-json\/wp\/v2\/categories?post=12580"},{"taxonomy":"post_tag","embeddable":true,"href":"https:\/\/agora.xtec.cat\/iesllica\/wp-json\/wp\/v2\/tags?post=12580"}],"curies":[{"name":"wp","href":"https:\/\/api.w.org\/{rel}","templated":true}]}}