{"id":956,"date":"2021-10-27T20:40:39","date_gmt":"2021-10-27T18:40:39","guid":{"rendered":"https:\/\/agora.xtec.cat\/iesllavaneres\/?p=956"},"modified":"2021-10-27T20:40:45","modified_gmt":"2021-10-27T18:40:45","slug":"un-dia-en-la-granja","status":"publish","type":"post","link":"https:\/\/agora.xtec.cat\/iesllavaneres\/general\/un-dia-en-la-granja\/","title":{"rendered":"UN D\u00cdA EN &#8220;LA GRANJA&#8221;"},"content":{"rendered":"<p><a href=\"https:\/\/agora.xtec.cat\/iesllavaneres\/wp-content\/uploads\/usu2229\/2021\/10\/IMG-5542.jpg\"><img loading=\"lazy\" decoding=\"async\" class=\"alignleft wp-image-957 size-medium\" src=\"https:\/\/agora.xtec.cat\/iesllavaneres\/wp-content\/uploads\/usu2229\/2021\/10\/IMG-5542-300x225.jpg\" alt=\"\" width=\"300\" height=\"225\" srcset=\"https:\/\/agora.xtec.cat\/iesllavaneres\/wp-content\/uploads\/usu2229\/2021\/10\/IMG-5542-300x225.jpg 300w, https:\/\/agora.xtec.cat\/iesllavaneres\/wp-content\/uploads\/usu2229\/2021\/10\/IMG-5542-200x150.jpg 200w, https:\/\/agora.xtec.cat\/iesllavaneres\/wp-content\/uploads\/usu2229\/2021\/10\/IMG-5542.jpg 640w\" sizes=\"auto, (max-width: 300px) 100vw, 300px\" \/><\/a><\/p>\r\n\r\n<p>El alumnado de 1\u00ba de la ESO fue el pasado 24 de septiembre a \u201cLa Granja\u201d, una casa de colonias situada en Tordera. A las 9:00h salieron del instituto y se dirigieron a los autobuses que los esperaban. A las 9:40h\u00a0 llegaron a &#8220;La Granja&#8221;. All\u00ed conocieron a sus monitores, los cuales les explicaron las actividades del resto del d\u00eda. Despu\u00e9s de que les presentaran a los monitores, todas las clases se fueron a desayunar. A las 10:10h fueron a dejar las mochilas en una habitaci\u00f3n de la casa y aprovecharon para ir al ba\u00f1o, luego ya empezaron las actividades. \u00a0<\/p>\r\n\r\n\r\n\r\n<p>Durante el d\u00eda hicieron cinco actividades. La primera actividad del d\u00eda fue montar una caba\u00f1a en medio del bosque entre toda el grupo para fortalecer el trabajo en equipo.<\/p>\r\n\r\n\r\n\r\n<p>La segunda actividad fue ir por el bosque. Antes de entrar, les dijeron que si quer\u00edan se pod\u00edan quitar los zapatos e ir descalzos, aunque el objetivo al entrar al bosque era encontrar un \u00e1rbol con el que identificarse. \u00a0<\/p>\r\n\r\n\r\n\r\n<p>Al acabar se dirigieron hacia la parte trasera de la casa, donde se har\u00eda la siguiente actividad. Era un lugar donde se encontraban diferentes animales, entre ellos hab\u00eda patos, gallinas, una llama, conejos, cerdos, cabras y ovejas. Antes de entrar les explicaron todas las reglas para poder acceder y as\u00ed poder tocar las cabras, visitar a las gallinas e incluso coger a unos conejitos.<img decoding=\"async\" class=\"wp-image-3036\" src=\"http:\/\/www.iesllavaneres.org\/revista\/wp-content\/uploads\/2021\/10\/IMG-5543-1024x768.jpg\" alt=\"\" \/> \u00a0<\/p>\r\n\r\n\r\n\r\n<p>La siguiente actividad ten\u00eda como finalidad trabajar en equipo para aguantar el equilibrio; hab\u00eda tres pruebas. La primera de ellas, el alumnado ten\u00eda que pasar por un puente, hecho de cuerdas sujetado por dos palos, que se mov\u00eda mucho. Despu\u00e9s les tocaba ir a una cruz de madera horizontal montada sobre un muelle, donde se ten\u00edan que poner una persona en cada punta para equilibrar el peso e intentar aguantar el m\u00e1ximo de tiempo posible sin caerse. El monitor les dijo que el r\u00e9cord hasta entonces estaba en los 100 segundos. La tercera prueba consist\u00eda en que todo el grupo ten\u00eda que ponerse encima de un balanc\u00edn de madera e intentar igualar el peso para que se suspendieran en el aire las dos puntas durante m\u00ednimo tres segundos. \u00a0<\/p>\r\n<p>La \u00faltima actividad consist\u00eda en pasar con ayuda de una tabla de madera de un lado a otro de una rueda sujetada por cuatro cuerdas y dos palos. Ten\u00edan que imaginarse que el suelo era lava y el grupo dispon\u00eda de diez minutos para pasar. Aunque tuvieron algunas complicaciones para pasar, al final todos consiguieron pasar a tiempo.<img decoding=\"async\" class=\"wp-image-3034\" src=\"http:\/\/www.iesllavaneres.org\/revista\/wp-content\/uploads\/2021\/10\/IMG-5538-1024x768.jpg\" alt=\"\" \/> \u00a0<\/p>\r\n\r\n\r\n\r\n\r\n\r\n<p>Al final de la excursi\u00f3n se reunieron cada grupo con su monitor para debatir todo lo que hab\u00edan aprendido y les dieron un papel para apuntar las reflexiones que hab\u00edan hecho durante el d\u00eda. Finalmente, recogieron las mochilas y esperaron al bus para volver a casa. \u00a0<\/p>\r\n\r\n\r\n\r\n<p>Ona Barrionuevo y Gal\u00b7la Schumacher, alumnas de 1\u00ba ESO C.<\/p>\r\n","protected":false},"excerpt":{"rendered":"<p>El alumnado de 1\u00ba de la ESO fue el pasado 24 de septiembre a \u201cLa Granja\u201d, una casa de colonias situada en Tordera. A las 9:00h salieron del instituto y se dirigieron a los autobuses que los esperaban. A las 9:40h\u00a0 llegaron a &#8220;La Granja&#8221;. All\u00ed conocieron a sus monitores, los cuales les explicaron las [&hellip;]<\/p>\n","protected":false},"author":4,"featured_media":957,"comment_status":"open","ping_status":"closed","sticky":false,"template":"","format":"standard","meta":{"_bbp_topic_count":0,"_bbp_reply_count":0,"_bbp_total_topic_count":0,"_bbp_total_reply_count":0,"_bbp_voice_count":0,"_bbp_anonymous_reply_count":0,"_bbp_topic_count_hidden":0,"_bbp_reply_count_hidden":0,"_bbp_forum_subforum_count":0,"site-sidebar-layout":"default","site-content-layout":"","ast-site-content-layout":"","site-content-style":"default","site-sidebar-style":"default","ast-global-header-display":"","ast-banner-title-visibility":"","ast-main-header-display":"","ast-hfb-above-header-display":"","ast-hfb-below-header-display":"","ast-hfb-mobile-header-display":"","site-post-title":"","ast-breadcrumbs-content":"","ast-featured-img":"","footer-sml-layout":"","theme-transparent-header-meta":"","adv-header-id-meta":"","stick-header-meta":"","header-above-stick-meta":"","header-main-stick-meta":"","header-below-stick-meta":"","astra-migrate-meta-layouts":"default","ast-page-background-enabled":"default","ast-page-background-meta":{"desktop":{"background-color":"var(--ast-global-color-4)","background-image":"","background-repeat":"repeat","background-position":"center center","background-size":"auto","background-attachment":"scroll","background-type":"","background-media":"","overlay-type":"","overlay-color":"","overlay-opacity":"","overlay-gradient":""},"tablet":{"background-color":"","background-image":"","background-repeat":"repeat","background-position":"center center","background-size":"auto","background-attachment":"scroll","background-type":"","background-media":"","overlay-type":"","overlay-color":"","overlay-opacity":"","overlay-gradient":""},"mobile":{"background-color":"","background-image":"","background-repeat":"repeat","background-position":"center center","background-size":"auto","background-attachment":"scroll","background-type":"","background-media":"","overlay-type":"","overlay-color":"","overlay-opacity":"","overlay-gradient":""}},"ast-content-background-meta":{"desktop":{"background-color":"var(--ast-global-color-5)","background-image":"","background-repeat":"repeat","background-position":"center center","background-size":"auto","background-attachment":"scroll","background-type":"","background-media":"","overlay-type":"","overlay-color":"","overlay-opacity":"","overlay-gradient":""},"tablet":{"background-color":"var(--ast-global-color-5)","background-image":"","background-repeat":"repeat","background-position":"center center","background-size":"auto","background-attachment":"scroll","background-type":"","background-media":"","overlay-type":"","overlay-color":"","overlay-opacity":"","overlay-gradient":""},"mobile":{"background-color":"var(--ast-global-color-5)","background-image":"","background-repeat":"repeat","background-position":"center center","background-size":"auto","background-attachment":"scroll","background-type":"","background-media":"","overlay-type":"","overlay-color":"","overlay-opacity":"","overlay-gradient":""}},"footnotes":""},"categories":[4,1,29],"tags":[105,109,39],"class_list":["post-956","post","type-post","status-publish","format-standard","has-post-thumbnail","hentry","category-eso-1","category-general","category-portada","tag-1r-eso","tag-la-granja","tag-sortides"],"post_mailing_queue_ids":[],"_links":{"self":[{"href":"https:\/\/agora.xtec.cat\/iesllavaneres\/wp-json\/wp\/v2\/posts\/956","targetHints":{"allow":["GET"]}}],"collection":[{"href":"https:\/\/agora.xtec.cat\/iesllavaneres\/wp-json\/wp\/v2\/posts"}],"about":[{"href":"https:\/\/agora.xtec.cat\/iesllavaneres\/wp-json\/wp\/v2\/types\/post"}],"author":[{"embeddable":true,"href":"https:\/\/agora.xtec.cat\/iesllavaneres\/wp-json\/wp\/v2\/users\/4"}],"replies":[{"embeddable":true,"href":"https:\/\/agora.xtec.cat\/iesllavaneres\/wp-json\/wp\/v2\/comments?post=956"}],"version-history":[{"count":3,"href":"https:\/\/agora.xtec.cat\/iesllavaneres\/wp-json\/wp\/v2\/posts\/956\/revisions"}],"predecessor-version":[{"id":969,"href":"https:\/\/agora.xtec.cat\/iesllavaneres\/wp-json\/wp\/v2\/posts\/956\/revisions\/969"}],"wp:featuredmedia":[{"embeddable":true,"href":"https:\/\/agora.xtec.cat\/iesllavaneres\/wp-json\/wp\/v2\/media\/957"}],"wp:attachment":[{"href":"https:\/\/agora.xtec.cat\/iesllavaneres\/wp-json\/wp\/v2\/media?parent=956"}],"wp:term":[{"taxonomy":"category","embeddable":true,"href":"https:\/\/agora.xtec.cat\/iesllavaneres\/wp-json\/wp\/v2\/categories?post=956"},{"taxonomy":"post_tag","embeddable":true,"href":"https:\/\/agora.xtec.cat\/iesllavaneres\/wp-json\/wp\/v2\/tags?post=956"}],"curies":[{"name":"wp","href":"https:\/\/api.w.org\/{rel}","templated":true}]}}