{"id":5723,"date":"2026-04-29T12:53:44","date_gmt":"2026-04-29T10:53:44","guid":{"rendered":"https:\/\/agora.xtec.cat\/iesllavaneres\/?p=5723"},"modified":"2026-04-29T12:53:46","modified_gmt":"2026-04-29T10:53:46","slug":"alfaro-200-anys-de-llum-1","status":"publish","type":"post","link":"https:\/\/agora.xtec.cat\/iesllavaneres\/eso-2\/alfaro-200-anys-de-llum-1\/","title":{"rendered":"Alfaro, 200 anys de llum, 1"},"content":{"rendered":"\n<figure class=\"wp-block-embed is-type-video is-provider-youtube wp-block-embed-youtube wp-embed-aspect-9-16 wp-has-aspect-ratio\"><div class=\"wp-block-embed__wrapper\">\n<div class=\"ast-oembed-container \" style=\"height: 100%;\"><iframe loading=\"lazy\" title=\"Alfaro, 200 anys de llum. Cap\u00edtol 1. Institut Llavaneres 2026\" width=\"422\" height=\"750\" src=\"https:\/\/www.youtube.com\/embed\/IadG8Tc7lwM?feature=oembed\" frameborder=\"0\" allow=\"accelerometer; autoplay; clipboard-write; encrypted-media; gyroscope; picture-in-picture; web-share\" referrerpolicy=\"strict-origin-when-cross-origin\" allowfullscreen><\/iframe><\/div>\n<\/div><\/figure>\n\n\n\n<p>Descobrint Nicol\u00e1s Alfaro Brieva<\/p>\n\n\n\n<p>L\u2019Institut Llavaneres i el Museu de Sant Andreu de Llavaneres col\u00b7laboren per donar a con\u00e8ixer a l\u2019alumnat de 2n d\u2019ESO la figura de Nicol\u00e1s Alfaro y Brieva, en motiu del 200\u00e8 aniversari del seu naixement, que celebrem aquest desembre.<\/p>\n\n\n\n<p>Aquesta iniciativa tamb\u00e9 vol apropar la seva figura a tot el poble de Sant Andreu de Llavaneres a trav\u00e9s de tres audiovisuals creats per l\u2019alumnat de 2n d\u2019ESO, com aquest, que ajuden a descobrir la vida i el llegat del personatge. En aquest primer cap\u00edtol, us presentem una petita biografia de Nicol\u00e1s Alfaro y Brieva.<\/p>\n\n\n\n<p>Com a cloenda del projecte, tot l\u2019alumnat de 2n d\u2019ESO participar\u00e0 en un concert de cant el divendres 5 de juny, davant de l\u2019Ajuntament, a les 10.30 h. Durant l\u2019acte, interpretaran quatre can\u00e7ons escollides pels mateixos alumnes i compartiran breument algunes dades sobre Nicol\u00e1s Alfaro y Brieva.<\/p>\n\n\n\n<p>Arnald Pannon, professor de M\u00fasica<\/p>\n","protected":false},"excerpt":{"rendered":"<p>Descobrint Nicol\u00e1s Alfaro Brieva L\u2019Institut Llavaneres i el Museu de Sant Andreu de Llavaneres col\u00b7laboren per donar a con\u00e8ixer a l\u2019alumnat de 2n d\u2019ESO la figura de Nicol\u00e1s Alfaro y Brieva, en motiu del 200\u00e8 aniversari del seu naixement, que celebrem aquest desembre. Aquesta iniciativa tamb\u00e9 vol apropar la seva figura a tot el poble [&hellip;]<\/p>\n","protected":false},"author":4,"featured_media":5724,"comment_status":"open","ping_status":"open","sticky":false,"template":"","format":"standard","meta":{"_bbp_topic_count":0,"_bbp_reply_count":0,"_bbp_total_topic_count":0,"_bbp_total_reply_count":0,"_bbp_voice_count":0,"_bbp_anonymous_reply_count":0,"_bbp_topic_count_hidden":0,"_bbp_reply_count_hidden":0,"_bbp_forum_subforum_count":0,"site-sidebar-layout":"default","site-content-layout":"","ast-site-content-layout":"default","site-content-style":"default","site-sidebar-style":"default","ast-global-header-display":"","ast-banner-title-visibility":"","ast-main-header-display":"","ast-hfb-above-header-display":"","ast-hfb-below-header-display":"","ast-hfb-mobile-header-display":"","site-post-title":"","ast-breadcrumbs-content":"","ast-featured-img":"disabled","footer-sml-layout":"","theme-transparent-header-meta":"","adv-header-id-meta":"","stick-header-meta":"","header-above-stick-meta":"","header-main-stick-meta":"","header-below-stick-meta":"","astra-migrate-meta-layouts":"set","ast-page-background-enabled":"default","ast-page-background-meta":{"desktop":{"background-color":"var(--ast-global-color-4)","background-image":"","background-repeat":"repeat","background-position":"center center","background-size":"auto","background-attachment":"scroll","background-type":"","background-media":"","overlay-type":"","overlay-color":"","overlay-opacity":"","overlay-gradient":""},"tablet":{"background-color":"","background-image":"","background-repeat":"repeat","background-position":"center center","background-size":"auto","background-attachment":"scroll","background-type":"","background-media":"","overlay-type":"","overlay-color":"","overlay-opacity":"","overlay-gradient":""},"mobile":{"background-color":"","background-image":"","background-repeat":"repeat","background-position":"center center","background-size":"auto","background-attachment":"scroll","background-type":"","background-media":"","overlay-type":"","overlay-color":"","overlay-opacity":"","overlay-gradient":""}},"ast-content-background-meta":{"desktop":{"background-color":"var(--ast-global-color-5)","background-image":"","background-repeat":"repeat","background-position":"center center","background-size":"auto","background-attachment":"scroll","background-type":"","background-media":"","overlay-type":"","overlay-color":"","overlay-opacity":"","overlay-gradient":""},"tablet":{"background-color":"var(--ast-global-color-5)","background-image":"","background-repeat":"repeat","background-position":"center center","background-size":"auto","background-attachment":"scroll","background-type":"","background-media":"","overlay-type":"","overlay-color":"","overlay-opacity":"","overlay-gradient":""},"mobile":{"background-color":"var(--ast-global-color-5)","background-image":"","background-repeat":"repeat","background-position":"center center","background-size":"auto","background-attachment":"scroll","background-type":"","background-media":"","overlay-type":"","overlay-color":"","overlay-opacity":"","overlay-gradient":""}},"footnotes":""},"categories":[5,29],"tags":[132,189,116],"class_list":["post-5723","post","type-post","status-publish","format-standard","has-post-thumbnail","hentry","category-eso-2","category-portada","tag-2n-deso","tag-activitats","tag-eso"],"post_mailing_queue_ids":[],"_links":{"self":[{"href":"https:\/\/agora.xtec.cat\/iesllavaneres\/wp-json\/wp\/v2\/posts\/5723","targetHints":{"allow":["GET"]}}],"collection":[{"href":"https:\/\/agora.xtec.cat\/iesllavaneres\/wp-json\/wp\/v2\/posts"}],"about":[{"href":"https:\/\/agora.xtec.cat\/iesllavaneres\/wp-json\/wp\/v2\/types\/post"}],"author":[{"embeddable":true,"href":"https:\/\/agora.xtec.cat\/iesllavaneres\/wp-json\/wp\/v2\/users\/4"}],"replies":[{"embeddable":true,"href":"https:\/\/agora.xtec.cat\/iesllavaneres\/wp-json\/wp\/v2\/comments?post=5723"}],"version-history":[{"count":1,"href":"https:\/\/agora.xtec.cat\/iesllavaneres\/wp-json\/wp\/v2\/posts\/5723\/revisions"}],"predecessor-version":[{"id":5725,"href":"https:\/\/agora.xtec.cat\/iesllavaneres\/wp-json\/wp\/v2\/posts\/5723\/revisions\/5725"}],"wp:featuredmedia":[{"embeddable":true,"href":"https:\/\/agora.xtec.cat\/iesllavaneres\/wp-json\/wp\/v2\/media\/5724"}],"wp:attachment":[{"href":"https:\/\/agora.xtec.cat\/iesllavaneres\/wp-json\/wp\/v2\/media?parent=5723"}],"wp:term":[{"taxonomy":"category","embeddable":true,"href":"https:\/\/agora.xtec.cat\/iesllavaneres\/wp-json\/wp\/v2\/categories?post=5723"},{"taxonomy":"post_tag","embeddable":true,"href":"https:\/\/agora.xtec.cat\/iesllavaneres\/wp-json\/wp\/v2\/tags?post=5723"}],"curies":[{"name":"wp","href":"https:\/\/api.w.org\/{rel}","templated":true}]}}