{"id":5561,"date":"2026-03-10T13:28:50","date_gmt":"2026-03-10T12:28:50","guid":{"rendered":"https:\/\/agora.xtec.cat\/iesllavaneres\/?p=5561"},"modified":"2026-03-10T13:28:51","modified_gmt":"2026-03-10T12:28:51","slug":"el-cn-el-balis-distingeix-linstitut-llavaneres","status":"publish","type":"post","link":"https:\/\/agora.xtec.cat\/iesllavaneres\/eso-2\/el-cn-el-balis-distingeix-linstitut-llavaneres\/","title":{"rendered":"El CN El Bal\u00eds distingeix l&#8217;Institut Llavaneres"},"content":{"rendered":"\n<figure class=\"wp-block-image size-large\"><a href=\"https:\/\/agora.xtec.cat\/iesllavaneres\/wp-content\/uploads\/usu2229\/2026\/03\/placa-scaled.jpg\"><img loading=\"lazy\" decoding=\"async\" width=\"1024\" height=\"912\" src=\"https:\/\/agora.xtec.cat\/iesllavaneres\/wp-content\/uploads\/usu2229\/2026\/03\/placa-1024x912.jpg\" alt=\"\" class=\"wp-image-5562\" srcset=\"https:\/\/agora.xtec.cat\/iesllavaneres\/wp-content\/uploads\/usu2229\/2026\/03\/placa-1024x912.jpg 1024w, https:\/\/agora.xtec.cat\/iesllavaneres\/wp-content\/uploads\/usu2229\/2026\/03\/placa-300x267.jpg 300w, https:\/\/agora.xtec.cat\/iesllavaneres\/wp-content\/uploads\/usu2229\/2026\/03\/placa-768x684.jpg 768w, https:\/\/agora.xtec.cat\/iesllavaneres\/wp-content\/uploads\/usu2229\/2026\/03\/placa-1536x1368.jpg 1536w, https:\/\/agora.xtec.cat\/iesllavaneres\/wp-content\/uploads\/usu2229\/2026\/03\/placa-2048x1824.jpg 2048w\" sizes=\"auto, (max-width: 1024px) 100vw, 1024px\" \/><\/a><\/figure>\n\n\n\n<p>L\u2019Institut Llavaneres ha estat distingit pel Club N\u00e0utic El Bal\u00eds per la tasca que, en favor de la vela, es fa des del centre, en la Nit de l\u2019Esport celebrada dilluns 9 de mar\u00e7.<\/p>\n\n\n\n<p>El CN El Bal\u00eds va atorgar una distinci\u00f3 a l\u2019Institut Llavaneres pel seu comprom\u00eds i suport a l\u2019esport, en el marc de la celebraci\u00f3 dels 50 anys d\u2019hist\u00f2ria esportiva d\u2019aquest club llavanerenc. El premi va ser recollit pel director de l\u2019Institut, el Sr. Gabriel S\u00e0ez, i representa un reconeixement al treball que fa el nostre centre pel foment de l\u2019esport com a part imprescindible de l\u2019educaci\u00f3 dels joves, despr\u00e9s de molts anys d\u2019apostar per apropar la pr\u00e0ctica de la vela a la poblaci\u00f3.<\/p>\n\n\n\n<p>Des de fa moltes generacions, tots els alumnes de l\u2019Institut Llavaneres, quan arriben a 2n d\u2019ESO, durant un trimestre fan pr\u00e0ctica de vela al CN El Bal\u00eds com a part del curr\u00edculum d\u2019Educaci\u00f3 f\u00edsica, amb el suport dels monitors del club. Aix\u00f2 fa possible la difusi\u00f3 d\u2019aquest esport i que tots els joves en coneguin les bases, cosa que, sense aquesta col\u00b7laboraci\u00f3 potser no seria possible.<\/p>\n\n\n\n<p>Al llarg dels anys, tots els professors d\u2019Educaci\u00f3 f\u00edsica i tots els Equips Directius que ha tingut l\u2019Institut Llavaneres han apostat per mantenir aquesta activitat, malgrat les dificultats que pogu\u00e9s comportar. \u00c9s per aix\u00f2 que la distinci\u00f3 es fa extensiva a cadascun d\u2019ells.<\/p>\n\n\n\n<p>La Nit de l\u2019Esport, que havia estat ajornada des del 23 de gener, va comptar amb l\u2019assist\u00e8ncia dels batlles de les tres viles, el Sr. \u00c0lex Neira, de Sant Andreu de Llavaneres, el Sr. Javier Sandoval, de Sant Vicen\u00e7 de Montalt i la Sra. Elisabeth Segura, de Caldes d\u2019Estrac. Tamb\u00e9 hi eren presents personalitats pol\u00edtiques d\u2019alt nivell, com la presidenta del Consell de l\u2019Esport Catal\u00e0, la llavanerenca Carme Bastida, presidents i vicepresidents de les federacions de vela de Catalunya i d\u2019Espanya, el president del CN El Bal\u00eds, altres representants d\u2019institucions i esportistes guardonats.<\/p>\n\n\n\n<p>Arran d\u2019aquest premi, el CN El Bal\u00eds ha fet arribar al Director de l\u2019Institut Llavaneres noves propostes de col\u00b7laboraci\u00f3. Esperem que puguin tirar endavant ben aviat.<\/p>\n\n\n\n<p>Felicitats a tots els implicats!<\/p>\n","protected":false},"excerpt":{"rendered":"<p>Premi a la vela escolar! [&#8230;]<\/p>\n","protected":false},"author":4,"featured_media":5562,"comment_status":"open","ping_status":"open","sticky":false,"template":"","format":"standard","meta":{"_bbp_topic_count":0,"_bbp_reply_count":0,"_bbp_total_topic_count":0,"_bbp_total_reply_count":0,"_bbp_voice_count":0,"_bbp_anonymous_reply_count":0,"_bbp_topic_count_hidden":0,"_bbp_reply_count_hidden":0,"_bbp_forum_subforum_count":0,"site-sidebar-layout":"default","site-content-layout":"","ast-site-content-layout":"default","site-content-style":"default","site-sidebar-style":"default","ast-global-header-display":"","ast-banner-title-visibility":"","ast-main-header-display":"","ast-hfb-above-header-display":"","ast-hfb-below-header-display":"","ast-hfb-mobile-header-display":"","site-post-title":"","ast-breadcrumbs-content":"","ast-featured-img":"disabled","footer-sml-layout":"","theme-transparent-header-meta":"","adv-header-id-meta":"","stick-header-meta":"","header-above-stick-meta":"","header-main-stick-meta":"","header-below-stick-meta":"","astra-migrate-meta-layouts":"set","ast-page-background-enabled":"default","ast-page-background-meta":{"desktop":{"background-color":"var(--ast-global-color-4)","background-image":"","background-repeat":"repeat","background-position":"center center","background-size":"auto","background-attachment":"scroll","background-type":"","background-media":"","overlay-type":"","overlay-color":"","overlay-opacity":"","overlay-gradient":""},"tablet":{"background-color":"","background-image":"","background-repeat":"repeat","background-position":"center center","background-size":"auto","background-attachment":"scroll","background-type":"","background-media":"","overlay-type":"","overlay-color":"","overlay-opacity":"","overlay-gradient":""},"mobile":{"background-color":"","background-image":"","background-repeat":"repeat","background-position":"center center","background-size":"auto","background-attachment":"scroll","background-type":"","background-media":"","overlay-type":"","overlay-color":"","overlay-opacity":"","overlay-gradient":""}},"ast-content-background-meta":{"desktop":{"background-color":"var(--ast-global-color-5)","background-image":"","background-repeat":"repeat","background-position":"center center","background-size":"auto","background-attachment":"scroll","background-type":"","background-media":"","overlay-type":"","overlay-color":"","overlay-opacity":"","overlay-gradient":""},"tablet":{"background-color":"var(--ast-global-color-5)","background-image":"","background-repeat":"repeat","background-position":"center center","background-size":"auto","background-attachment":"scroll","background-type":"","background-media":"","overlay-type":"","overlay-color":"","overlay-opacity":"","overlay-gradient":""},"mobile":{"background-color":"var(--ast-global-color-5)","background-image":"","background-repeat":"repeat","background-position":"center center","background-size":"auto","background-attachment":"scroll","background-type":"","background-media":"","overlay-type":"","overlay-color":"","overlay-opacity":"","overlay-gradient":""}},"footnotes":""},"categories":[142,5,29],"tags":[132,189,111,116],"class_list":["post-5561","post","type-post","status-publish","format-standard","has-post-thumbnail","hentry","category-afa","category-eso-2","category-portada","tag-2n-deso","tag-activitats","tag-educacio-fisica","tag-eso"],"post_mailing_queue_ids":[],"_links":{"self":[{"href":"https:\/\/agora.xtec.cat\/iesllavaneres\/wp-json\/wp\/v2\/posts\/5561","targetHints":{"allow":["GET"]}}],"collection":[{"href":"https:\/\/agora.xtec.cat\/iesllavaneres\/wp-json\/wp\/v2\/posts"}],"about":[{"href":"https:\/\/agora.xtec.cat\/iesllavaneres\/wp-json\/wp\/v2\/types\/post"}],"author":[{"embeddable":true,"href":"https:\/\/agora.xtec.cat\/iesllavaneres\/wp-json\/wp\/v2\/users\/4"}],"replies":[{"embeddable":true,"href":"https:\/\/agora.xtec.cat\/iesllavaneres\/wp-json\/wp\/v2\/comments?post=5561"}],"version-history":[{"count":1,"href":"https:\/\/agora.xtec.cat\/iesllavaneres\/wp-json\/wp\/v2\/posts\/5561\/revisions"}],"predecessor-version":[{"id":5563,"href":"https:\/\/agora.xtec.cat\/iesllavaneres\/wp-json\/wp\/v2\/posts\/5561\/revisions\/5563"}],"wp:featuredmedia":[{"embeddable":true,"href":"https:\/\/agora.xtec.cat\/iesllavaneres\/wp-json\/wp\/v2\/media\/5562"}],"wp:attachment":[{"href":"https:\/\/agora.xtec.cat\/iesllavaneres\/wp-json\/wp\/v2\/media?parent=5561"}],"wp:term":[{"taxonomy":"category","embeddable":true,"href":"https:\/\/agora.xtec.cat\/iesllavaneres\/wp-json\/wp\/v2\/categories?post=5561"},{"taxonomy":"post_tag","embeddable":true,"href":"https:\/\/agora.xtec.cat\/iesllavaneres\/wp-json\/wp\/v2\/tags?post=5561"}],"curies":[{"name":"wp","href":"https:\/\/api.w.org\/{rel}","templated":true}]}}