{"id":5474,"date":"2026-02-09T09:16:26","date_gmt":"2026-02-09T08:16:26","guid":{"rendered":"https:\/\/agora.xtec.cat\/iesllavaneres\/?p=5474"},"modified":"2026-03-13T11:25:10","modified_gmt":"2026-03-13T10:25:10","slug":"recordem-julia-martinez-a-la-lliga-de-debat","status":"publish","type":"post","link":"https:\/\/agora.xtec.cat\/iesllavaneres\/general\/recordem-julia-martinez-a-la-lliga-de-debat\/","title":{"rendered":"Recordem J\u00falia Mart\u00ednez"},"content":{"rendered":"\n<figure class=\"wp-block-image size-large\"><a href=\"https:\/\/agora.xtec.cat\/iesllavaneres\/wp-content\/uploads\/usu2229\/2026\/02\/IMG-20260206-WA0027.jpg\"><img loading=\"lazy\" decoding=\"async\" width=\"924\" height=\"1024\" src=\"https:\/\/agora.xtec.cat\/iesllavaneres\/wp-content\/uploads\/usu2229\/2026\/02\/IMG-20260206-WA0027-924x1024.jpg\" alt=\"\" class=\"wp-image-5479\" srcset=\"https:\/\/agora.xtec.cat\/iesllavaneres\/wp-content\/uploads\/usu2229\/2026\/02\/IMG-20260206-WA0027-924x1024.jpg 924w, https:\/\/agora.xtec.cat\/iesllavaneres\/wp-content\/uploads\/usu2229\/2026\/02\/IMG-20260206-WA0027-271x300.jpg 271w, https:\/\/agora.xtec.cat\/iesllavaneres\/wp-content\/uploads\/usu2229\/2026\/02\/IMG-20260206-WA0027-768x851.jpg 768w, https:\/\/agora.xtec.cat\/iesllavaneres\/wp-content\/uploads\/usu2229\/2026\/02\/IMG-20260206-WA0027.jpg 945w\" sizes=\"auto, (max-width: 924px) 100vw, 924px\" \/><\/a><\/figure>\n\n\n\n<p>Recordem la participaci\u00f3 de la J\u00falia a la Lliga de Debat.<\/p>\n\n\n\n<p>Recuperem avui l&#8217;article que, en el seu moment, es va publicar a la p\u00e0gina web de l&#8217;Institut Llavaneres i que relatava la participaci\u00f3 de diversos alumnes del centre al concurs Lliga de Debat de Secund\u00e0ria i Batxillerat.<\/p>\n\n\n\n<p><em>Arribem el dia 14 de febrer de 2018 a les 9 a la Universitat de Barcelona. Nosaltres sab\u00edem que el nostre primer debat era a les 11. Donem credencials i cap al Paranimf. Vol\u00edem veure el primer debat. S\u00f3n les 10, 10.15, 10:30 i nom\u00e9s hi ha un equip a la palestra. Ens comuniquen que un equip no s\u2019ha presentat. B\u00e9, nosaltres passem a ser els primers. La magnific\u00e8ncia del paranimf havia deixat tothom garratibat, per\u00f2 s\u00f3n les 11, comen\u00e7a el nostre debat i hem de defensar la postura en contra (<\/em>L\u2019humor <u>no<\/u> t\u00e9 l\u00edmits<em>). La J\u00falia Mart\u00ednez agafa la paraula i fa tota la seva argumentaci\u00f3 davant del jurat; deixa el faristol, baixa i amb el micr\u00f2fon a la m\u00e0 i cara a cara amb el jurat els explica tot el que sap. La noia no es va esporuguir: el micro no funcionava i ella va continuar parlant: tenia el jurat ben a prop i la pod\u00edem sentir. Va fer un discurs argumentatiu genial, que va deixar bocabadat tothom i alhora va encoratjar el seu equip a lluitar.<\/em><\/p>\n\n\n\n<p>Aquesta arrencada de la J\u00falia va donar al grup la for\u00e7a necess\u00e0ria per guanyar els quarts de final, despr\u00e9s les semifinals i arribar a la final.<\/p>\n","protected":false},"excerpt":{"rendered":"<p>Recordem la participaci\u00f3 de la J\u00falia a la Lliga de Debat.<\/p>\n","protected":false},"author":4,"featured_media":5479,"comment_status":"open","ping_status":"open","sticky":false,"template":"","format":"standard","meta":{"_bbp_topic_count":0,"_bbp_reply_count":0,"_bbp_total_topic_count":0,"_bbp_total_reply_count":0,"_bbp_voice_count":0,"_bbp_anonymous_reply_count":0,"_bbp_topic_count_hidden":0,"_bbp_reply_count_hidden":0,"_bbp_forum_subforum_count":0,"site-sidebar-layout":"default","site-content-layout":"","ast-site-content-layout":"default","site-content-style":"default","site-sidebar-style":"default","ast-global-header-display":"","ast-banner-title-visibility":"","ast-main-header-display":"","ast-hfb-above-header-display":"","ast-hfb-below-header-display":"","ast-hfb-mobile-header-display":"","site-post-title":"","ast-breadcrumbs-content":"","ast-featured-img":"disabled","footer-sml-layout":"","theme-transparent-header-meta":"","adv-header-id-meta":"","stick-header-meta":"","header-above-stick-meta":"","header-main-stick-meta":"","header-below-stick-meta":"","astra-migrate-meta-layouts":"set","ast-page-background-enabled":"default","ast-page-background-meta":{"desktop":{"background-color":"var(--ast-global-color-4)","background-image":"","background-repeat":"repeat","background-position":"center center","background-size":"auto","background-attachment":"scroll","background-type":"","background-media":"","overlay-type":"","overlay-color":"","overlay-opacity":"","overlay-gradient":""},"tablet":{"background-color":"","background-image":"","background-repeat":"repeat","background-position":"center center","background-size":"auto","background-attachment":"scroll","background-type":"","background-media":"","overlay-type":"","overlay-color":"","overlay-opacity":"","overlay-gradient":""},"mobile":{"background-color":"","background-image":"","background-repeat":"repeat","background-position":"center center","background-size":"auto","background-attachment":"scroll","background-type":"","background-media":"","overlay-type":"","overlay-color":"","overlay-opacity":"","overlay-gradient":""}},"ast-content-background-meta":{"desktop":{"background-color":"var(--ast-global-color-5)","background-image":"","background-repeat":"repeat","background-position":"center center","background-size":"auto","background-attachment":"scroll","background-type":"","background-media":"","overlay-type":"","overlay-color":"","overlay-opacity":"","overlay-gradient":""},"tablet":{"background-color":"var(--ast-global-color-5)","background-image":"","background-repeat":"repeat","background-position":"center center","background-size":"auto","background-attachment":"scroll","background-type":"","background-media":"","overlay-type":"","overlay-color":"","overlay-opacity":"","overlay-gradient":""},"mobile":{"background-color":"var(--ast-global-color-5)","background-image":"","background-repeat":"repeat","background-position":"center center","background-size":"auto","background-attachment":"scroll","background-type":"","background-media":"","overlay-type":"","overlay-color":"","overlay-opacity":"","overlay-gradient":""}},"footnotes":""},"categories":[1,29],"tags":[224],"class_list":["post-5474","post","type-post","status-publish","format-standard","has-post-thumbnail","hentry","category-general","category-portada","tag-institut-llavaneres"],"post_mailing_queue_ids":[],"_links":{"self":[{"href":"https:\/\/agora.xtec.cat\/iesllavaneres\/wp-json\/wp\/v2\/posts\/5474","targetHints":{"allow":["GET"]}}],"collection":[{"href":"https:\/\/agora.xtec.cat\/iesllavaneres\/wp-json\/wp\/v2\/posts"}],"about":[{"href":"https:\/\/agora.xtec.cat\/iesllavaneres\/wp-json\/wp\/v2\/types\/post"}],"author":[{"embeddable":true,"href":"https:\/\/agora.xtec.cat\/iesllavaneres\/wp-json\/wp\/v2\/users\/4"}],"replies":[{"embeddable":true,"href":"https:\/\/agora.xtec.cat\/iesllavaneres\/wp-json\/wp\/v2\/comments?post=5474"}],"version-history":[{"count":3,"href":"https:\/\/agora.xtec.cat\/iesllavaneres\/wp-json\/wp\/v2\/posts\/5474\/revisions"}],"predecessor-version":[{"id":5585,"href":"https:\/\/agora.xtec.cat\/iesllavaneres\/wp-json\/wp\/v2\/posts\/5474\/revisions\/5585"}],"wp:featuredmedia":[{"embeddable":true,"href":"https:\/\/agora.xtec.cat\/iesllavaneres\/wp-json\/wp\/v2\/media\/5479"}],"wp:attachment":[{"href":"https:\/\/agora.xtec.cat\/iesllavaneres\/wp-json\/wp\/v2\/media?parent=5474"}],"wp:term":[{"taxonomy":"category","embeddable":true,"href":"https:\/\/agora.xtec.cat\/iesllavaneres\/wp-json\/wp\/v2\/categories?post=5474"},{"taxonomy":"post_tag","embeddable":true,"href":"https:\/\/agora.xtec.cat\/iesllavaneres\/wp-json\/wp\/v2\/tags?post=5474"}],"curies":[{"name":"wp","href":"https:\/\/api.w.org\/{rel}","templated":true}]}}