{"id":5381,"date":"2025-12-02T10:55:00","date_gmt":"2025-12-02T09:55:00","guid":{"rendered":"https:\/\/agora.xtec.cat\/iesllavaneres\/?p=5381"},"modified":"2025-12-02T10:56:05","modified_gmt":"2025-12-02T09:56:05","slug":"1a-nit-destels-a-linstitut-llavaneres","status":"publish","type":"post","link":"https:\/\/agora.xtec.cat\/iesllavaneres\/general\/1a-nit-destels-a-linstitut-llavaneres\/","title":{"rendered":"1a Nit d&#8217;estels a l&#8217;Institut Llavaneres"},"content":{"rendered":"\n<figure class=\"wp-block-image size-large\"><a href=\"https:\/\/agora.xtec.cat\/iesllavaneres\/wp-content\/uploads\/usu2229\/2025\/12\/20251129_175736-min.jpg\"><img loading=\"lazy\" decoding=\"async\" width=\"1024\" height=\"992\" src=\"https:\/\/agora.xtec.cat\/iesllavaneres\/wp-content\/uploads\/usu2229\/2025\/12\/20251129_175736-min-1024x992.jpg\" alt=\"\" class=\"wp-image-5382\" srcset=\"https:\/\/agora.xtec.cat\/iesllavaneres\/wp-content\/uploads\/usu2229\/2025\/12\/20251129_175736-min-1024x992.jpg 1024w, https:\/\/agora.xtec.cat\/iesllavaneres\/wp-content\/uploads\/usu2229\/2025\/12\/20251129_175736-min-300x291.jpg 300w, https:\/\/agora.xtec.cat\/iesllavaneres\/wp-content\/uploads\/usu2229\/2025\/12\/20251129_175736-min-768x744.jpg 768w, https:\/\/agora.xtec.cat\/iesllavaneres\/wp-content\/uploads\/usu2229\/2025\/12\/20251129_175736-min-1536x1488.jpg 1536w, https:\/\/agora.xtec.cat\/iesllavaneres\/wp-content\/uploads\/usu2229\/2025\/12\/20251129_175736-min-2048x1984.jpg 2048w\" sizes=\"auto, (max-width: 1024px) 100vw, 1024px\" \/><\/a><\/figure>\n\n\n\n<p>Una vuitantena de persones, entre alumnes, professors i fam\u00edlies, assisteixen a la primera Nit dels estels.<\/p>\n\n\n\n<p>Dissabte 29 de novembre, entre les 17,30 i les 19,30, els professors Pere Novell i Gabriel S\u00e0ez, del Departament de Ci\u00e8ncies naturals, van reunir m\u00e9s de 80 persones al sol\u00e0rium de l&#8217;Institut Llavaneres per observar el cel i els cossos que l&#8217;habiten: Lluna i estels.<\/p>\n\n\n\n<p>L&#8217;activitat era oberta a tota la comunitat educativa aix\u00ed com a les fam\u00edlies d&#8217;alumnes de Prim\u00e0ria de les escoles Jaume Llull i Serenavall, i estava inclosa en la celebraci\u00f3 de la Setmana de la Ci\u00e8ncia.<\/p>\n\n\n\n<p>Gabriel S\u00e0ez, Departament de Ci\u00e8ncies naturals<\/p>\n","protected":false},"excerpt":{"rendered":"<p>Una vuitantena de persones, entre alumnes, professors i fam\u00edlies, assisteixen a la primera Nit dels estels. [&#8230;]<\/p>\n","protected":false},"author":4,"featured_media":5383,"comment_status":"open","ping_status":"open","sticky":false,"template":"","format":"standard","meta":{"_bbp_topic_count":0,"_bbp_reply_count":0,"_bbp_total_topic_count":0,"_bbp_total_reply_count":0,"_bbp_voice_count":0,"_bbp_anonymous_reply_count":0,"_bbp_topic_count_hidden":0,"_bbp_reply_count_hidden":0,"_bbp_forum_subforum_count":0,"site-sidebar-layout":"default","site-content-layout":"","ast-site-content-layout":"default","site-content-style":"default","site-sidebar-style":"default","ast-global-header-display":"","ast-banner-title-visibility":"","ast-main-header-display":"","ast-hfb-above-header-display":"","ast-hfb-below-header-display":"","ast-hfb-mobile-header-display":"","site-post-title":"","ast-breadcrumbs-content":"","ast-featured-img":"disabled","footer-sml-layout":"","theme-transparent-header-meta":"","adv-header-id-meta":"","stick-header-meta":"","header-above-stick-meta":"","header-main-stick-meta":"","header-below-stick-meta":"","astra-migrate-meta-layouts":"set","ast-page-background-enabled":"default","ast-page-background-meta":{"desktop":{"background-color":"var(--ast-global-color-4)","background-image":"","background-repeat":"repeat","background-position":"center center","background-size":"auto","background-attachment":"scroll","background-type":"","background-media":"","overlay-type":"","overlay-color":"","overlay-opacity":"","overlay-gradient":""},"tablet":{"background-color":"","background-image":"","background-repeat":"repeat","background-position":"center center","background-size":"auto","background-attachment":"scroll","background-type":"","background-media":"","overlay-type":"","overlay-color":"","overlay-opacity":"","overlay-gradient":""},"mobile":{"background-color":"","background-image":"","background-repeat":"repeat","background-position":"center center","background-size":"auto","background-attachment":"scroll","background-type":"","background-media":"","overlay-type":"","overlay-color":"","overlay-opacity":"","overlay-gradient":""}},"ast-content-background-meta":{"desktop":{"background-color":"var(--ast-global-color-5)","background-image":"","background-repeat":"repeat","background-position":"center center","background-size":"auto","background-attachment":"scroll","background-type":"","background-media":"","overlay-type":"","overlay-color":"","overlay-opacity":"","overlay-gradient":""},"tablet":{"background-color":"var(--ast-global-color-5)","background-image":"","background-repeat":"repeat","background-position":"center center","background-size":"auto","background-attachment":"scroll","background-type":"","background-media":"","overlay-type":"","overlay-color":"","overlay-opacity":"","overlay-gradient":""},"mobile":{"background-color":"var(--ast-global-color-5)","background-image":"","background-repeat":"repeat","background-position":"center center","background-size":"auto","background-attachment":"scroll","background-type":"","background-media":"","overlay-type":"","overlay-color":"","overlay-opacity":"","overlay-gradient":""}},"footnotes":""},"categories":[1,29],"tags":[189],"class_list":["post-5381","post","type-post","status-publish","format-standard","has-post-thumbnail","hentry","category-general","category-portada","tag-activitats"],"post_mailing_queue_ids":[],"_links":{"self":[{"href":"https:\/\/agora.xtec.cat\/iesllavaneres\/wp-json\/wp\/v2\/posts\/5381","targetHints":{"allow":["GET"]}}],"collection":[{"href":"https:\/\/agora.xtec.cat\/iesllavaneres\/wp-json\/wp\/v2\/posts"}],"about":[{"href":"https:\/\/agora.xtec.cat\/iesllavaneres\/wp-json\/wp\/v2\/types\/post"}],"author":[{"embeddable":true,"href":"https:\/\/agora.xtec.cat\/iesllavaneres\/wp-json\/wp\/v2\/users\/4"}],"replies":[{"embeddable":true,"href":"https:\/\/agora.xtec.cat\/iesllavaneres\/wp-json\/wp\/v2\/comments?post=5381"}],"version-history":[{"count":2,"href":"https:\/\/agora.xtec.cat\/iesllavaneres\/wp-json\/wp\/v2\/posts\/5381\/revisions"}],"predecessor-version":[{"id":5388,"href":"https:\/\/agora.xtec.cat\/iesllavaneres\/wp-json\/wp\/v2\/posts\/5381\/revisions\/5388"}],"wp:featuredmedia":[{"embeddable":true,"href":"https:\/\/agora.xtec.cat\/iesllavaneres\/wp-json\/wp\/v2\/media\/5383"}],"wp:attachment":[{"href":"https:\/\/agora.xtec.cat\/iesllavaneres\/wp-json\/wp\/v2\/media?parent=5381"}],"wp:term":[{"taxonomy":"category","embeddable":true,"href":"https:\/\/agora.xtec.cat\/iesllavaneres\/wp-json\/wp\/v2\/categories?post=5381"},{"taxonomy":"post_tag","embeddable":true,"href":"https:\/\/agora.xtec.cat\/iesllavaneres\/wp-json\/wp\/v2\/tags?post=5381"}],"curies":[{"name":"wp","href":"https:\/\/api.w.org\/{rel}","templated":true}]}}