{"id":5369,"date":"2025-11-24T12:58:52","date_gmt":"2025-11-24T11:58:52","guid":{"rendered":"https:\/\/agora.xtec.cat\/iesllavaneres\/?p=5369"},"modified":"2025-11-24T12:58:53","modified_gmt":"2025-11-24T11:58:53","slug":"consell-escolar-renovat","status":"publish","type":"post","link":"https:\/\/agora.xtec.cat\/iesllavaneres\/general\/consell-escolar-renovat\/","title":{"rendered":"Consell escolar renovat"},"content":{"rendered":"\n<figure class=\"wp-block-image size-full\"><a href=\"https:\/\/agora.xtec.cat\/iesllavaneres\/wp-content\/uploads\/usu2229\/2025\/11\/IMG_2730.jpeg\"><img loading=\"lazy\" decoding=\"async\" width=\"640\" height=\"360\" src=\"https:\/\/agora.xtec.cat\/iesllavaneres\/wp-content\/uploads\/usu2229\/2025\/11\/IMG_2730.jpeg\" alt=\"\" class=\"wp-image-5370\" srcset=\"https:\/\/agora.xtec.cat\/iesllavaneres\/wp-content\/uploads\/usu2229\/2025\/11\/IMG_2730.jpeg 640w, https:\/\/agora.xtec.cat\/iesllavaneres\/wp-content\/uploads\/usu2229\/2025\/11\/IMG_2730-300x169.jpeg 300w\" sizes=\"auto, (max-width: 640px) 100vw, 640px\" \/><\/a><\/figure>\n\n\n\n<p>La comunitat educativa de l&#8217;Institut Llavaneres renova una part dels seus representants.<\/p>\n\n\n\n<p>El <a href=\"http:\/\/chrome-extension:\/\/efaidnbmnnnibpcajpcglclefindmkaj\/https:\/\/agora.xtec.cat\/escolalesllisses\/wp-content\/uploads\/usu2000\/2021\/11\/Que-es-el-Consell-Escolar-2021.pdf\">Consell escolar<\/a> de qualsevol centre est\u00e0 format per diferents membres de la comunitat educativa, de manera que tothom hi \u00e9s representat en el percentatge corresponent segons marca el Departament d&#8217;Ensenyament: sector d&#8217;alumnes, sector de professor, sector de fam\u00edlies i sector de personal PAS-PAE.<\/p>\n\n\n\n<p> Aquests membres s&#8217;han de renovar cada cert temps i, per aquest motiu, tenen lloc les eleccions en cadascun dels quatre sectors. La setmana passada, alumnes, professors, fam\u00edlies i PAS-PAE van votar els candidats que s&#8217;havien presentat dies abans.<\/p>\n\n\n\n<p>A continuaci\u00f3 us n&#8217;oferim els resultats: Sergi Mateu, amb 421 vots, i Al\u00e8xia Ruiz, amb 124, s\u00f3n els representants dels alumnes; Pep Blay, amb 32 vots, Guillem Sartorio, amb 27 i Montse Mora, amb 25, s\u00f3n els professors m\u00e9s votats per a representar el claustre; Elisabet Laso, amb 8 vots, s&#8217;incorpora al Consell com a representant de les fam\u00edlies, i Teresa Llad\u00f3 rep 5 vots del sector PAS-PAE.<\/p>\n\n\n\n<p>Moltes gr\u00e0cies a tothom per la participaci\u00f3 i als representants dels diferents sectors per la seva disposici\u00f3.<\/p>\n","protected":false},"excerpt":{"rendered":"<p>La comunitat educativa de l&#8217;Institut Llavaneres renova una part dels seus representants. [&#8230;]<\/p>\n","protected":false},"author":4,"featured_media":5261,"comment_status":"open","ping_status":"open","sticky":false,"template":"","format":"standard","meta":{"_bbp_topic_count":0,"_bbp_reply_count":0,"_bbp_total_topic_count":0,"_bbp_total_reply_count":0,"_bbp_voice_count":0,"_bbp_anonymous_reply_count":0,"_bbp_topic_count_hidden":0,"_bbp_reply_count_hidden":0,"_bbp_forum_subforum_count":0,"site-sidebar-layout":"default","site-content-layout":"","ast-site-content-layout":"default","site-content-style":"default","site-sidebar-style":"default","ast-global-header-display":"","ast-banner-title-visibility":"","ast-main-header-display":"","ast-hfb-above-header-display":"","ast-hfb-below-header-display":"","ast-hfb-mobile-header-display":"","site-post-title":"","ast-breadcrumbs-content":"","ast-featured-img":"disabled","footer-sml-layout":"","theme-transparent-header-meta":"","adv-header-id-meta":"","stick-header-meta":"","header-above-stick-meta":"","header-main-stick-meta":"","header-below-stick-meta":"","astra-migrate-meta-layouts":"set","ast-page-background-enabled":"default","ast-page-background-meta":{"desktop":{"background-color":"var(--ast-global-color-4)","background-image":"","background-repeat":"repeat","background-position":"center center","background-size":"auto","background-attachment":"scroll","background-type":"","background-media":"","overlay-type":"","overlay-color":"","overlay-opacity":"","overlay-gradient":""},"tablet":{"background-color":"","background-image":"","background-repeat":"repeat","background-position":"center center","background-size":"auto","background-attachment":"scroll","background-type":"","background-media":"","overlay-type":"","overlay-color":"","overlay-opacity":"","overlay-gradient":""},"mobile":{"background-color":"","background-image":"","background-repeat":"repeat","background-position":"center center","background-size":"auto","background-attachment":"scroll","background-type":"","background-media":"","overlay-type":"","overlay-color":"","overlay-opacity":"","overlay-gradient":""}},"ast-content-background-meta":{"desktop":{"background-color":"var(--ast-global-color-5)","background-image":"","background-repeat":"repeat","background-position":"center center","background-size":"auto","background-attachment":"scroll","background-type":"","background-media":"","overlay-type":"","overlay-color":"","overlay-opacity":"","overlay-gradient":""},"tablet":{"background-color":"var(--ast-global-color-5)","background-image":"","background-repeat":"repeat","background-position":"center center","background-size":"auto","background-attachment":"scroll","background-type":"","background-media":"","overlay-type":"","overlay-color":"","overlay-opacity":"","overlay-gradient":""},"mobile":{"background-color":"var(--ast-global-color-5)","background-image":"","background-repeat":"repeat","background-position":"center center","background-size":"auto","background-attachment":"scroll","background-type":"","background-media":"","overlay-type":"","overlay-color":"","overlay-opacity":"","overlay-gradient":""}},"footnotes":""},"categories":[142,1,29],"tags":[201],"class_list":["post-5369","post","type-post","status-publish","format-standard","has-post-thumbnail","hentry","category-afa","category-general","category-portada","tag-consell-escolar"],"post_mailing_queue_ids":[],"_links":{"self":[{"href":"https:\/\/agora.xtec.cat\/iesllavaneres\/wp-json\/wp\/v2\/posts\/5369","targetHints":{"allow":["GET"]}}],"collection":[{"href":"https:\/\/agora.xtec.cat\/iesllavaneres\/wp-json\/wp\/v2\/posts"}],"about":[{"href":"https:\/\/agora.xtec.cat\/iesllavaneres\/wp-json\/wp\/v2\/types\/post"}],"author":[{"embeddable":true,"href":"https:\/\/agora.xtec.cat\/iesllavaneres\/wp-json\/wp\/v2\/users\/4"}],"replies":[{"embeddable":true,"href":"https:\/\/agora.xtec.cat\/iesllavaneres\/wp-json\/wp\/v2\/comments?post=5369"}],"version-history":[{"count":1,"href":"https:\/\/agora.xtec.cat\/iesllavaneres\/wp-json\/wp\/v2\/posts\/5369\/revisions"}],"predecessor-version":[{"id":5371,"href":"https:\/\/agora.xtec.cat\/iesllavaneres\/wp-json\/wp\/v2\/posts\/5369\/revisions\/5371"}],"wp:featuredmedia":[{"embeddable":true,"href":"https:\/\/agora.xtec.cat\/iesllavaneres\/wp-json\/wp\/v2\/media\/5261"}],"wp:attachment":[{"href":"https:\/\/agora.xtec.cat\/iesllavaneres\/wp-json\/wp\/v2\/media?parent=5369"}],"wp:term":[{"taxonomy":"category","embeddable":true,"href":"https:\/\/agora.xtec.cat\/iesllavaneres\/wp-json\/wp\/v2\/categories?post=5369"},{"taxonomy":"post_tag","embeddable":true,"href":"https:\/\/agora.xtec.cat\/iesllavaneres\/wp-json\/wp\/v2\/tags?post=5369"}],"curies":[{"name":"wp","href":"https:\/\/api.w.org\/{rel}","templated":true}]}}