{"id":5252,"date":"2025-10-28T10:30:00","date_gmt":"2025-10-28T09:30:00","guid":{"rendered":"https:\/\/agora.xtec.cat\/iesllavaneres\/?p=5252"},"modified":"2025-11-07T10:44:28","modified_gmt":"2025-11-07T09:44:28","slug":"tallers-destinats-a-les-families","status":"publish","type":"post","link":"https:\/\/agora.xtec.cat\/iesllavaneres\/general\/tallers-destinats-a-les-families\/","title":{"rendered":"Tallers destinats a les fam\u00edlies"},"content":{"rendered":"\n<figure class=\"wp-block-image size-large\"><a href=\"https:\/\/agora.xtec.cat\/iesllavaneres\/wp-content\/uploads\/usu2229\/2025\/10\/image.png\"><img loading=\"lazy\" decoding=\"async\" width=\"724\" height=\"1024\" src=\"https:\/\/agora.xtec.cat\/iesllavaneres\/wp-content\/uploads\/usu2229\/2025\/10\/image-724x1024.png\" alt=\"\" class=\"wp-image-5253\" srcset=\"https:\/\/agora.xtec.cat\/iesllavaneres\/wp-content\/uploads\/usu2229\/2025\/10\/image-724x1024.png 724w, https:\/\/agora.xtec.cat\/iesllavaneres\/wp-content\/uploads\/usu2229\/2025\/10\/image-212x300.png 212w, https:\/\/agora.xtec.cat\/iesllavaneres\/wp-content\/uploads\/usu2229\/2025\/10\/image-768x1086.png 768w, https:\/\/agora.xtec.cat\/iesllavaneres\/wp-content\/uploads\/usu2229\/2025\/10\/image-1086x1536.png 1086w, https:\/\/agora.xtec.cat\/iesllavaneres\/wp-content\/uploads\/usu2229\/2025\/10\/image.png 1414w\" sizes=\"auto, (max-width: 724px) 100vw, 724px\" \/><\/a><\/figure>\n\n\n\n<p>Tallers <em>Eduquem des de la Coeducaci\u00f3<\/em> \u00e9s el t\u00edtol que recull les tres sessions que tindran lloc durant la primera meitat de novembre als diferents centres escolars de Llavaneres. Les dates seran el 10, l&#8217;11 i el 17 de novembre, a l&#8217;Institut Llavaneres, a l&#8217;Escola Jaume Llull i a la Llar d&#8217;infants Minerva respectivament.<\/p>\n\n\n\n<p>Els tallers s\u00f3n una iniciativa de la <a href=\"https:\/\/ajllavaneres.cat\/22826\">Taula Coeducativa de Llavaneres<\/a>, reunida el mes de juliol i formada per representats de les escoles bressol, Minerva i Sant Nicolau; els centres de prim\u00e0ria, Jaume Llull i Serena Vall, i l&#8217;Institut Llavaneres, a m\u00e9s de les Regidories d&#8217;Igualtat i de Joventut.<\/p>\n\n\n\n<p>Els tallers aniran a c\u00e0rrec d&#8217;<a href=\"https:\/\/www.agustinaorsi.com\/products\">Agustina Orsie<\/a>, l&#8217;experta proposada per l&#8217;Ajuntament de Llavaneres i la Diputaci\u00f3 de Barcelona, i que \u00e9s referent en aquest camp.<\/p>\n","protected":false},"excerpt":{"rendered":"<p>Tallers Eduquem des de la Coeducaci\u00f3 \u00e9s el t\u00edtol que recull les tres sessions que tindran lloc durant la primera meitat de novembre als diferents centres escolars de Llavaneres. [&#8230;]<\/p>\n","protected":false},"author":4,"featured_media":5254,"comment_status":"open","ping_status":"open","sticky":false,"template":"","format":"standard","meta":{"_bbp_topic_count":0,"_bbp_reply_count":0,"_bbp_total_topic_count":0,"_bbp_total_reply_count":0,"_bbp_voice_count":0,"_bbp_anonymous_reply_count":0,"_bbp_topic_count_hidden":0,"_bbp_reply_count_hidden":0,"_bbp_forum_subforum_count":0,"site-sidebar-layout":"default","site-content-layout":"","ast-site-content-layout":"default","site-content-style":"default","site-sidebar-style":"default","ast-global-header-display":"","ast-banner-title-visibility":"","ast-main-header-display":"","ast-hfb-above-header-display":"","ast-hfb-below-header-display":"","ast-hfb-mobile-header-display":"","site-post-title":"","ast-breadcrumbs-content":"","ast-featured-img":"disabled","footer-sml-layout":"","theme-transparent-header-meta":"","adv-header-id-meta":"","stick-header-meta":"","header-above-stick-meta":"","header-main-stick-meta":"","header-below-stick-meta":"","astra-migrate-meta-layouts":"set","ast-page-background-enabled":"default","ast-page-background-meta":{"desktop":{"background-color":"var(--ast-global-color-4)","background-image":"","background-repeat":"repeat","background-position":"center center","background-size":"auto","background-attachment":"scroll","background-type":"","background-media":"","overlay-type":"","overlay-color":"","overlay-opacity":"","overlay-gradient":""},"tablet":{"background-color":"","background-image":"","background-repeat":"repeat","background-position":"center center","background-size":"auto","background-attachment":"scroll","background-type":"","background-media":"","overlay-type":"","overlay-color":"","overlay-opacity":"","overlay-gradient":""},"mobile":{"background-color":"","background-image":"","background-repeat":"repeat","background-position":"center center","background-size":"auto","background-attachment":"scroll","background-type":"","background-media":"","overlay-type":"","overlay-color":"","overlay-opacity":"","overlay-gradient":""}},"ast-content-background-meta":{"desktop":{"background-color":"var(--ast-global-color-5)","background-image":"","background-repeat":"repeat","background-position":"center center","background-size":"auto","background-attachment":"scroll","background-type":"","background-media":"","overlay-type":"","overlay-color":"","overlay-opacity":"","overlay-gradient":""},"tablet":{"background-color":"var(--ast-global-color-5)","background-image":"","background-repeat":"repeat","background-position":"center center","background-size":"auto","background-attachment":"scroll","background-type":"","background-media":"","overlay-type":"","overlay-color":"","overlay-opacity":"","overlay-gradient":""},"mobile":{"background-color":"var(--ast-global-color-5)","background-image":"","background-repeat":"repeat","background-position":"center center","background-size":"auto","background-attachment":"scroll","background-type":"","background-media":"","overlay-type":"","overlay-color":"","overlay-opacity":"","overlay-gradient":""}},"footnotes":""},"categories":[1,141,29],"tags":[220],"class_list":["post-5252","post","type-post","status-publish","format-standard","has-post-thumbnail","hentry","category-general","category-orientacio","category-portada","tag-activitats-per-a-families"],"post_mailing_queue_ids":[],"_links":{"self":[{"href":"https:\/\/agora.xtec.cat\/iesllavaneres\/wp-json\/wp\/v2\/posts\/5252","targetHints":{"allow":["GET"]}}],"collection":[{"href":"https:\/\/agora.xtec.cat\/iesllavaneres\/wp-json\/wp\/v2\/posts"}],"about":[{"href":"https:\/\/agora.xtec.cat\/iesllavaneres\/wp-json\/wp\/v2\/types\/post"}],"author":[{"embeddable":true,"href":"https:\/\/agora.xtec.cat\/iesllavaneres\/wp-json\/wp\/v2\/users\/4"}],"replies":[{"embeddable":true,"href":"https:\/\/agora.xtec.cat\/iesllavaneres\/wp-json\/wp\/v2\/comments?post=5252"}],"version-history":[{"count":4,"href":"https:\/\/agora.xtec.cat\/iesllavaneres\/wp-json\/wp\/v2\/posts\/5252\/revisions"}],"predecessor-version":[{"id":5277,"href":"https:\/\/agora.xtec.cat\/iesllavaneres\/wp-json\/wp\/v2\/posts\/5252\/revisions\/5277"}],"wp:featuredmedia":[{"embeddable":true,"href":"https:\/\/agora.xtec.cat\/iesllavaneres\/wp-json\/wp\/v2\/media\/5254"}],"wp:attachment":[{"href":"https:\/\/agora.xtec.cat\/iesllavaneres\/wp-json\/wp\/v2\/media?parent=5252"}],"wp:term":[{"taxonomy":"category","embeddable":true,"href":"https:\/\/agora.xtec.cat\/iesllavaneres\/wp-json\/wp\/v2\/categories?post=5252"},{"taxonomy":"post_tag","embeddable":true,"href":"https:\/\/agora.xtec.cat\/iesllavaneres\/wp-json\/wp\/v2\/tags?post=5252"}],"curies":[{"name":"wp","href":"https:\/\/api.w.org\/{rel}","templated":true}]}}