{"id":5229,"date":"2025-10-15T10:39:00","date_gmt":"2025-10-15T08:39:00","guid":{"rendered":"https:\/\/agora.xtec.cat\/iesllavaneres\/?p=5229"},"modified":"2025-11-07T10:55:20","modified_gmt":"2025-11-07T09:55:20","slug":"marta-aznar-campiona-despanya-de-patinatge","status":"publish","type":"post","link":"https:\/\/agora.xtec.cat\/iesllavaneres\/eso-2\/marta-aznar-campiona-despanya-de-patinatge\/","title":{"rendered":"Marta Aznar, campiona d&#8217;Espanya de patinatge!"},"content":{"rendered":"\n<figure class=\"wp-block-image size-large\"><a href=\"https:\/\/agora.xtec.cat\/iesllavaneres\/wp-content\/uploads\/usu2229\/2025\/10\/1000000263.jpg\"><img loading=\"lazy\" decoding=\"async\" width=\"682\" height=\"1024\" src=\"https:\/\/agora.xtec.cat\/iesllavaneres\/wp-content\/uploads\/usu2229\/2025\/10\/1000000263-682x1024.jpg\" alt=\"\" class=\"wp-image-5230\" srcset=\"https:\/\/agora.xtec.cat\/iesllavaneres\/wp-content\/uploads\/usu2229\/2025\/10\/1000000263-682x1024.jpg 682w, https:\/\/agora.xtec.cat\/iesllavaneres\/wp-content\/uploads\/usu2229\/2025\/10\/1000000263-200x300.jpg 200w, https:\/\/agora.xtec.cat\/iesllavaneres\/wp-content\/uploads\/usu2229\/2025\/10\/1000000263-768x1153.jpg 768w, https:\/\/agora.xtec.cat\/iesllavaneres\/wp-content\/uploads\/usu2229\/2025\/10\/1000000263-1023x1536.jpg 1023w, https:\/\/agora.xtec.cat\/iesllavaneres\/wp-content\/uploads\/usu2229\/2025\/10\/1000000263.jpg 1066w\" sizes=\"auto, (max-width: 682px) 100vw, 682px\" \/><\/a><\/figure>\n\n\n\n<p>A principis d&#8217;octubre va tenir lloc a Sant Vicen\u00e7 de Montalt el <a href=\"https:\/\/www.svmontalt.cat\/23202\" data-type=\"link\" data-id=\"https:\/\/www.svmontalt.cat\/23202\">LXXIV Campionat d&#8217;Espanya de Patinatge Art\u00edstic<\/a>, en les categories d&#8217;Alev\u00ed i d&#8217;Infantil, i que va reunir els millors joves de tot l&#8217;estat en aquesta disciplina.<\/p>\n\n\n\n<p>Marta Aznar Molina, que cursa 2n d&#8217;ESO D a l&#8217;Institut Llavaneres, va aconseguir el lloc m\u00e9s alt del podi i es va proclamar campiona d&#8217;Espanya!<\/p>\n\n\n\n<p>Tots sabem com \u00e9s de dif\u00edcil compaginar l&#8217;institut amb qualsevol altra disciplina art\u00edstica o esportiva i com \u00e9s de dur coordinar els estudis i els entrenaments. Felicitem la Marta i la seva fam\u00edlia per l&#8217;\u00e8xit aconseguit i els en desitgem molts m\u00e9s!<\/p>\n","protected":false},"excerpt":{"rendered":"<p>A principis d&#8217;octubre va tenir lloc a Sant Vicen\u00e7 de Montalt el LXXIV Campionat d&#8217;Espanya de Patinatge Art\u00edstic, en les categories d&#8217;Alev\u00ed i d&#8217;Infantil, i que va reunir els millors joves de tot l&#8217;estat en aquesta disciplina. [&#8230;]<\/p>\n","protected":false},"author":4,"featured_media":5232,"comment_status":"open","ping_status":"open","sticky":false,"template":"","format":"standard","meta":{"_bbp_topic_count":0,"_bbp_reply_count":0,"_bbp_total_topic_count":0,"_bbp_total_reply_count":0,"_bbp_voice_count":0,"_bbp_anonymous_reply_count":0,"_bbp_topic_count_hidden":0,"_bbp_reply_count_hidden":0,"_bbp_forum_subforum_count":0,"site-sidebar-layout":"default","site-content-layout":"","ast-site-content-layout":"default","site-content-style":"default","site-sidebar-style":"default","ast-global-header-display":"","ast-banner-title-visibility":"","ast-main-header-display":"","ast-hfb-above-header-display":"","ast-hfb-below-header-display":"","ast-hfb-mobile-header-display":"","site-post-title":"","ast-breadcrumbs-content":"","ast-featured-img":"disabled","footer-sml-layout":"","theme-transparent-header-meta":"","adv-header-id-meta":"","stick-header-meta":"","header-above-stick-meta":"","header-main-stick-meta":"","header-below-stick-meta":"","astra-migrate-meta-layouts":"set","ast-page-background-enabled":"default","ast-page-background-meta":{"desktop":{"background-color":"var(--ast-global-color-4)","background-image":"","background-repeat":"repeat","background-position":"center center","background-size":"auto","background-attachment":"scroll","background-type":"","background-media":"","overlay-type":"","overlay-color":"","overlay-opacity":"","overlay-gradient":""},"tablet":{"background-color":"","background-image":"","background-repeat":"repeat","background-position":"center center","background-size":"auto","background-attachment":"scroll","background-type":"","background-media":"","overlay-type":"","overlay-color":"","overlay-opacity":"","overlay-gradient":""},"mobile":{"background-color":"","background-image":"","background-repeat":"repeat","background-position":"center center","background-size":"auto","background-attachment":"scroll","background-type":"","background-media":"","overlay-type":"","overlay-color":"","overlay-opacity":"","overlay-gradient":""}},"ast-content-background-meta":{"desktop":{"background-color":"var(--ast-global-color-5)","background-image":"","background-repeat":"repeat","background-position":"center center","background-size":"auto","background-attachment":"scroll","background-type":"","background-media":"","overlay-type":"","overlay-color":"","overlay-opacity":"","overlay-gradient":""},"tablet":{"background-color":"var(--ast-global-color-5)","background-image":"","background-repeat":"repeat","background-position":"center center","background-size":"auto","background-attachment":"scroll","background-type":"","background-media":"","overlay-type":"","overlay-color":"","overlay-opacity":"","overlay-gradient":""},"mobile":{"background-color":"var(--ast-global-color-5)","background-image":"","background-repeat":"repeat","background-position":"center center","background-size":"auto","background-attachment":"scroll","background-type":"","background-media":"","overlay-type":"","overlay-color":"","overlay-opacity":"","overlay-gradient":""}},"footnotes":""},"categories":[5,29],"tags":[132,218],"class_list":["post-5229","post","type-post","status-publish","format-standard","has-post-thumbnail","hentry","category-eso-2","category-portada","tag-2n-deso","tag-exit-esportiu"],"post_mailing_queue_ids":[],"_links":{"self":[{"href":"https:\/\/agora.xtec.cat\/iesllavaneres\/wp-json\/wp\/v2\/posts\/5229","targetHints":{"allow":["GET"]}}],"collection":[{"href":"https:\/\/agora.xtec.cat\/iesllavaneres\/wp-json\/wp\/v2\/posts"}],"about":[{"href":"https:\/\/agora.xtec.cat\/iesllavaneres\/wp-json\/wp\/v2\/types\/post"}],"author":[{"embeddable":true,"href":"https:\/\/agora.xtec.cat\/iesllavaneres\/wp-json\/wp\/v2\/users\/4"}],"replies":[{"embeddable":true,"href":"https:\/\/agora.xtec.cat\/iesllavaneres\/wp-json\/wp\/v2\/comments?post=5229"}],"version-history":[{"count":2,"href":"https:\/\/agora.xtec.cat\/iesllavaneres\/wp-json\/wp\/v2\/posts\/5229\/revisions"}],"predecessor-version":[{"id":5284,"href":"https:\/\/agora.xtec.cat\/iesllavaneres\/wp-json\/wp\/v2\/posts\/5229\/revisions\/5284"}],"wp:featuredmedia":[{"embeddable":true,"href":"https:\/\/agora.xtec.cat\/iesllavaneres\/wp-json\/wp\/v2\/media\/5232"}],"wp:attachment":[{"href":"https:\/\/agora.xtec.cat\/iesllavaneres\/wp-json\/wp\/v2\/media?parent=5229"}],"wp:term":[{"taxonomy":"category","embeddable":true,"href":"https:\/\/agora.xtec.cat\/iesllavaneres\/wp-json\/wp\/v2\/categories?post=5229"},{"taxonomy":"post_tag","embeddable":true,"href":"https:\/\/agora.xtec.cat\/iesllavaneres\/wp-json\/wp\/v2\/tags?post=5229"}],"curies":[{"name":"wp","href":"https:\/\/api.w.org\/{rel}","templated":true}]}}