{"id":5204,"date":"2025-10-09T10:15:00","date_gmt":"2025-10-09T08:15:00","guid":{"rendered":"https:\/\/agora.xtec.cat\/iesllavaneres\/?p=5204"},"modified":"2025-11-07T10:58:15","modified_gmt":"2025-11-07T09:58:15","slug":"sortida-a-la-colonia-vidal-de-puig-reig","status":"publish","type":"post","link":"https:\/\/agora.xtec.cat\/iesllavaneres\/eso-4\/sortida-a-la-colonia-vidal-de-puig-reig\/","title":{"rendered":"Sortida a la col\u00f2nia Vidal de Puig-Reig"},"content":{"rendered":"\n<figure class=\"wp-block-image size-large\"><a href=\"https:\/\/agora.xtec.cat\/iesllavaneres\/wp-content\/uploads\/usu2229\/2025\/10\/compressed-IMG_20251008_114407.jpg\"><img loading=\"lazy\" decoding=\"async\" width=\"1024\" height=\"768\" src=\"https:\/\/agora.xtec.cat\/iesllavaneres\/wp-content\/uploads\/usu2229\/2025\/10\/compressed-IMG_20251008_114407-1024x768.jpg\" alt=\"\" class=\"wp-image-5205\" srcset=\"https:\/\/agora.xtec.cat\/iesllavaneres\/wp-content\/uploads\/usu2229\/2025\/10\/compressed-IMG_20251008_114407-1024x768.jpg 1024w, https:\/\/agora.xtec.cat\/iesllavaneres\/wp-content\/uploads\/usu2229\/2025\/10\/compressed-IMG_20251008_114407-300x225.jpg 300w, https:\/\/agora.xtec.cat\/iesllavaneres\/wp-content\/uploads\/usu2229\/2025\/10\/compressed-IMG_20251008_114407-768x576.jpg 768w, https:\/\/agora.xtec.cat\/iesllavaneres\/wp-content\/uploads\/usu2229\/2025\/10\/compressed-IMG_20251008_114407-1536x1152.jpg 1536w, https:\/\/agora.xtec.cat\/iesllavaneres\/wp-content\/uploads\/usu2229\/2025\/10\/compressed-IMG_20251008_114407.jpg 1920w\" sizes=\"auto, (max-width: 1024px) 100vw, 1024px\" \/><\/a><\/figure>\n\n\n\n<p>Des del Departament de Ci\u00e8ncies socials, v\u00e0rem proposar aquesta sortida perqu\u00e8 l&#8217;alumnat s&#8217;introdu\u00eds en la Unitat did\u00e0ctica dedicada a treballar la Revoluci\u00f3 Industrial i totes les seves variants (tecnologia, canvis econ\u00f2mics i socials&#8230;). Hi han participat tots els alumnes de 4t d&#8217;ESO, els del Curs Pont i els que cursen  Hist\u00f2ria de 1r de Batxillerat, un total de 117 alumnes.<\/p>\n\n\n\n<p>Hem arribat a la <a href=\"https:\/\/www.museucoloniavidal.org\/\" data-type=\"link\" data-id=\"https:\/\/www.museucoloniavidal.org\/\">Col\u00f2nia Vidal de Pui-Reig<\/a> a l&#8217;hora prevista (10 del mat\u00ed) i aix\u00ed hem tingut temps d&#8217;esmorzar abans del recorregut guiat. A les 10:30 h han sortit els 4 grups simult\u00e0niament, que han seguit les diferents parts que formaven aquesta col\u00f2nia industrial: cinema, casal de la dona, m\u00e0quina de vapor, sala de m\u00e0quines per filar i teixir, casa d&#8217;obrers, peixateria, safareig, escola i biblioteca. Un cop completat el recorregut hem tornat cap a Llavaneres a l&#8217;hora acordada amb l&#8217;autocar (13:10 h).<\/p>\n\n\n\n<p>Tant el professorat acompanyant com la majoria de l&#8217;alumnat ens han manifestat que han quedat prou satisfets amb la proposta.<\/p>\n\n\n\n<p>Marc Rabaneda, Departament de Ci\u00e8ncies socials<\/p>\n","protected":false},"excerpt":{"rendered":"<p>Des del Departament de Ci\u00e8ncies socials, v\u00e0rem proposar aquesta sortida perqu\u00e8 l&#8217;alumnat s&#8217;introdu\u00eds en la Unitat did\u00e0ctica dedicada a treballar la Revoluci\u00f3 Industrial i [&#8230;]<\/p>\n","protected":false},"author":4,"featured_media":5205,"comment_status":"open","ping_status":"open","sticky":false,"template":"","format":"standard","meta":{"_bbp_topic_count":0,"_bbp_reply_count":0,"_bbp_total_topic_count":0,"_bbp_total_reply_count":0,"_bbp_voice_count":0,"_bbp_anonymous_reply_count":0,"_bbp_topic_count_hidden":0,"_bbp_reply_count_hidden":0,"_bbp_forum_subforum_count":0,"site-sidebar-layout":"default","site-content-layout":"","ast-site-content-layout":"default","site-content-style":"default","site-sidebar-style":"default","ast-global-header-display":"","ast-banner-title-visibility":"","ast-main-header-display":"","ast-hfb-above-header-display":"","ast-hfb-below-header-display":"","ast-hfb-mobile-header-display":"","site-post-title":"","ast-breadcrumbs-content":"","ast-featured-img":"disabled","footer-sml-layout":"","theme-transparent-header-meta":"","adv-header-id-meta":"","stick-header-meta":"","header-above-stick-meta":"","header-main-stick-meta":"","header-below-stick-meta":"","astra-migrate-meta-layouts":"set","ast-page-background-enabled":"default","ast-page-background-meta":{"desktop":{"background-color":"var(--ast-global-color-4)","background-image":"","background-repeat":"repeat","background-position":"center center","background-size":"auto","background-attachment":"scroll","background-type":"","background-media":"","overlay-type":"","overlay-color":"","overlay-opacity":"","overlay-gradient":""},"tablet":{"background-color":"","background-image":"","background-repeat":"repeat","background-position":"center center","background-size":"auto","background-attachment":"scroll","background-type":"","background-media":"","overlay-type":"","overlay-color":"","overlay-opacity":"","overlay-gradient":""},"mobile":{"background-color":"","background-image":"","background-repeat":"repeat","background-position":"center center","background-size":"auto","background-attachment":"scroll","background-type":"","background-media":"","overlay-type":"","overlay-color":"","overlay-opacity":"","overlay-gradient":""}},"ast-content-background-meta":{"desktop":{"background-color":"var(--ast-global-color-5)","background-image":"","background-repeat":"repeat","background-position":"center center","background-size":"auto","background-attachment":"scroll","background-type":"","background-media":"","overlay-type":"","overlay-color":"","overlay-opacity":"","overlay-gradient":""},"tablet":{"background-color":"var(--ast-global-color-5)","background-image":"","background-repeat":"repeat","background-position":"center center","background-size":"auto","background-attachment":"scroll","background-type":"","background-media":"","overlay-type":"","overlay-color":"","overlay-opacity":"","overlay-gradient":""},"mobile":{"background-color":"var(--ast-global-color-5)","background-image":"","background-repeat":"repeat","background-position":"center center","background-size":"auto","background-attachment":"scroll","background-type":"","background-media":"","overlay-type":"","overlay-color":"","overlay-opacity":"","overlay-gradient":""}},"footnotes":""},"categories":[8,7,29],"tags":[138,120,189,117,39],"class_list":["post-5204","post","type-post","status-publish","format-standard","has-post-thumbnail","hentry","category-batxillerat","category-eso-4","category-portada","tag-1r-de-batxillerat","tag-4t-deso","tag-activitats","tag-batxillerat","tag-sortides"],"post_mailing_queue_ids":[],"_links":{"self":[{"href":"https:\/\/agora.xtec.cat\/iesllavaneres\/wp-json\/wp\/v2\/posts\/5204","targetHints":{"allow":["GET"]}}],"collection":[{"href":"https:\/\/agora.xtec.cat\/iesllavaneres\/wp-json\/wp\/v2\/posts"}],"about":[{"href":"https:\/\/agora.xtec.cat\/iesllavaneres\/wp-json\/wp\/v2\/types\/post"}],"author":[{"embeddable":true,"href":"https:\/\/agora.xtec.cat\/iesllavaneres\/wp-json\/wp\/v2\/users\/4"}],"replies":[{"embeddable":true,"href":"https:\/\/agora.xtec.cat\/iesllavaneres\/wp-json\/wp\/v2\/comments?post=5204"}],"version-history":[{"count":3,"href":"https:\/\/agora.xtec.cat\/iesllavaneres\/wp-json\/wp\/v2\/posts\/5204\/revisions"}],"predecessor-version":[{"id":5287,"href":"https:\/\/agora.xtec.cat\/iesllavaneres\/wp-json\/wp\/v2\/posts\/5204\/revisions\/5287"}],"wp:featuredmedia":[{"embeddable":true,"href":"https:\/\/agora.xtec.cat\/iesllavaneres\/wp-json\/wp\/v2\/media\/5205"}],"wp:attachment":[{"href":"https:\/\/agora.xtec.cat\/iesllavaneres\/wp-json\/wp\/v2\/media?parent=5204"}],"wp:term":[{"taxonomy":"category","embeddable":true,"href":"https:\/\/agora.xtec.cat\/iesllavaneres\/wp-json\/wp\/v2\/categories?post=5204"},{"taxonomy":"post_tag","embeddable":true,"href":"https:\/\/agora.xtec.cat\/iesllavaneres\/wp-json\/wp\/v2\/tags?post=5204"}],"curies":[{"name":"wp","href":"https:\/\/api.w.org\/{rel}","templated":true}]}}