{"id":5196,"date":"2025-10-10T10:14:29","date_gmt":"2025-10-10T08:14:29","guid":{"rendered":"https:\/\/agora.xtec.cat\/iesllavaneres\/?p=5196"},"modified":"2025-11-07T10:57:11","modified_gmt":"2025-11-07T09:57:11","slug":"mati-de-la-recerca-a-la-uab-i-arribada-a-la-uab","status":"publish","type":"post","link":"https:\/\/agora.xtec.cat\/iesllavaneres\/batxillerat\/mati-de-la-recerca-a-la-uab-i-arribada-a-la-uab\/","title":{"rendered":"Mat\u00ed de la recerca a la UAB I: Arribada a la UAB"},"content":{"rendered":"\n\n\n<p>El grup d\u2019alumnes de Biologia de 2n de Batxillerat va assistir al <a href=\"https:\/\/www.uab.cat\/ca\/ice\/agenda\/20240927\/mati-de-la-recerca\" data-type=\"link\" data-id=\"https:\/\/www.uab.cat\/ca\/ice\/agenda\/20240927\/mati-de-la-recerca\">Mat\u00ed de la Recerca<\/a> de la <a href=\"https:\/\/www.uab.cat\/web\/universitat-autonoma-de-barcelona-1345467950436.html\" data-type=\"link\" data-id=\"https:\/\/www.uab.cat\/web\/universitat-autonoma-de-barcelona-1345467950436.html\">Universitat Aut\u00f2noma de Barcelona<\/a> el passat 26 de setembre. L\u2019experi\u00e8ncia va ser molt profitosa i han fet una cr\u00f2nica personal, fruit de les aportacions de tots, de com van viure el dia:<\/p>\n\n\n\n<p>En arribar a la UAB hem vist que era una petita ciutat plena de vida, amb joves caminant d&#8217;una banda a l\u2019altra. Ens ha sobtat molt que, a m\u00e9s dels diferents edificis acad\u00e8mics, hi hagi gimn\u00e0s, perruqueria i, fins i tot, cinema. Les facultats estan envoltades de parcs i d\u2019arbres, un espai que convida tant a l\u2019estudi com a la relaxaci\u00f3. L\u2019ambient universitari es respira per tot arreu!<\/p>\n\n\n\n<p>Despr\u00e9s d\u2019aquesta primera passejada hem anat cap a la Facultat de Medicina acompanyats d\u2019un antic alumne del nostre institut que hi acaba de comen\u00e7ar els estudis. Tot i que visualment no era gaire bonica, ens hem enamorat de l\u2019ambient que s\u2019hi respira: estudiants concentrats, passadissos plens de cartells informatius i un moviment constant dels joves. Hem pogut entrar a les aules, que ens han impressionat tant per la mida com per la quantitat de recursos disponibles. Ens ha sorpr\u00e8s molt descobrir que hi ha una comissi\u00f3 d\u2019apunts perqu\u00e8 els estudiants s\u2019ajudin entre ells, un gest que mostra l\u2019esperit col\u00b7laboratiu de la universitat.<\/p>\n\n\n\n<p>Anant cap a la Facultat de Bioci\u00e8ncies ens hem aturat a la biblioteca, que t\u00e9 diversos espais, un per consultar els llibres, un altre de silenci per estudiar i un altre de m\u00e9s relaxat, amb butaques i tot.<\/p>\n\n\n\n<p>En propers articles podreu llegir la cr\u00f2nica de les diferents activitats.<\/p>\n","protected":false},"excerpt":{"rendered":"<p>El grup d\u2019alumnes de Biologia de 2n de Batxillerat va assistir al Mat\u00ed de la Recerca de la Universitat Aut\u00f2noma de Barcelona el passat 26 de setembre. L\u2019experi\u00e8ncia va ser molt profitosa i han fet una cr\u00f2nica personal, [&#8230;]<\/p>\n","protected":false},"author":4,"featured_media":5210,"comment_status":"open","ping_status":"open","sticky":false,"template":"","format":"standard","meta":{"_bbp_topic_count":0,"_bbp_reply_count":0,"_bbp_total_topic_count":0,"_bbp_total_reply_count":0,"_bbp_voice_count":0,"_bbp_anonymous_reply_count":0,"_bbp_topic_count_hidden":0,"_bbp_reply_count_hidden":0,"_bbp_forum_subforum_count":0,"site-sidebar-layout":"default","site-content-layout":"","ast-site-content-layout":"default","site-content-style":"default","site-sidebar-style":"default","ast-global-header-display":"","ast-banner-title-visibility":"","ast-main-header-display":"","ast-hfb-above-header-display":"","ast-hfb-below-header-display":"","ast-hfb-mobile-header-display":"","site-post-title":"","ast-breadcrumbs-content":"","ast-featured-img":"disabled","footer-sml-layout":"","theme-transparent-header-meta":"","adv-header-id-meta":"","stick-header-meta":"","header-above-stick-meta":"","header-main-stick-meta":"","header-below-stick-meta":"","astra-migrate-meta-layouts":"set","ast-page-background-enabled":"default","ast-page-background-meta":{"desktop":{"background-color":"var(--ast-global-color-4)","background-image":"","background-repeat":"repeat","background-position":"center center","background-size":"auto","background-attachment":"scroll","background-type":"","background-media":"","overlay-type":"","overlay-color":"","overlay-opacity":"","overlay-gradient":""},"tablet":{"background-color":"","background-image":"","background-repeat":"repeat","background-position":"center center","background-size":"auto","background-attachment":"scroll","background-type":"","background-media":"","overlay-type":"","overlay-color":"","overlay-opacity":"","overlay-gradient":""},"mobile":{"background-color":"","background-image":"","background-repeat":"repeat","background-position":"center center","background-size":"auto","background-attachment":"scroll","background-type":"","background-media":"","overlay-type":"","overlay-color":"","overlay-opacity":"","overlay-gradient":""}},"ast-content-background-meta":{"desktop":{"background-color":"var(--ast-global-color-5)","background-image":"","background-repeat":"repeat","background-position":"center center","background-size":"auto","background-attachment":"scroll","background-type":"","background-media":"","overlay-type":"","overlay-color":"","overlay-opacity":"","overlay-gradient":""},"tablet":{"background-color":"var(--ast-global-color-5)","background-image":"","background-repeat":"repeat","background-position":"center center","background-size":"auto","background-attachment":"scroll","background-type":"","background-media":"","overlay-type":"","overlay-color":"","overlay-opacity":"","overlay-gradient":""},"mobile":{"background-color":"var(--ast-global-color-5)","background-image":"","background-repeat":"repeat","background-position":"center center","background-size":"auto","background-attachment":"scroll","background-type":"","background-media":"","overlay-type":"","overlay-color":"","overlay-opacity":"","overlay-gradient":""}},"footnotes":""},"categories":[8,29],"tags":[189,117],"class_list":["post-5196","post","type-post","status-publish","format-standard","has-post-thumbnail","hentry","category-batxillerat","category-portada","tag-activitats","tag-batxillerat"],"post_mailing_queue_ids":[],"_links":{"self":[{"href":"https:\/\/agora.xtec.cat\/iesllavaneres\/wp-json\/wp\/v2\/posts\/5196","targetHints":{"allow":["GET"]}}],"collection":[{"href":"https:\/\/agora.xtec.cat\/iesllavaneres\/wp-json\/wp\/v2\/posts"}],"about":[{"href":"https:\/\/agora.xtec.cat\/iesllavaneres\/wp-json\/wp\/v2\/types\/post"}],"author":[{"embeddable":true,"href":"https:\/\/agora.xtec.cat\/iesllavaneres\/wp-json\/wp\/v2\/users\/4"}],"replies":[{"embeddable":true,"href":"https:\/\/agora.xtec.cat\/iesllavaneres\/wp-json\/wp\/v2\/comments?post=5196"}],"version-history":[{"count":4,"href":"https:\/\/agora.xtec.cat\/iesllavaneres\/wp-json\/wp\/v2\/posts\/5196\/revisions"}],"predecessor-version":[{"id":5286,"href":"https:\/\/agora.xtec.cat\/iesllavaneres\/wp-json\/wp\/v2\/posts\/5196\/revisions\/5286"}],"wp:featuredmedia":[{"embeddable":true,"href":"https:\/\/agora.xtec.cat\/iesllavaneres\/wp-json\/wp\/v2\/media\/5210"}],"wp:attachment":[{"href":"https:\/\/agora.xtec.cat\/iesllavaneres\/wp-json\/wp\/v2\/media?parent=5196"}],"wp:term":[{"taxonomy":"category","embeddable":true,"href":"https:\/\/agora.xtec.cat\/iesllavaneres\/wp-json\/wp\/v2\/categories?post=5196"},{"taxonomy":"post_tag","embeddable":true,"href":"https:\/\/agora.xtec.cat\/iesllavaneres\/wp-json\/wp\/v2\/tags?post=5196"}],"curies":[{"name":"wp","href":"https:\/\/api.w.org\/{rel}","templated":true}]}}