{"id":5107,"date":"2025-09-23T15:27:00","date_gmt":"2025-09-23T13:27:00","guid":{"rendered":"https:\/\/agora.xtec.cat\/iesllavaneres\/?p=5107"},"modified":"2025-11-07T10:52:31","modified_gmt":"2025-11-07T09:52:31","slug":"informacio-sobre-el-viatge-a-londres-de-4t-deso","status":"publish","type":"post","link":"https:\/\/agora.xtec.cat\/iesllavaneres\/eso-4\/informacio-sobre-el-viatge-a-londres-de-4t-deso\/","title":{"rendered":"Informaci\u00f3 sobre el viatge a Londres de 4t d&#8217;ESO"},"content":{"rendered":"\n<figure class=\"wp-block-image size-large\"><a href=\"https:\/\/agora.xtec.cat\/iesllavaneres\/wp-content\/uploads\/usu2229\/2025\/09\/IMG_20250922_175442-min-scaled.jpg\"><img loading=\"lazy\" decoding=\"async\" width=\"2560\" height=\"1706\" src=\"https:\/\/agora.xtec.cat\/iesllavaneres\/wp-content\/uploads\/usu2229\/2025\/09\/IMG_20250922_175442-min-edited-scaled.jpg\" alt=\"\" class=\"wp-image-5111\" srcset=\"https:\/\/agora.xtec.cat\/iesllavaneres\/wp-content\/uploads\/usu2229\/2025\/09\/IMG_20250922_175442-min-edited-scaled.jpg 2560w, https:\/\/agora.xtec.cat\/iesllavaneres\/wp-content\/uploads\/usu2229\/2025\/09\/IMG_20250922_175442-min-edited-300x200.jpg 300w, https:\/\/agora.xtec.cat\/iesllavaneres\/wp-content\/uploads\/usu2229\/2025\/09\/IMG_20250922_175442-min-edited-1024x682.jpg 1024w, https:\/\/agora.xtec.cat\/iesllavaneres\/wp-content\/uploads\/usu2229\/2025\/09\/IMG_20250922_175442-min-edited-768x512.jpg 768w, https:\/\/agora.xtec.cat\/iesllavaneres\/wp-content\/uploads\/usu2229\/2025\/09\/IMG_20250922_175442-min-edited-1536x1024.jpg 1536w, https:\/\/agora.xtec.cat\/iesllavaneres\/wp-content\/uploads\/usu2229\/2025\/09\/IMG_20250922_175442-min-edited-2048x1365.jpg 2048w\" sizes=\"auto, (max-width: 2560px) 100vw, 2560px\" \/><\/a><\/figure>\n\n\n\n<p>El 22 de setembre, les professores d&#8217;Angl\u00e8s Anna Barrufet i Gemma Fontanals van reunir les fam\u00edlies dels alumnes de 4t d&#8217;ESO per explicar la proposta de Projecte de recerca del departament d&#8217;Angl\u00e8s: una estada a Londres per realitzar activitats d&#8217;aprenentatge i de conviv\u00e8ncia.<\/p>\n\n\n\n<p>El viatge est\u00e0 previst entre el 24 i el 27 de mar\u00e7 i, a mida que ens acostem a la data, s&#8217;aniran donant les informacions oportunes a les fam\u00edlies interessad<\/p>\n","protected":false},"excerpt":{"rendered":"<p>El 22 de setembre, les professores d&#8217;Angl\u00e8s Anna Barrufet i Gemma Fontanals van reunir les fam\u00edlies dels alumnes de 4t d&#8217;ESO per explicar la proposta de Projecte de recerca del departament d&#8217;Angl\u00e8s: una estada a Londres [&#8230;]<\/p>\n","protected":false},"author":4,"featured_media":5111,"comment_status":"open","ping_status":"open","sticky":false,"template":"","format":"standard","meta":{"_bbp_topic_count":0,"_bbp_reply_count":0,"_bbp_total_topic_count":0,"_bbp_total_reply_count":0,"_bbp_voice_count":0,"_bbp_anonymous_reply_count":0,"_bbp_topic_count_hidden":0,"_bbp_reply_count_hidden":0,"_bbp_forum_subforum_count":0,"site-sidebar-layout":"default","site-content-layout":"","ast-site-content-layout":"default","site-content-style":"default","site-sidebar-style":"default","ast-global-header-display":"","ast-banner-title-visibility":"","ast-main-header-display":"","ast-hfb-above-header-display":"","ast-hfb-below-header-display":"","ast-hfb-mobile-header-display":"","site-post-title":"","ast-breadcrumbs-content":"","ast-featured-img":"disabled","footer-sml-layout":"","theme-transparent-header-meta":"","adv-header-id-meta":"","stick-header-meta":"","header-above-stick-meta":"","header-main-stick-meta":"","header-below-stick-meta":"","astra-migrate-meta-layouts":"set","ast-page-background-enabled":"default","ast-page-background-meta":{"desktop":{"background-color":"var(--ast-global-color-4)","background-image":"","background-repeat":"repeat","background-position":"center center","background-size":"auto","background-attachment":"scroll","background-type":"","background-media":"","overlay-type":"","overlay-color":"","overlay-opacity":"","overlay-gradient":""},"tablet":{"background-color":"","background-image":"","background-repeat":"repeat","background-position":"center center","background-size":"auto","background-attachment":"scroll","background-type":"","background-media":"","overlay-type":"","overlay-color":"","overlay-opacity":"","overlay-gradient":""},"mobile":{"background-color":"","background-image":"","background-repeat":"repeat","background-position":"center center","background-size":"auto","background-attachment":"scroll","background-type":"","background-media":"","overlay-type":"","overlay-color":"","overlay-opacity":"","overlay-gradient":""}},"ast-content-background-meta":{"desktop":{"background-color":"var(--ast-global-color-5)","background-image":"","background-repeat":"repeat","background-position":"center center","background-size":"auto","background-attachment":"scroll","background-type":"","background-media":"","overlay-type":"","overlay-color":"","overlay-opacity":"","overlay-gradient":""},"tablet":{"background-color":"var(--ast-global-color-5)","background-image":"","background-repeat":"repeat","background-position":"center center","background-size":"auto","background-attachment":"scroll","background-type":"","background-media":"","overlay-type":"","overlay-color":"","overlay-opacity":"","overlay-gradient":""},"mobile":{"background-color":"var(--ast-global-color-5)","background-image":"","background-repeat":"repeat","background-position":"center center","background-size":"auto","background-attachment":"scroll","background-type":"","background-media":"","overlay-type":"","overlay-color":"","overlay-opacity":"","overlay-gradient":""}},"footnotes":""},"categories":[7,29],"tags":[120,189,116,39],"class_list":["post-5107","post","type-post","status-publish","format-standard","has-post-thumbnail","hentry","category-eso-4","category-portada","tag-4t-deso","tag-activitats","tag-eso","tag-sortides"],"post_mailing_queue_ids":[],"_links":{"self":[{"href":"https:\/\/agora.xtec.cat\/iesllavaneres\/wp-json\/wp\/v2\/posts\/5107","targetHints":{"allow":["GET"]}}],"collection":[{"href":"https:\/\/agora.xtec.cat\/iesllavaneres\/wp-json\/wp\/v2\/posts"}],"about":[{"href":"https:\/\/agora.xtec.cat\/iesllavaneres\/wp-json\/wp\/v2\/types\/post"}],"author":[{"embeddable":true,"href":"https:\/\/agora.xtec.cat\/iesllavaneres\/wp-json\/wp\/v2\/users\/4"}],"replies":[{"embeddable":true,"href":"https:\/\/agora.xtec.cat\/iesllavaneres\/wp-json\/wp\/v2\/comments?post=5107"}],"version-history":[{"count":3,"href":"https:\/\/agora.xtec.cat\/iesllavaneres\/wp-json\/wp\/v2\/posts\/5107\/revisions"}],"predecessor-version":[{"id":5282,"href":"https:\/\/agora.xtec.cat\/iesllavaneres\/wp-json\/wp\/v2\/posts\/5107\/revisions\/5282"}],"wp:featuredmedia":[{"embeddable":true,"href":"https:\/\/agora.xtec.cat\/iesllavaneres\/wp-json\/wp\/v2\/media\/5111"}],"wp:attachment":[{"href":"https:\/\/agora.xtec.cat\/iesllavaneres\/wp-json\/wp\/v2\/media?parent=5107"}],"wp:term":[{"taxonomy":"category","embeddable":true,"href":"https:\/\/agora.xtec.cat\/iesllavaneres\/wp-json\/wp\/v2\/categories?post=5107"},{"taxonomy":"post_tag","embeddable":true,"href":"https:\/\/agora.xtec.cat\/iesllavaneres\/wp-json\/wp\/v2\/tags?post=5107"}],"curies":[{"name":"wp","href":"https:\/\/api.w.org\/{rel}","templated":true}]}}