{"id":4881,"date":"2025-06-12T10:25:01","date_gmt":"2025-06-12T08:25:01","guid":{"rendered":"https:\/\/agora.xtec.cat\/iesllavaneres\/?p=4881"},"modified":"2025-06-26T18:19:45","modified_gmt":"2025-06-26T16:19:45","slug":"article-dels-alumnes-sobre-el-servei-comunitari","status":"publish","type":"post","link":"https:\/\/agora.xtec.cat\/iesllavaneres\/eso-4\/article-dels-alumnes-sobre-el-servei-comunitari\/","title":{"rendered":"Article dels alumnes sobre el Servei comunitari"},"content":{"rendered":"<p align=\"justify\"><a href=\"https:\/\/agora.xtec.cat\/iesllavaneres\/wp-content\/uploads\/usu2229\/2025\/06\/1748253459499-min-scaled.jpg\"><img loading=\"lazy\" decoding=\"async\" class=\"alignnone wp-image-4882 \" src=\"https:\/\/agora.xtec.cat\/iesllavaneres\/wp-content\/uploads\/usu2229\/2025\/06\/1748253459499-min-766x1024.jpg\" alt=\"\" width=\"367\" height=\"491\" \/><\/a> <a href=\"https:\/\/agora.xtec.cat\/iesllavaneres\/wp-content\/uploads\/usu2229\/2025\/06\/1748253433468-min-scaled.jpg\"><img loading=\"lazy\" decoding=\"async\" class=\"alignnone wp-image-4883\" src=\"https:\/\/agora.xtec.cat\/iesllavaneres\/wp-content\/uploads\/usu2229\/2025\/06\/1748253433468-min-766x1024.jpg\" alt=\"\" width=\"368\" height=\"492\" \/><\/a><\/p>\n<p align=\"justify\"><span style=\"font-family: Arial, sans-serif;\"><span style=\"font-size: large;\">A continuaci\u00f3 us oferim un article escrits pels alumnes de 4t d\u2019ESO sobre l\u2019activitat realitzada el dia 25 de maig de 2025:<\/span><\/span><\/p>\n<p align=\"justify\"><span style=\"font-family: Arial, sans-serif;\"><span style=\"font-size: large;\">El servei comunitari <\/span><span style=\"font-size: large;\">\u00e9s<\/span><span style=\"font-size: large;\"> una activitat <\/span><span style=\"font-size: large;\">que<\/span><span style=\"font-size: large;\"> han de realitzar els alumnes de 4t d\u2019ESO per col\u00b7laborar amb la comunitat del poble, com ara realitzar diferents <\/span><span style=\"font-size: large;\">trobades <\/span><span style=\"font-size: large;\">amb gent gran, cuidar el medi ambient o ajudar entitats complint les tasques corresponents.<\/span><\/span><\/p>\n<p align=\"justify\"><span style=\"font-family: Arial, sans-serif;\"><span style=\"font-size: large;\">El que hem realitzat aquest any per celebrar el 60\u00e8 aniversari de l&#8217;Institut ha estat col\u00b7laborar amb l&#8217;associaci\u00f3 <strong>Llavaneres contra el c\u00e0ncer<\/strong> organitzant una caminada popular pel poble. Es passava pels diferents llocs on havia estat l&#8217;Institut i per les diferents escoles. Un cop finalitzada la caminada es va proposar una classe de ioga.<\/span><\/span><\/p>\n<p align=\"justify\"><span style=\"font-family: Arial, sans-serif;\"><span style=\"font-size: large;\">Per participar en la caminada s\u2019havia de pagar 10\u202f\u20ac, 5 \u20ac si eres menor de dotze anys. L\u2019entrada inclo\u00efa una bossa estampada pels alumnes, amb un entrep\u00e0 i una beguda. Aquests diners van ser recaptats per l&#8217;associaci\u00f3 Llavaneres contra el c\u00e0ncer.\u00a0<\/span><\/span><\/p>\n<p align=\"justify\"><span style=\"font-family: Arial, sans-serif;\"><span style=\"font-size: large;\">La funci\u00f3 dels alumnes era explicar la hist\u00f2ria dels diferents centres, repartir entrepans al final de la caminada, repartir les bosses amb el logo de l\u2019associaci\u00f3 que pr\u00e8viament hav\u00edem enganxat nosaltres amb planxes. Tamb\u00e9 vam penjar cartells pel poble per fer publicitat perqu\u00e8 vingu\u00e9s el m\u00e0xim de persones possible. Realitzar aquestes tasques \u00e9s obligatori per tal d&#8217;aconseguir el graduat de l&#8217;ESO.<\/span><\/span><\/p>\n","protected":false},"excerpt":{"rendered":"<p>A continuaci\u00f3 us oferim un article escrits pels alumnes de 4t d\u2019ESO sobre l\u2019activitat realitzada el dia 25 de maig de 2025: El servei comunitari \u00e9s una activitat que han de realitzar els alumnes de 4t d\u2019ESO per col\u00b7laborar amb la comunitat del poble, com ara realitzar diferents trobades amb gent gran, cuidar el medi [&hellip;]<\/p>\n","protected":false},"author":4,"featured_media":4963,"comment_status":"open","ping_status":"open","sticky":false,"template":"","format":"standard","meta":{"_bbp_topic_count":0,"_bbp_reply_count":0,"_bbp_total_topic_count":0,"_bbp_total_reply_count":0,"_bbp_voice_count":0,"_bbp_anonymous_reply_count":0,"_bbp_topic_count_hidden":0,"_bbp_reply_count_hidden":0,"_bbp_forum_subforum_count":0,"site-sidebar-layout":"default","site-content-layout":"","ast-site-content-layout":"default","site-content-style":"default","site-sidebar-style":"default","ast-global-header-display":"","ast-banner-title-visibility":"","ast-main-header-display":"","ast-hfb-above-header-display":"","ast-hfb-below-header-display":"","ast-hfb-mobile-header-display":"","site-post-title":"","ast-breadcrumbs-content":"","ast-featured-img":"","footer-sml-layout":"","theme-transparent-header-meta":"default","adv-header-id-meta":"","stick-header-meta":"","header-above-stick-meta":"","header-main-stick-meta":"","header-below-stick-meta":"","astra-migrate-meta-layouts":"set","ast-page-background-enabled":"default","ast-page-background-meta":{"desktop":{"background-color":"var(--ast-global-color-4)","background-image":"","background-repeat":"repeat","background-position":"center center","background-size":"auto","background-attachment":"scroll","background-type":"","background-media":"","overlay-type":"","overlay-color":"","overlay-opacity":"","overlay-gradient":""},"tablet":{"background-color":"","background-image":"","background-repeat":"repeat","background-position":"center center","background-size":"auto","background-attachment":"scroll","background-type":"","background-media":"","overlay-type":"","overlay-color":"","overlay-opacity":"","overlay-gradient":""},"mobile":{"background-color":"","background-image":"","background-repeat":"repeat","background-position":"center center","background-size":"auto","background-attachment":"scroll","background-type":"","background-media":"","overlay-type":"","overlay-color":"","overlay-opacity":"","overlay-gradient":""}},"ast-content-background-meta":{"desktop":{"background-color":"var(--ast-global-color-5)","background-image":"","background-repeat":"repeat","background-position":"center center","background-size":"auto","background-attachment":"scroll","background-type":"","background-media":"","overlay-type":"","overlay-color":"","overlay-opacity":"","overlay-gradient":""},"tablet":{"background-color":"var(--ast-global-color-5)","background-image":"","background-repeat":"repeat","background-position":"center center","background-size":"auto","background-attachment":"scroll","background-type":"","background-media":"","overlay-type":"","overlay-color":"","overlay-opacity":"","overlay-gradient":""},"mobile":{"background-color":"var(--ast-global-color-5)","background-image":"","background-repeat":"repeat","background-position":"center center","background-size":"auto","background-attachment":"scroll","background-type":"","background-media":"","overlay-type":"","overlay-color":"","overlay-opacity":"","overlay-gradient":""}},"footnotes":""},"categories":[7,29],"tags":[120,189,116,39],"class_list":["post-4881","post","type-post","status-publish","format-standard","has-post-thumbnail","hentry","category-eso-4","category-portada","tag-4t-deso","tag-activitats","tag-eso","tag-sortides"],"post_mailing_queue_ids":[],"_links":{"self":[{"href":"https:\/\/agora.xtec.cat\/iesllavaneres\/wp-json\/wp\/v2\/posts\/4881","targetHints":{"allow":["GET"]}}],"collection":[{"href":"https:\/\/agora.xtec.cat\/iesllavaneres\/wp-json\/wp\/v2\/posts"}],"about":[{"href":"https:\/\/agora.xtec.cat\/iesllavaneres\/wp-json\/wp\/v2\/types\/post"}],"author":[{"embeddable":true,"href":"https:\/\/agora.xtec.cat\/iesllavaneres\/wp-json\/wp\/v2\/users\/4"}],"replies":[{"embeddable":true,"href":"https:\/\/agora.xtec.cat\/iesllavaneres\/wp-json\/wp\/v2\/comments?post=4881"}],"version-history":[{"count":2,"href":"https:\/\/agora.xtec.cat\/iesllavaneres\/wp-json\/wp\/v2\/posts\/4881\/revisions"}],"predecessor-version":[{"id":4885,"href":"https:\/\/agora.xtec.cat\/iesllavaneres\/wp-json\/wp\/v2\/posts\/4881\/revisions\/4885"}],"wp:featuredmedia":[{"embeddable":true,"href":"https:\/\/agora.xtec.cat\/iesllavaneres\/wp-json\/wp\/v2\/media\/4963"}],"wp:attachment":[{"href":"https:\/\/agora.xtec.cat\/iesllavaneres\/wp-json\/wp\/v2\/media?parent=4881"}],"wp:term":[{"taxonomy":"category","embeddable":true,"href":"https:\/\/agora.xtec.cat\/iesllavaneres\/wp-json\/wp\/v2\/categories?post=4881"},{"taxonomy":"post_tag","embeddable":true,"href":"https:\/\/agora.xtec.cat\/iesllavaneres\/wp-json\/wp\/v2\/tags?post=4881"}],"curies":[{"name":"wp","href":"https:\/\/api.w.org\/{rel}","templated":true}]}}