{"id":4875,"date":"2025-06-11T10:11:46","date_gmt":"2025-06-11T08:11:46","guid":{"rendered":"https:\/\/agora.xtec.cat\/iesllavaneres\/?p=4875"},"modified":"2025-06-26T18:20:06","modified_gmt":"2025-06-26T16:20:06","slug":"concert-de-primavera-a-la-placa-de-lajuntament-de-llavaneres","status":"publish","type":"post","link":"https:\/\/agora.xtec.cat\/iesllavaneres\/eso-2\/concert-de-primavera-a-la-placa-de-lajuntament-de-llavaneres\/","title":{"rendered":"Concert de primavera a la pla\u00e7a de l&#8217;Ajuntament de Llavaneres"},"content":{"rendered":"<p><iframe loading=\"lazy\" title=\"Concert de Primavera a l\u2019Ajuntament de Sant Andreu de Llavaneres\" src=\"https:\/\/www.youtube.com\/embed\/SCYyQ-YKu1k\" width=\"315\" height=\"560\" frameborder=\"0\" allowfullscreen=\"allowfullscreen\"><\/iframe><br \/>\nEl passat 16 de maig, a les 10.30 h, tot l\u2019alumnat de 2n d\u2019ESO de l\u2019assignatura de M\u00fasica va participar en el Concert de Primavera, celebrat a la pla\u00e7a de l\u2019Ajuntament de Sant Andreu de Llavaneres.<br \/>\nAquest acte formava part de la programaci\u00f3 especial per commemorar el 60\u00e8 aniversari de l\u2019Institut Llavaneres. L\u2019esdeveniment va comptar amb la pres\u00e8ncia de l\u2019alcalde del municipi, \u00c0lex Neira, del regidor d\u2019Educaci\u00f3 i Cultura, Joan Arnau, i de la Directora del centre, Eva Vil\u00e0, i es va convertir en un moment molt emotiu i significatiu per a tota la comunitat educativa.<br \/>\nTot i que l\u2019assist\u00e8ncia de p\u00fablic va ser m\u00e9s redu\u00efda del que s\u2019esperava, el concert va ser un \u00e8xit art\u00edstic i emocional i una magn\u00edfica oportunitat per mostrar el talent, l\u2019esfor\u00e7 i la il\u00b7lusi\u00f3 de l\u2019alumnat.<br \/>\nEnhorabona a tots els participants per la gran feina feta!<\/p>\n","protected":false},"excerpt":{"rendered":"<p>El passat 16 de maig, a les 10.30 h, tot l\u2019alumnat de 2n d\u2019ESO de l\u2019assignatura de M\u00fasica va participar en el Concert de Primavera, celebrat a la pla\u00e7a de l\u2019Ajuntament de Sant Andreu de Llavaneres. Aquest acte formava part de la programaci\u00f3 especial per commemorar el 60\u00e8 aniversari de l\u2019Institut Llavaneres. L\u2019esdeveniment va comptar [&hellip;]<\/p>\n","protected":false},"author":4,"featured_media":4965,"comment_status":"open","ping_status":"open","sticky":false,"template":"","format":"standard","meta":{"_bbp_topic_count":0,"_bbp_reply_count":0,"_bbp_total_topic_count":0,"_bbp_total_reply_count":0,"_bbp_voice_count":0,"_bbp_anonymous_reply_count":0,"_bbp_topic_count_hidden":0,"_bbp_reply_count_hidden":0,"_bbp_forum_subforum_count":0,"site-sidebar-layout":"default","site-content-layout":"","ast-site-content-layout":"default","site-content-style":"default","site-sidebar-style":"default","ast-global-header-display":"","ast-banner-title-visibility":"","ast-main-header-display":"","ast-hfb-above-header-display":"","ast-hfb-below-header-display":"","ast-hfb-mobile-header-display":"","site-post-title":"","ast-breadcrumbs-content":"","ast-featured-img":"","footer-sml-layout":"","theme-transparent-header-meta":"default","adv-header-id-meta":"","stick-header-meta":"","header-above-stick-meta":"","header-main-stick-meta":"","header-below-stick-meta":"","astra-migrate-meta-layouts":"set","ast-page-background-enabled":"default","ast-page-background-meta":{"desktop":{"background-color":"var(--ast-global-color-4)","background-image":"","background-repeat":"repeat","background-position":"center center","background-size":"auto","background-attachment":"scroll","background-type":"","background-media":"","overlay-type":"","overlay-color":"","overlay-opacity":"","overlay-gradient":""},"tablet":{"background-color":"","background-image":"","background-repeat":"repeat","background-position":"center center","background-size":"auto","background-attachment":"scroll","background-type":"","background-media":"","overlay-type":"","overlay-color":"","overlay-opacity":"","overlay-gradient":""},"mobile":{"background-color":"","background-image":"","background-repeat":"repeat","background-position":"center center","background-size":"auto","background-attachment":"scroll","background-type":"","background-media":"","overlay-type":"","overlay-color":"","overlay-opacity":"","overlay-gradient":""}},"ast-content-background-meta":{"desktop":{"background-color":"var(--ast-global-color-5)","background-image":"","background-repeat":"repeat","background-position":"center center","background-size":"auto","background-attachment":"scroll","background-type":"","background-media":"","overlay-type":"","overlay-color":"","overlay-opacity":"","overlay-gradient":""},"tablet":{"background-color":"var(--ast-global-color-5)","background-image":"","background-repeat":"repeat","background-position":"center center","background-size":"auto","background-attachment":"scroll","background-type":"","background-media":"","overlay-type":"","overlay-color":"","overlay-opacity":"","overlay-gradient":""},"mobile":{"background-color":"var(--ast-global-color-5)","background-image":"","background-repeat":"repeat","background-position":"center center","background-size":"auto","background-attachment":"scroll","background-type":"","background-media":"","overlay-type":"","overlay-color":"","overlay-opacity":"","overlay-gradient":""}},"footnotes":""},"categories":[5,29],"tags":[132,214,189,116,122],"class_list":["post-4875","post","type-post","status-publish","format-standard","has-post-thumbnail","hentry","category-eso-2","category-portada","tag-2n-deso","tag-60-anys","tag-activitats","tag-eso","tag-musica"],"post_mailing_queue_ids":[],"_links":{"self":[{"href":"https:\/\/agora.xtec.cat\/iesllavaneres\/wp-json\/wp\/v2\/posts\/4875","targetHints":{"allow":["GET"]}}],"collection":[{"href":"https:\/\/agora.xtec.cat\/iesllavaneres\/wp-json\/wp\/v2\/posts"}],"about":[{"href":"https:\/\/agora.xtec.cat\/iesllavaneres\/wp-json\/wp\/v2\/types\/post"}],"author":[{"embeddable":true,"href":"https:\/\/agora.xtec.cat\/iesllavaneres\/wp-json\/wp\/v2\/users\/4"}],"replies":[{"embeddable":true,"href":"https:\/\/agora.xtec.cat\/iesllavaneres\/wp-json\/wp\/v2\/comments?post=4875"}],"version-history":[{"count":2,"href":"https:\/\/agora.xtec.cat\/iesllavaneres\/wp-json\/wp\/v2\/posts\/4875\/revisions"}],"predecessor-version":[{"id":4879,"href":"https:\/\/agora.xtec.cat\/iesllavaneres\/wp-json\/wp\/v2\/posts\/4875\/revisions\/4879"}],"wp:featuredmedia":[{"embeddable":true,"href":"https:\/\/agora.xtec.cat\/iesllavaneres\/wp-json\/wp\/v2\/media\/4965"}],"wp:attachment":[{"href":"https:\/\/agora.xtec.cat\/iesllavaneres\/wp-json\/wp\/v2\/media?parent=4875"}],"wp:term":[{"taxonomy":"category","embeddable":true,"href":"https:\/\/agora.xtec.cat\/iesllavaneres\/wp-json\/wp\/v2\/categories?post=4875"},{"taxonomy":"post_tag","embeddable":true,"href":"https:\/\/agora.xtec.cat\/iesllavaneres\/wp-json\/wp\/v2\/tags?post=4875"}],"curies":[{"name":"wp","href":"https:\/\/api.w.org\/{rel}","templated":true}]}}