{"id":4858,"date":"2025-06-06T21:35:52","date_gmt":"2025-06-06T19:35:52","guid":{"rendered":"https:\/\/agora.xtec.cat\/iesllavaneres\/?p=4858"},"modified":"2025-06-06T21:35:52","modified_gmt":"2025-06-06T19:35:52","slug":"inauguracio-de-lexposicio-qart-25-al-museu-de-can-caralt","status":"publish","type":"post","link":"https:\/\/agora.xtec.cat\/iesllavaneres\/general\/inauguracio-de-lexposicio-qart-25-al-museu-de-can-caralt\/","title":{"rendered":"Inauguraci\u00f3 de l\u2019exposici\u00f3 QART 25 al Museu de Can Caralt"},"content":{"rendered":"<p>\r\n\t<div class=\"slideshow_container slideshow_container_style-light\" style=\"height: 300px; \" data-slideshow-id=\"4861\" data-style-name=\"style-light\" data-style-version=\"2.3.1\" >\r\n\r\n\t\t\t\t\t<div class=\"slideshow_loading_icon\"><\/div>\r\n\t\t\r\n\t\t<div class=\"slideshow_content\" style=\"display: none;\">\r\n\r\n\t\t\t<div class=\"slideshow_view\">\r\n\t\t\t\t<div class=\"slideshow_slide slideshow_slide_image\">\r\n\t\t\t\t\t\t\t\t\t\t\t<img src=\"https:\/\/agora.xtec.cat\/iesllavaneres\/wp-content\/uploads\/usu2229\/2025\/06\/IMG-20250606-WA0015.jpg\" alt=\"IMG-20250606-WA0015\" width=\"1600\" height=\"1200\" \/>\r\n\t\t\t\t\t\t\t\t\t\t<div class=\"slideshow_description_box slideshow_transparent\">\r\n\t\t\t\t\t\t<div class=\"slideshow_title\">IMG-20250606-WA0015<\/div>\t\t\t\t\t\t\t\t\t\t\t<\/div>\r\n\t\t\t\t<\/div>\r\n\r\n\t\t\t\t\t\t<div style=\"clear: both;\"><\/div><\/div><div class=\"slideshow_view\">\r\n\t\t\t\t<div class=\"slideshow_slide slideshow_slide_image\">\r\n\t\t\t\t\t\t\t\t\t\t\t<img src=\"https:\/\/agora.xtec.cat\/iesllavaneres\/wp-content\/uploads\/usu2229\/2025\/06\/IMG-20250606-WA0011-e1749238469881.jpg\" alt=\"IMG-20250606-WA0011\" width=\"1600\" height=\"856\" \/>\r\n\t\t\t\t\t\t\t\t\t\t<div class=\"slideshow_description_box slideshow_transparent\">\r\n\t\t\t\t\t\t<div class=\"slideshow_title\">IMG-20250606-WA0011<\/div>\t\t\t\t\t\t\t\t\t\t\t<\/div>\r\n\t\t\t\t<\/div>\r\n\r\n\t\t\t\t\t\t<div style=\"clear: both;\"><\/div><\/div><div class=\"slideshow_view\">\r\n\t\t\t\t<div class=\"slideshow_slide slideshow_slide_image\">\r\n\t\t\t\t\t\t\t\t\t\t\t<img src=\"https:\/\/agora.xtec.cat\/iesllavaneres\/wp-content\/uploads\/usu2229\/2025\/06\/IMG-20250606-WA0002-e1749238515189.jpg\" alt=\"IMG-20250606-WA0002\" width=\"1600\" height=\"947\" \/>\r\n\t\t\t\t\t\t\t\t\t\t<div class=\"slideshow_description_box slideshow_transparent\">\r\n\t\t\t\t\t\t<div class=\"slideshow_title\">IMG-20250606-WA0002<\/div>\t\t\t\t\t\t\t\t\t\t\t<\/div>\r\n\t\t\t\t<\/div>\r\n\r\n\t\t\t\t\t\t<div style=\"clear: both;\"><\/div><\/div>\r\n\t\t<\/div>\r\n\r\n\t\t<div class=\"slideshow_controlPanel slideshow_transparent\" style=\"display: none;\"><ul><li class=\"slideshow_togglePlay\" data-play-text=\"Visualitza\" data-pause-text=\"Pausa\"><\/li><\/ul><\/div>\r\n\r\n\t\t<div class=\"slideshow_button slideshow_previous slideshow_transparent\" role=\"button\" data-previous-text=\"Anterior\" style=\"display: none;\"><\/div>\r\n\t\t<div class=\"slideshow_button slideshow_next slideshow_transparent\" role=\"button\" data-next-text=\"Seg\u00fcent\" style=\"display: none;\"><\/div>\r\n\r\n\t\t<div class=\"slideshow_pagination\" style=\"display: none;\" data-go-to-text=\"V\u00e9s a la diapositiva\"><div class=\"slideshow_pagination_center\"><\/div><\/div>\r\n\r\n\t\t<!-- WordPress Slideshow Version 2.3.1 -->\r\n\r\n\t\t\t<\/div>\r\n\r\n<br \/>\nDijous 5 de juny a les 19:30 h, vam inaugurar l\u2019exposici\u00f3 QART 25 al Museu de Can Caralt, una mostra del talent i de la creativitat del nostre alumnat d&#8217;Expressi\u00f3 Art\u00edstica de 4t d&#8217;ESO.<\/p>\n<p>L\u2019acte d\u2019inauguraci\u00f3 va comptar amb la presentaci\u00f3 institucional a c\u00e0rrec del personal del museu, de la professora responsable de la mat\u00e8ria i de diversos alumnes voluntaris que van compartir les seves experi\u00e8ncies en el proc\u00e9s de creaci\u00f3 art\u00edstica, i tamb\u00e9 amb les paraules de l\u2019alcalde de Llavaneres.<\/p>\n<p>Despr\u00e9s dels parlaments, les fam\u00edlies i l\u2019alumnat assistent van poder gaudir de l\u2019exposici\u00f3, que recull tres dels projectes elaborats durant el curs acad\u00e8mic. A trav\u00e9s d\u2019aquestes obres, es fa visible el treball interdisciplinari, l\u2019expressi\u00f3 personal i l\u2019an\u00e0lisi cr\u00edtica que l\u2019alumnat ha desenvolupat al llarg del curs.<\/p>\n<p>L\u2019acte va ser tot un \u00e8xit de participaci\u00f3 i una mostra de la implicaci\u00f3 de tota la comunitat educativa en aquest projecte. Des de l\u2019Institut volem agrair l\u2019aposta per l\u2019educaci\u00f3 art\u00edstica i la col\u00b7laboraci\u00f3 i participaci\u00f3 del Museu de Can Caralt, del professorat, de l\u2019alumnat i de les seves fam\u00edlies.<\/p>\n<p>L\u2019exposici\u00f3 romandr\u00e0 oberta al p\u00fablic durant les pr\u00f2ximes setmanes. Us animem a visitar-la i a deixar-vos inspirar pel treball del nostre alumnat.<\/p>\n<p>M\u00edriam Rialp, Departament d&#8217;Expressi\u00f3 art\u00edstica i Dibuix<\/p>\n","protected":false},"excerpt":{"rendered":"<p>Dijous 5 de juny a les 19:30 h, vam inaugurar l\u2019exposici\u00f3 QART 25 al Museu de Can Caralt, una mostra del talent i de la creativitat del nostre alumnat d&#8217;Expressi\u00f3 Art\u00edstica de 4t d&#8217;ESO. L\u2019acte d\u2019inauguraci\u00f3 va comptar amb la presentaci\u00f3 institucional a c\u00e0rrec del personal del museu, de la professora responsable de la mat\u00e8ria [&hellip;]<\/p>\n","protected":false},"author":4,"featured_media":4862,"comment_status":"open","ping_status":"open","sticky":false,"template":"","format":"standard","meta":{"_bbp_topic_count":0,"_bbp_reply_count":0,"_bbp_total_topic_count":0,"_bbp_total_reply_count":0,"_bbp_voice_count":0,"_bbp_anonymous_reply_count":0,"_bbp_topic_count_hidden":0,"_bbp_reply_count_hidden":0,"_bbp_forum_subforum_count":0,"site-sidebar-layout":"default","site-content-layout":"","ast-site-content-layout":"","site-content-style":"default","site-sidebar-style":"default","ast-global-header-display":"","ast-banner-title-visibility":"","ast-main-header-display":"","ast-hfb-above-header-display":"","ast-hfb-below-header-display":"","ast-hfb-mobile-header-display":"","site-post-title":"","ast-breadcrumbs-content":"","ast-featured-img":"","footer-sml-layout":"","theme-transparent-header-meta":"","adv-header-id-meta":"","stick-header-meta":"","header-above-stick-meta":"","header-main-stick-meta":"","header-below-stick-meta":"","astra-migrate-meta-layouts":"default","ast-page-background-enabled":"default","ast-page-background-meta":{"desktop":{"background-color":"var(--ast-global-color-4)","background-image":"","background-repeat":"repeat","background-position":"center center","background-size":"auto","background-attachment":"scroll","background-type":"","background-media":"","overlay-type":"","overlay-color":"","overlay-opacity":"","overlay-gradient":""},"tablet":{"background-color":"","background-image":"","background-repeat":"repeat","background-position":"center center","background-size":"auto","background-attachment":"scroll","background-type":"","background-media":"","overlay-type":"","overlay-color":"","overlay-opacity":"","overlay-gradient":""},"mobile":{"background-color":"","background-image":"","background-repeat":"repeat","background-position":"center center","background-size":"auto","background-attachment":"scroll","background-type":"","background-media":"","overlay-type":"","overlay-color":"","overlay-opacity":"","overlay-gradient":""}},"ast-content-background-meta":{"desktop":{"background-color":"var(--ast-global-color-5)","background-image":"","background-repeat":"repeat","background-position":"center center","background-size":"auto","background-attachment":"scroll","background-type":"","background-media":"","overlay-type":"","overlay-color":"","overlay-opacity":"","overlay-gradient":""},"tablet":{"background-color":"var(--ast-global-color-5)","background-image":"","background-repeat":"repeat","background-position":"center center","background-size":"auto","background-attachment":"scroll","background-type":"","background-media":"","overlay-type":"","overlay-color":"","overlay-opacity":"","overlay-gradient":""},"mobile":{"background-color":"var(--ast-global-color-5)","background-image":"","background-repeat":"repeat","background-position":"center center","background-size":"auto","background-attachment":"scroll","background-type":"","background-media":"","overlay-type":"","overlay-color":"","overlay-opacity":"","overlay-gradient":""}},"footnotes":""},"categories":[1],"tags":[],"class_list":["post-4858","post","type-post","status-publish","format-standard","has-post-thumbnail","hentry","category-general"],"post_mailing_queue_ids":[],"_links":{"self":[{"href":"https:\/\/agora.xtec.cat\/iesllavaneres\/wp-json\/wp\/v2\/posts\/4858","targetHints":{"allow":["GET"]}}],"collection":[{"href":"https:\/\/agora.xtec.cat\/iesllavaneres\/wp-json\/wp\/v2\/posts"}],"about":[{"href":"https:\/\/agora.xtec.cat\/iesllavaneres\/wp-json\/wp\/v2\/types\/post"}],"author":[{"embeddable":true,"href":"https:\/\/agora.xtec.cat\/iesllavaneres\/wp-json\/wp\/v2\/users\/4"}],"replies":[{"embeddable":true,"href":"https:\/\/agora.xtec.cat\/iesllavaneres\/wp-json\/wp\/v2\/comments?post=4858"}],"version-history":[{"count":3,"href":"https:\/\/agora.xtec.cat\/iesllavaneres\/wp-json\/wp\/v2\/posts\/4858\/revisions"}],"predecessor-version":[{"id":4865,"href":"https:\/\/agora.xtec.cat\/iesllavaneres\/wp-json\/wp\/v2\/posts\/4858\/revisions\/4865"}],"wp:featuredmedia":[{"embeddable":true,"href":"https:\/\/agora.xtec.cat\/iesllavaneres\/wp-json\/wp\/v2\/media\/4862"}],"wp:attachment":[{"href":"https:\/\/agora.xtec.cat\/iesllavaneres\/wp-json\/wp\/v2\/media?parent=4858"}],"wp:term":[{"taxonomy":"category","embeddable":true,"href":"https:\/\/agora.xtec.cat\/iesllavaneres\/wp-json\/wp\/v2\/categories?post=4858"},{"taxonomy":"post_tag","embeddable":true,"href":"https:\/\/agora.xtec.cat\/iesllavaneres\/wp-json\/wp\/v2\/tags?post=4858"}],"curies":[{"name":"wp","href":"https:\/\/api.w.org\/{rel}","templated":true}]}}