{"id":4799,"date":"2025-05-27T11:37:46","date_gmt":"2025-05-27T09:37:46","guid":{"rendered":"https:\/\/agora.xtec.cat\/iesllavaneres\/?p=4799"},"modified":"2025-06-26T18:22:56","modified_gmt":"2025-06-26T16:22:56","slug":"caminada-pels-centres-escolars-historics-de-llavaneres","status":"publish","type":"post","link":"https:\/\/agora.xtec.cat\/iesllavaneres\/eso-4\/caminada-pels-centres-escolars-historics-de-llavaneres\/","title":{"rendered":"Caminada pels centres escolars hist\u00f2rics de Llavaneres"},"content":{"rendered":"\r\n\t<div class=\"slideshow_container slideshow_container_style-light\" style=\"height: 300px; \" data-slideshow-id=\"4801\" data-style-name=\"style-light\" data-style-version=\"2.3.1\" >\r\n\r\n\t\t\t\t\t<div class=\"slideshow_loading_icon\"><\/div>\r\n\t\t\r\n\t\t<div class=\"slideshow_content\" style=\"display: none;\">\r\n\r\n\t\t\t<div class=\"slideshow_view\">\r\n\t\t\t\t<div class=\"slideshow_slide slideshow_slide_image\">\r\n\t\t\t\t\t\t\t\t\t\t\t<img src=\"https:\/\/agora.xtec.cat\/iesllavaneres\/wp-content\/uploads\/usu2229\/2025\/05\/1748253401578-e1748338243777.jpg\" alt=\"1748253401578\" width=\"2040\" height=\"1240\" \/>\r\n\t\t\t\t\t\t\t\t\t\t<div class=\"slideshow_description_box slideshow_transparent\">\r\n\t\t\t\t\t\t<div class=\"slideshow_title\">1748253401578<\/div>\t\t\t\t\t\t\t\t\t\t\t<\/div>\r\n\t\t\t\t<\/div>\r\n\r\n\t\t\t\t\t\t<div style=\"clear: both;\"><\/div><\/div><div class=\"slideshow_view\">\r\n\t\t\t\t<div class=\"slideshow_slide slideshow_slide_image\">\r\n\t\t\t\t\t\t\t\t\t\t\t<img src=\"https:\/\/agora.xtec.cat\/iesllavaneres\/wp-content\/uploads\/usu2229\/2025\/05\/1748253345620.jpg\" alt=\"1748253345620\" width=\"2048\" height=\"1153\" \/>\r\n\t\t\t\t\t\t\t\t\t\t<div class=\"slideshow_description_box slideshow_transparent\">\r\n\t\t\t\t\t\t<div class=\"slideshow_title\">1748253345620<\/div>\t\t\t\t\t\t\t\t\t\t\t<\/div>\r\n\t\t\t\t<\/div>\r\n\r\n\t\t\t\t\t\t<div style=\"clear: both;\"><\/div><\/div><div class=\"slideshow_view\">\r\n\t\t\t\t<div class=\"slideshow_slide slideshow_slide_image\">\r\n\t\t\t\t\t\t\t\t\t\t\t<img src=\"https:\/\/agora.xtec.cat\/iesllavaneres\/wp-content\/uploads\/usu2229\/2025\/05\/1748253433491-min-scaled.jpg\" alt=\"1748253433491-min\" width=\"2560\" height=\"1915\" \/>\r\n\t\t\t\t\t\t\t\t\t\t<div class=\"slideshow_description_box slideshow_transparent\">\r\n\t\t\t\t\t\t<div class=\"slideshow_title\">1748253433491-min<\/div>\t\t\t\t\t\t\t\t\t\t\t<\/div>\r\n\t\t\t\t<\/div>\r\n\r\n\t\t\t\t\t\t<div style=\"clear: both;\"><\/div><\/div><div class=\"slideshow_view\">\r\n\t\t\t\t<div class=\"slideshow_slide slideshow_slide_image\">\r\n\t\t\t\t\t\t\t\t\t\t\t<img src=\"https:\/\/agora.xtec.cat\/iesllavaneres\/wp-content\/uploads\/usu2229\/2025\/05\/1748253345485.jpg\" alt=\"1748253345485\" width=\"1653\" height=\"1302\" \/>\r\n\t\t\t\t\t\t\t\t\t\t<div class=\"slideshow_description_box slideshow_transparent\">\r\n\t\t\t\t\t\t<div class=\"slideshow_title\">1748253345485<\/div>\t\t\t\t\t\t\t\t\t\t\t<\/div>\r\n\t\t\t\t<\/div>\r\n\r\n\t\t\t\t\t\t<div style=\"clear: both;\"><\/div><\/div><div class=\"slideshow_view\">\r\n\t\t\t\t<div class=\"slideshow_slide slideshow_slide_image\">\r\n\t\t\t\t\t\t\t\t\t\t\t<img src=\"https:\/\/agora.xtec.cat\/iesllavaneres\/wp-content\/uploads\/usu2229\/2025\/05\/1748253345607-e1748337939146.jpg\" alt=\"1748253345607\" width=\"2048\" height=\"836\" \/>\r\n\t\t\t\t\t\t\t\t\t\t<div class=\"slideshow_description_box slideshow_transparent\">\r\n\t\t\t\t\t\t<div class=\"slideshow_title\">1748253345607<\/div>\t\t\t\t\t\t\t\t\t\t\t<\/div>\r\n\t\t\t\t<\/div>\r\n\r\n\t\t\t\t\t\t<div style=\"clear: both;\"><\/div><\/div><div class=\"slideshow_view\">\r\n\t\t\t\t<div class=\"slideshow_slide slideshow_slide_image\">\r\n\t\t\t\t\t\t\t\t\t\t\t<img src=\"https:\/\/agora.xtec.cat\/iesllavaneres\/wp-content\/uploads\/usu2229\/2025\/05\/1748253345558.jpg\" alt=\"1748253345558\" width=\"2048\" height=\"1153\" \/>\r\n\t\t\t\t\t\t\t\t\t\t<div class=\"slideshow_description_box slideshow_transparent\">\r\n\t\t\t\t\t\t<div class=\"slideshow_title\">1748253345558<\/div>\t\t\t\t\t\t\t\t\t\t\t<\/div>\r\n\t\t\t\t<\/div>\r\n\r\n\t\t\t\t\t\t<div style=\"clear: both;\"><\/div><\/div><div class=\"slideshow_view\">\r\n\t\t\t\t<div class=\"slideshow_slide slideshow_slide_image\">\r\n\t\t\t\t\t\t\t\t\t\t\t<img src=\"https:\/\/agora.xtec.cat\/iesllavaneres\/wp-content\/uploads\/usu2229\/2025\/05\/1748253459485-min-scaled.jpg\" alt=\"1748253459485-min\" width=\"2560\" height=\"1915\" \/>\r\n\t\t\t\t\t\t\t\t\t\t<div class=\"slideshow_description_box slideshow_transparent\">\r\n\t\t\t\t\t\t<div class=\"slideshow_title\">1748253459485-min<\/div>\t\t\t\t\t\t\t\t\t\t\t<\/div>\r\n\t\t\t\t<\/div>\r\n\r\n\t\t\t\t\t\t<div style=\"clear: both;\"><\/div><\/div>\r\n\t\t<\/div>\r\n\r\n\t\t<div class=\"slideshow_controlPanel slideshow_transparent\" style=\"display: none;\"><ul><li class=\"slideshow_togglePlay\" data-play-text=\"Visualitza\" data-pause-text=\"Pausa\"><\/li><\/ul><\/div>\r\n\r\n\t\t<div class=\"slideshow_button slideshow_previous slideshow_transparent\" role=\"button\" data-previous-text=\"Anterior\" style=\"display: none;\"><\/div>\r\n\t\t<div class=\"slideshow_button slideshow_next slideshow_transparent\" role=\"button\" data-next-text=\"Seg\u00fcent\" style=\"display: none;\"><\/div>\r\n\r\n\t\t<div class=\"slideshow_pagination\" style=\"display: none;\" data-go-to-text=\"V\u00e9s a la diapositiva\"><div class=\"slideshow_pagination_center\"><\/div><\/div>\r\n\r\n\t\t<!-- WordPress Slideshow Version 2.3.1 -->\r\n\r\n\t\t\t<\/div>\r\n\r\n\n<p>Diumenge dia 25 de maig, dins dels actes de celebraci\u00f3 del 60\u00e8 aniversari de l&#8217;Institut Llavaneres, es va celebrar una <strong>Caminada popular<\/strong>, en col\u00b7laboraci\u00f3 amb <a href=\"https:\/\/entitatsllavaneres.cat\/llcc\"><strong>Llavaneres contra el c\u00e0ncer<\/strong><\/a> i en benefici d&#8217;aquesta entitat, resseguint els diferents espais en qu\u00e8 s&#8217;ubiquen o s&#8217;han ubicat els centres educatius de Llavaneres al llarg d&#8217;aquests 60 anys.<\/p>\n<p>L&#8217;activitat s&#8217;emmarca en la tasca del <strong>Servei Comunitari<\/strong> que els alumnes de <strong>4t d&#8217;ESO<\/strong> han de fer per completar el seu curr\u00edculum acad\u00e8mic. Al llarg de diferents dies, han anat preparant tota la infraestructura de la caminada: ruta, publicitat i r\u00e8tols informatius, disseny i estampat de les bosses d&#8217;obsequi, entrepans, etc.<\/p>\n<p>El recorregut s&#8217;iniciava a l&#8217;espai Laband\u00e0ria, que havia estat escola de Prim\u00e0ria i despr\u00e9s d&#8217;EGB\u00a0<strong>Eduardo Baeza Alegr\u00eda<\/strong>, i que durant un temps tamb\u00e9 va acollir l&#8217;escola d&#8217;Infantil i Prim\u00e0ria <strong>Laband\u00e0ria<\/strong>.<\/p>\n<p>La primera parada es feia a la pla\u00e7a de l&#8217;<strong>Ajuntament<\/strong>, els baixos del qual havien estat aules del primer &#8220;institut&#8221;.<\/p>\n<p>La ruta seguia per Cl\u00f2sens i pel parc de can Matas pujava per Joaquim Matas i s&#8217;aturava davant del solar que havia ocupat l&#8217;antic edifici de l&#8217;<strong>Institut Llavaneres<\/strong>, que primer havia estat <strong>Col\u00b7legi Municipal de BUP i COU Fra Joaquim Maria de Llavaneres<\/strong>.<\/p>\n<p>Molt a la vora es troben dos centres escolars en ple funcionament: l&#8217;escola d&#8217;<strong>Infantil i Prim\u00e0ria Jaume Llull<\/strong>, creada per la unificaci\u00f3 de l&#8217;antiga <strong>Sant Andreu<\/strong> i de la <strong>Laband\u00e0ria<\/strong>, i la Llar d&#8217;Infants <strong>Minerva<\/strong>.<\/p>\n<p>Els participant en l&#8217;activitat van continuar novament per Joaquim Matas i el carret de Munt per dirigir-se pel Passeig de la Riera fins a l&#8217;escola <strong>Serena Vall<\/strong>, centre d&#8217;Infantil i Prim\u00e0ria, i la propera Llar d&#8217;Infants <strong>Sant Nicolau<\/strong>.<\/p>\n<p>Finalment, es va arribar a l&#8217;<strong>Institut Llavaneres<\/strong> pels passeigs de la Gleva i del Perell\u00f3, per fer la darrera parada abans d&#8217;entrar al centre.<\/p>\n<p>En cada punt escolar, hi havia un grup d&#8217;alumnes que oferien explicacions puntuals sobre el centre educatiu corresponent.<\/p>\n<p>Tot i que la ruta no hi passava, hem de recordar tamb\u00e9 que a l&#8217;actual edifici de C\u00e0ritas, al Passeig de les Monges, s&#8217;hi havia ubicat una escola de Prim\u00e0ria i una Llar d&#8217;Infants, en el que era el convent de <strong>la Presentaci\u00f3<\/strong>.<\/p>\n<p>Despr\u00e9s de recollir l&#8217;esmorzar i la bossa d&#8217;obsequi, qui aix\u00ed ho va desitjar va poder gaudir d&#8217;una classe de ioga a c\u00e0rrec d&#8217;<strong>\u00c0ngels Cayero Sala<\/strong>.<\/p>\n<p>Agra\u00efm la pres\u00e8ncia la col\u00b7laboraci\u00f3 de l&#8217;\u00c0ngels i de l&#8217;Associaci\u00f3 contra el c\u00e0ncer aix\u00ed com la participaci\u00f3 dels professors i de les fam\u00edlies que hi van fer el recorregut i la sessi\u00f3 de ioga.<\/p>\n","protected":false},"excerpt":{"rendered":"<p>Diumenge dia 25 de maig, dins dels actes de celebraci\u00f3 del 60\u00e8 aniversari de l&#8217;Institut Llavaneres, es va celebrar una Caminada popular, en col\u00b7laboraci\u00f3 amb Llavaneres contra el c\u00e0ncer i en benefici d&#8217;aquesta entitat, resseguint els diferents espais en qu\u00e8 s&#8217;ubiquen o s&#8217;han ubicat els centres educatius de Llavaneres al llarg d&#8217;aquests 60 anys. L&#8217;activitat [&hellip;]<\/p>\n","protected":false},"author":4,"featured_media":4969,"comment_status":"open","ping_status":"closed","sticky":false,"template":"","format":"standard","meta":{"_bbp_topic_count":0,"_bbp_reply_count":0,"_bbp_total_topic_count":0,"_bbp_total_reply_count":0,"_bbp_voice_count":0,"_bbp_anonymous_reply_count":0,"_bbp_topic_count_hidden":0,"_bbp_reply_count_hidden":0,"_bbp_forum_subforum_count":0,"site-sidebar-layout":"default","site-content-layout":"","ast-site-content-layout":"default","site-content-style":"default","site-sidebar-style":"default","ast-global-header-display":"","ast-banner-title-visibility":"","ast-main-header-display":"","ast-hfb-above-header-display":"","ast-hfb-below-header-display":"","ast-hfb-mobile-header-display":"","site-post-title":"","ast-breadcrumbs-content":"","ast-featured-img":"","footer-sml-layout":"","theme-transparent-header-meta":"default","adv-header-id-meta":"","stick-header-meta":"","header-above-stick-meta":"","header-main-stick-meta":"","header-below-stick-meta":"","astra-migrate-meta-layouts":"set","ast-page-background-enabled":"default","ast-page-background-meta":{"desktop":{"background-color":"var(--ast-global-color-4)","background-image":"","background-repeat":"repeat","background-position":"center center","background-size":"auto","background-attachment":"scroll","background-type":"","background-media":"","overlay-type":"","overlay-color":"","overlay-opacity":"","overlay-gradient":""},"tablet":{"background-color":"","background-image":"","background-repeat":"repeat","background-position":"center center","background-size":"auto","background-attachment":"scroll","background-type":"","background-media":"","overlay-type":"","overlay-color":"","overlay-opacity":"","overlay-gradient":""},"mobile":{"background-color":"","background-image":"","background-repeat":"repeat","background-position":"center center","background-size":"auto","background-attachment":"scroll","background-type":"","background-media":"","overlay-type":"","overlay-color":"","overlay-opacity":"","overlay-gradient":""}},"ast-content-background-meta":{"desktop":{"background-color":"var(--ast-global-color-5)","background-image":"","background-repeat":"repeat","background-position":"center center","background-size":"auto","background-attachment":"scroll","background-type":"","background-media":"","overlay-type":"","overlay-color":"","overlay-opacity":"","overlay-gradient":""},"tablet":{"background-color":"var(--ast-global-color-5)","background-image":"","background-repeat":"repeat","background-position":"center center","background-size":"auto","background-attachment":"scroll","background-type":"","background-media":"","overlay-type":"","overlay-color":"","overlay-opacity":"","overlay-gradient":""},"mobile":{"background-color":"var(--ast-global-color-5)","background-image":"","background-repeat":"repeat","background-position":"center center","background-size":"auto","background-attachment":"scroll","background-type":"","background-media":"","overlay-type":"","overlay-color":"","overlay-opacity":"","overlay-gradient":""}},"footnotes":""},"categories":[7,29],"tags":[120,214,189,116,39],"class_list":["post-4799","post","type-post","status-publish","format-standard","has-post-thumbnail","hentry","category-eso-4","category-portada","tag-4t-deso","tag-60-anys","tag-activitats","tag-eso","tag-sortides"],"post_mailing_queue_ids":[],"_links":{"self":[{"href":"https:\/\/agora.xtec.cat\/iesllavaneres\/wp-json\/wp\/v2\/posts\/4799","targetHints":{"allow":["GET"]}}],"collection":[{"href":"https:\/\/agora.xtec.cat\/iesllavaneres\/wp-json\/wp\/v2\/posts"}],"about":[{"href":"https:\/\/agora.xtec.cat\/iesllavaneres\/wp-json\/wp\/v2\/types\/post"}],"author":[{"embeddable":true,"href":"https:\/\/agora.xtec.cat\/iesllavaneres\/wp-json\/wp\/v2\/users\/4"}],"replies":[{"embeddable":true,"href":"https:\/\/agora.xtec.cat\/iesllavaneres\/wp-json\/wp\/v2\/comments?post=4799"}],"version-history":[{"count":4,"href":"https:\/\/agora.xtec.cat\/iesllavaneres\/wp-json\/wp\/v2\/posts\/4799\/revisions"}],"predecessor-version":[{"id":4812,"href":"https:\/\/agora.xtec.cat\/iesllavaneres\/wp-json\/wp\/v2\/posts\/4799\/revisions\/4812"}],"wp:featuredmedia":[{"embeddable":true,"href":"https:\/\/agora.xtec.cat\/iesllavaneres\/wp-json\/wp\/v2\/media\/4969"}],"wp:attachment":[{"href":"https:\/\/agora.xtec.cat\/iesllavaneres\/wp-json\/wp\/v2\/media?parent=4799"}],"wp:term":[{"taxonomy":"category","embeddable":true,"href":"https:\/\/agora.xtec.cat\/iesllavaneres\/wp-json\/wp\/v2\/categories?post=4799"},{"taxonomy":"post_tag","embeddable":true,"href":"https:\/\/agora.xtec.cat\/iesllavaneres\/wp-json\/wp\/v2\/tags?post=4799"}],"curies":[{"name":"wp","href":"https:\/\/api.w.org\/{rel}","templated":true}]}}