{"id":4789,"date":"2025-05-27T10:46:29","date_gmt":"2025-05-27T08:46:29","guid":{"rendered":"https:\/\/agora.xtec.cat\/iesllavaneres\/?p=4789"},"modified":"2025-06-26T18:23:32","modified_gmt":"2025-06-26T16:23:32","slug":"acte-central-de-celebracio-del-60e-aniversari-de-linstitut-llavaneres","status":"publish","type":"post","link":"https:\/\/agora.xtec.cat\/iesllavaneres\/general\/acte-central-de-celebracio-del-60e-aniversari-de-linstitut-llavaneres\/","title":{"rendered":"Acte central de celebraci\u00f3 del 60\u00e8 aniversari de l&#8217;Institut Llavaneres"},"content":{"rendered":"\r\n\t<div class=\"slideshow_container slideshow_container_style-light\" style=\"height: 300px; \" data-slideshow-id=\"4794\" data-style-name=\"style-light\" data-style-version=\"2.3.1\" >\r\n\r\n\t\t\t\t\t<div class=\"slideshow_loading_icon\"><\/div>\r\n\t\t\r\n\t\t<div class=\"slideshow_content\" style=\"display: none;\">\r\n\r\n\t\t\t<div class=\"slideshow_view\">\r\n\t\t\t\t<div class=\"slideshow_slide slideshow_slide_image\">\r\n\t\t\t\t\t\t\t\t\t\t\t<img src=\"https:\/\/agora.xtec.cat\/iesllavaneres\/wp-content\/uploads\/usu2229\/2025\/05\/1748253287847-e1748335551772.jpg\" alt=\"1748253287847\" width=\"2048\" height=\"900\" \/>\r\n\t\t\t\t\t\t\t\t\t\t<div class=\"slideshow_description_box slideshow_transparent\">\r\n\t\t\t\t\t\t<div class=\"slideshow_title\">1748253287847<\/div>\t\t\t\t\t\t\t\t\t\t\t<\/div>\r\n\t\t\t\t<\/div>\r\n\r\n\t\t\t\t\t\t<div style=\"clear: both;\"><\/div><\/div><div class=\"slideshow_view\">\r\n\t\t\t\t<div class=\"slideshow_slide slideshow_slide_image\">\r\n\t\t\t\t\t\t\t\t\t\t\t<img src=\"https:\/\/agora.xtec.cat\/iesllavaneres\/wp-content\/uploads\/usu2229\/2025\/05\/1748253287819.jpg\" alt=\"1748253287819\" width=\"1736\" height=\"1153\" \/>\r\n\t\t\t\t\t\t\t\t\t\t<div class=\"slideshow_description_box slideshow_transparent\">\r\n\t\t\t\t\t\t<div class=\"slideshow_title\">1748253287819<\/div>\t\t\t\t\t\t\t\t\t\t\t<\/div>\r\n\t\t\t\t<\/div>\r\n\r\n\t\t\t\t\t\t<div style=\"clear: both;\"><\/div><\/div><div class=\"slideshow_view\">\r\n\t\t\t\t<div class=\"slideshow_slide slideshow_slide_image\">\r\n\t\t\t\t\t\t\t\t\t\t\t<img src=\"https:\/\/agora.xtec.cat\/iesllavaneres\/wp-content\/uploads\/usu2229\/2025\/05\/1748253287800.jpg\" alt=\"1748253287800\" width=\"1865\" height=\"1237\" \/>\r\n\t\t\t\t\t\t\t\t\t\t<div class=\"slideshow_description_box slideshow_transparent\">\r\n\t\t\t\t\t\t<div class=\"slideshow_title\">1748253287800<\/div>\t\t\t\t\t\t\t\t\t\t\t<\/div>\r\n\t\t\t\t<\/div>\r\n\r\n\t\t\t\t\t\t<div style=\"clear: both;\"><\/div><\/div>\r\n\t\t<\/div>\r\n\r\n\t\t<div class=\"slideshow_controlPanel slideshow_transparent\" style=\"display: none;\"><ul><li class=\"slideshow_togglePlay\" data-play-text=\"Visualitza\" data-pause-text=\"Pausa\"><\/li><\/ul><\/div>\r\n\r\n\t\t<div class=\"slideshow_button slideshow_previous slideshow_transparent\" role=\"button\" data-previous-text=\"Anterior\" style=\"display: none;\"><\/div>\r\n\t\t<div class=\"slideshow_button slideshow_next slideshow_transparent\" role=\"button\" data-next-text=\"Seg\u00fcent\" style=\"display: none;\"><\/div>\r\n\r\n\t\t<div class=\"slideshow_pagination\" style=\"display: none;\" data-go-to-text=\"V\u00e9s a la diapositiva\"><div class=\"slideshow_pagination_center\"><\/div><\/div>\r\n\r\n\t\t<!-- WordPress Slideshow Version 2.3.1 -->\r\n\r\n\t\t\t<\/div>\r\n\r\n\n<p>Enguany celebrem el 60\u00e8 aniversari de l&#8217;Institut Llavaneres amb un seguit d&#8217;actes. En diferents articles us n&#8217;anirem donant els detalls. De moment, ens centrem en la celebraci\u00f3 de l&#8217;acte central i, sens dubte majoritari, que va tenir lloc divendres 23, a les pistes poliesportives de l&#8217;institut, on unes 500 persones es van aplegar per commemorar aquests 60 anys d&#8217;hist\u00f2ria i retrobar-se amb antics companys i professors.<\/p>\n<p>Presentat pels alumnes de 2n de Batxillerat <strong>Martina Figueras<\/strong> i <strong>Armand<\/strong> <strong>Fages<\/strong> i per l&#8217;exalumne <strong>Xavi Noms<\/strong>, l&#8217;acte va comptar amb la pres\u00e8ncia a l&#8217;escenari de les autoritats municipals, l&#8217;alcalde <strong>\u00c0lex Neira<\/strong> i el regidor de Cultura <strong>Joan Arnau<\/strong>, a m\u00e9s de la presidenta de l&#8217;AFA, <strong>Yolanda Diaz<\/strong>, i de la directora del centre, <strong>Eva Vil\u00e0.<\/strong><\/p>\n<p>Posteriorment, es va cridar a l&#8217;escenari sis directors que han format part de la hist\u00f2ria de l&#8217;Institut i que van deixar const\u00e0ncia d&#8217;algun fet destacat de la seva \u00e8poca al capdavant del centre: <strong>Merc\u00e8 Colomer, Carmel Comeron, Llu\u00eds Mora, Eduard Casta\u00f1o, Enrique Chicote i Eva Vil\u00e0<\/strong>. Es va aprofitar el moment per inaugurar el centre, que, curiosament, mai abans havia estat inaugurat.<\/p>\n<p>Entre el p\u00fablic, els presentadors van anar a trobar diferents personalitats representatives pel seu pas per l&#8217;institut: <strong>Quima Bosch, Joan Peitx, Roser Cerd\u00e0, Llu\u00eds Arbert\u00ed i Gemma Fontanals<\/strong> van compartir algun dels seus records. I tamb\u00e9 van pujar a l&#8217;escenari l&#8217;alumne assistent m\u00e9s vell i el m\u00e9s jove, <strong>\u00c0ngel Perales<\/strong> i <strong>Ethan Ceinos<\/strong>.<\/p>\n<p>Tot l&#8217;acte va estar amenitzat per m\u00fasica i can\u00e7ons en directe a c\u00e0rrec de <strong>Xavi Noms<\/strong>, conegut pel seu pas per Euf\u00f2ria i acompanyat pel seu pare a la guitarra, un altre <strong>Xavi Noms<\/strong>, i de <strong>Martina Pe\u00f1uela<\/strong> amb <strong>Marcel Ferrer<\/strong> al piano, tots quatre exalumnes de l&#8217;Institut Llavaneres. A la taula de so, dues persones m\u00e9s, el professor de M\u00fasica <strong>Arnald Pannon<\/strong> i <strong>\u00c8ric Navarro<\/strong>, DJ professional que havia passat per les aules del centre.<\/p>\n<p>En diferents racons, una pantalla projectava diversos v\u00eddeos amb imatges de diferents moments i els assistents podien trobar i comentar fotografies de totes les \u00e8poques. La Cantina de l&#8217;Institut oferia begudes als que en desitgessin.<\/p>\n<p>L&#8217;<strong>AFA<\/strong> va col\u00b7laborar a la celebraci\u00f3 amb un fot\u00f2graf que va anar immortalitzant cada moment i la instal\u00b7laci\u00f3 d&#8217;un &#8220;Fotomaton&#8221;.<\/p>\n<p>Gr\u00e0cies tamb\u00e9 a l&#8217;Ajuntament de Llavaneres, vam poder tancar la celebraci\u00f3 brindant tots junts per tota la comunitat educativa. Va ser un vespre de retrobament, d&#8217;emocions i de promeses de tornar a veure&#8217;ns.<\/p>\n<p>Un agra\u00efment a tots els que el van fer possible aix\u00ed com a tots els assistents!<\/p>\n","protected":false},"excerpt":{"rendered":"<p>Enguany celebrem el 60\u00e8 aniversari de l&#8217;Institut Llavaneres amb un seguit d&#8217;actes. En diferents articles us n&#8217;anirem donant els detalls. De moment, ens centrem en la celebraci\u00f3 de l&#8217;acte central i, sens dubte majoritari, que va tenir lloc divendres 23, a les pistes poliesportives de l&#8217;institut, on unes 500 persones es van aplegar per commemorar [&hellip;]<\/p>\n","protected":false},"author":4,"featured_media":4971,"comment_status":"open","ping_status":"closed","sticky":false,"template":"","format":"standard","meta":{"_bbp_topic_count":0,"_bbp_reply_count":0,"_bbp_total_topic_count":0,"_bbp_total_reply_count":0,"_bbp_voice_count":0,"_bbp_anonymous_reply_count":0,"_bbp_topic_count_hidden":0,"_bbp_reply_count_hidden":0,"_bbp_forum_subforum_count":0,"site-sidebar-layout":"default","site-content-layout":"","ast-site-content-layout":"default","site-content-style":"default","site-sidebar-style":"default","ast-global-header-display":"","ast-banner-title-visibility":"","ast-main-header-display":"","ast-hfb-above-header-display":"","ast-hfb-below-header-display":"","ast-hfb-mobile-header-display":"","site-post-title":"","ast-breadcrumbs-content":"","ast-featured-img":"","footer-sml-layout":"","theme-transparent-header-meta":"default","adv-header-id-meta":"","stick-header-meta":"","header-above-stick-meta":"","header-main-stick-meta":"","header-below-stick-meta":"","astra-migrate-meta-layouts":"set","ast-page-background-enabled":"default","ast-page-background-meta":{"desktop":{"background-color":"var(--ast-global-color-4)","background-image":"","background-repeat":"repeat","background-position":"center center","background-size":"auto","background-attachment":"scroll","background-type":"","background-media":"","overlay-type":"","overlay-color":"","overlay-opacity":"","overlay-gradient":""},"tablet":{"background-color":"","background-image":"","background-repeat":"repeat","background-position":"center center","background-size":"auto","background-attachment":"scroll","background-type":"","background-media":"","overlay-type":"","overlay-color":"","overlay-opacity":"","overlay-gradient":""},"mobile":{"background-color":"","background-image":"","background-repeat":"repeat","background-position":"center center","background-size":"auto","background-attachment":"scroll","background-type":"","background-media":"","overlay-type":"","overlay-color":"","overlay-opacity":"","overlay-gradient":""}},"ast-content-background-meta":{"desktop":{"background-color":"var(--ast-global-color-5)","background-image":"","background-repeat":"repeat","background-position":"center center","background-size":"auto","background-attachment":"scroll","background-type":"","background-media":"","overlay-type":"","overlay-color":"","overlay-opacity":"","overlay-gradient":""},"tablet":{"background-color":"var(--ast-global-color-5)","background-image":"","background-repeat":"repeat","background-position":"center center","background-size":"auto","background-attachment":"scroll","background-type":"","background-media":"","overlay-type":"","overlay-color":"","overlay-opacity":"","overlay-gradient":""},"mobile":{"background-color":"var(--ast-global-color-5)","background-image":"","background-repeat":"repeat","background-position":"center center","background-size":"auto","background-attachment":"scroll","background-type":"","background-media":"","overlay-type":"","overlay-color":"","overlay-opacity":"","overlay-gradient":""}},"footnotes":""},"categories":[1,29],"tags":[214,189],"class_list":["post-4789","post","type-post","status-publish","format-standard","has-post-thumbnail","hentry","category-general","category-portada","tag-60-anys","tag-activitats"],"post_mailing_queue_ids":[],"_links":{"self":[{"href":"https:\/\/agora.xtec.cat\/iesllavaneres\/wp-json\/wp\/v2\/posts\/4789","targetHints":{"allow":["GET"]}}],"collection":[{"href":"https:\/\/agora.xtec.cat\/iesllavaneres\/wp-json\/wp\/v2\/posts"}],"about":[{"href":"https:\/\/agora.xtec.cat\/iesllavaneres\/wp-json\/wp\/v2\/types\/post"}],"author":[{"embeddable":true,"href":"https:\/\/agora.xtec.cat\/iesllavaneres\/wp-json\/wp\/v2\/users\/4"}],"replies":[{"embeddable":true,"href":"https:\/\/agora.xtec.cat\/iesllavaneres\/wp-json\/wp\/v2\/comments?post=4789"}],"version-history":[{"count":5,"href":"https:\/\/agora.xtec.cat\/iesllavaneres\/wp-json\/wp\/v2\/posts\/4789\/revisions"}],"predecessor-version":[{"id":4798,"href":"https:\/\/agora.xtec.cat\/iesllavaneres\/wp-json\/wp\/v2\/posts\/4789\/revisions\/4798"}],"wp:featuredmedia":[{"embeddable":true,"href":"https:\/\/agora.xtec.cat\/iesllavaneres\/wp-json\/wp\/v2\/media\/4971"}],"wp:attachment":[{"href":"https:\/\/agora.xtec.cat\/iesllavaneres\/wp-json\/wp\/v2\/media?parent=4789"}],"wp:term":[{"taxonomy":"category","embeddable":true,"href":"https:\/\/agora.xtec.cat\/iesllavaneres\/wp-json\/wp\/v2\/categories?post=4789"},{"taxonomy":"post_tag","embeddable":true,"href":"https:\/\/agora.xtec.cat\/iesllavaneres\/wp-json\/wp\/v2\/tags?post=4789"}],"curies":[{"name":"wp","href":"https:\/\/api.w.org\/{rel}","templated":true}]}}