{"id":4778,"date":"2025-05-22T13:53:35","date_gmt":"2025-05-22T11:53:35","guid":{"rendered":"https:\/\/agora.xtec.cat\/iesllavaneres\/?p=4778"},"modified":"2025-06-26T18:24:13","modified_gmt":"2025-06-26T16:24:13","slug":"aconseguim-novament-un-reconeixement-als-premis-amic","status":"publish","type":"post","link":"https:\/\/agora.xtec.cat\/iesllavaneres\/batxillerat\/aconseguim-novament-un-reconeixement-als-premis-amic\/","title":{"rendered":"Aconseguim novament un reconeixement als premis AMIC!"},"content":{"rendered":"<p><a href=\"https:\/\/agora.xtec.cat\/iesllavaneres\/wp-content\/uploads\/usu2229\/2025\/05\/1747914486001.jpg\"><img loading=\"lazy\" decoding=\"async\" class=\" wp-image-4781 alignleft\" src=\"https:\/\/agora.xtec.cat\/iesllavaneres\/wp-content\/uploads\/usu2229\/2025\/05\/1747914486001-1024x768.jpg\" alt=\"\" width=\"552\" height=\"414\" srcset=\"https:\/\/agora.xtec.cat\/iesllavaneres\/wp-content\/uploads\/usu2229\/2025\/05\/1747914486001-1024x768.jpg 1024w, https:\/\/agora.xtec.cat\/iesllavaneres\/wp-content\/uploads\/usu2229\/2025\/05\/1747914486001-300x225.jpg 300w, https:\/\/agora.xtec.cat\/iesllavaneres\/wp-content\/uploads\/usu2229\/2025\/05\/1747914486001-768x576.jpg 768w, https:\/\/agora.xtec.cat\/iesllavaneres\/wp-content\/uploads\/usu2229\/2025\/05\/1747914486001-1536x1152.jpg 1536w, https:\/\/agora.xtec.cat\/iesllavaneres\/wp-content\/uploads\/usu2229\/2025\/05\/1747914486001-200x150.jpg 200w, https:\/\/agora.xtec.cat\/iesllavaneres\/wp-content\/uploads\/usu2229\/2025\/05\/1747914486001.jpg 1600w\" sizes=\"auto, (max-width: 552px) 100vw, 552px\" \/><\/a><\/p>\n<p>Dimarts 20 de maig, dos alumnes de Creaci\u00f3 liter\u00e0ria de 1r de Batxillerat, assignatura impartida per la professora de Catal\u00e0 Gemma Carbonell, van ser distingits amb un diploma de finalistes per la seva participaci\u00f3 en el <a href=\"https:\/\/ajuntament.barcelona.cat\/premsa\/2025\/04\/08\/el-projecte-amic-cultura-guanya-el-premi-canal-impuls-cultura\/\">concurs AMIC Ficcions<\/a>.<\/p>\n<p>Ariadna Alav\u00e9s va presentar un relat sota el t\u00edtol <em>Quan el mal parla<\/em> i el de Pau Diaz es titulava <em>Massa tard per la veritat<\/em>.<\/p>\n<p>L&#8217;acte de lliurament de premis va tenir lloc al paranimf de la Universitat de Barcelona.<\/p>\n<p>Felicitem alumnes i professora per la feina feta!<\/p>\n","protected":false},"excerpt":{"rendered":"<p>Dimarts 20 de maig, dos alumnes de Creaci\u00f3 liter\u00e0ria de 1r de Batxillerat, assignatura impartida per la professora de Catal\u00e0 Gemma Carbonell, van ser distingits amb un diploma de finalistes per la seva participaci\u00f3 en el concurs AMIC Ficcions. Ariadna Alav\u00e9s va presentar un relat sota el t\u00edtol Quan el mal parla i el de [&hellip;]<\/p>\n","protected":false},"author":4,"featured_media":4972,"comment_status":"open","ping_status":"closed","sticky":false,"template":"","format":"standard","meta":{"_bbp_topic_count":0,"_bbp_reply_count":0,"_bbp_total_topic_count":0,"_bbp_total_reply_count":0,"_bbp_voice_count":0,"_bbp_anonymous_reply_count":0,"_bbp_topic_count_hidden":0,"_bbp_reply_count_hidden":0,"_bbp_forum_subforum_count":0,"site-sidebar-layout":"default","site-content-layout":"","ast-site-content-layout":"default","site-content-style":"default","site-sidebar-style":"default","ast-global-header-display":"","ast-banner-title-visibility":"","ast-main-header-display":"","ast-hfb-above-header-display":"","ast-hfb-below-header-display":"","ast-hfb-mobile-header-display":"","site-post-title":"","ast-breadcrumbs-content":"","ast-featured-img":"","footer-sml-layout":"","theme-transparent-header-meta":"default","adv-header-id-meta":"","stick-header-meta":"","header-above-stick-meta":"","header-main-stick-meta":"","header-below-stick-meta":"","astra-migrate-meta-layouts":"set","ast-page-background-enabled":"default","ast-page-background-meta":{"desktop":{"background-color":"var(--ast-global-color-4)","background-image":"","background-repeat":"repeat","background-position":"center center","background-size":"auto","background-attachment":"scroll","background-type":"","background-media":"","overlay-type":"","overlay-color":"","overlay-opacity":"","overlay-gradient":""},"tablet":{"background-color":"","background-image":"","background-repeat":"repeat","background-position":"center center","background-size":"auto","background-attachment":"scroll","background-type":"","background-media":"","overlay-type":"","overlay-color":"","overlay-opacity":"","overlay-gradient":""},"mobile":{"background-color":"","background-image":"","background-repeat":"repeat","background-position":"center center","background-size":"auto","background-attachment":"scroll","background-type":"","background-media":"","overlay-type":"","overlay-color":"","overlay-opacity":"","overlay-gradient":""}},"ast-content-background-meta":{"desktop":{"background-color":"var(--ast-global-color-5)","background-image":"","background-repeat":"repeat","background-position":"center center","background-size":"auto","background-attachment":"scroll","background-type":"","background-media":"","overlay-type":"","overlay-color":"","overlay-opacity":"","overlay-gradient":""},"tablet":{"background-color":"var(--ast-global-color-5)","background-image":"","background-repeat":"repeat","background-position":"center center","background-size":"auto","background-attachment":"scroll","background-type":"","background-media":"","overlay-type":"","overlay-color":"","overlay-opacity":"","overlay-gradient":""},"mobile":{"background-color":"var(--ast-global-color-5)","background-image":"","background-repeat":"repeat","background-position":"center center","background-size":"auto","background-attachment":"scroll","background-type":"","background-media":"","overlay-type":"","overlay-color":"","overlay-opacity":"","overlay-gradient":""}},"footnotes":""},"categories":[8,29],"tags":[123,117,209],"class_list":["post-4778","post","type-post","status-publish","format-standard","has-post-thumbnail","hentry","category-batxillerat","category-portada","tag-1r-batxillerat","tag-batxillerat","tag-reconeixement-alumnes"],"post_mailing_queue_ids":[],"_links":{"self":[{"href":"https:\/\/agora.xtec.cat\/iesllavaneres\/wp-json\/wp\/v2\/posts\/4778","targetHints":{"allow":["GET"]}}],"collection":[{"href":"https:\/\/agora.xtec.cat\/iesllavaneres\/wp-json\/wp\/v2\/posts"}],"about":[{"href":"https:\/\/agora.xtec.cat\/iesllavaneres\/wp-json\/wp\/v2\/types\/post"}],"author":[{"embeddable":true,"href":"https:\/\/agora.xtec.cat\/iesllavaneres\/wp-json\/wp\/v2\/users\/4"}],"replies":[{"embeddable":true,"href":"https:\/\/agora.xtec.cat\/iesllavaneres\/wp-json\/wp\/v2\/comments?post=4778"}],"version-history":[{"count":4,"href":"https:\/\/agora.xtec.cat\/iesllavaneres\/wp-json\/wp\/v2\/posts\/4778\/revisions"}],"predecessor-version":[{"id":4784,"href":"https:\/\/agora.xtec.cat\/iesllavaneres\/wp-json\/wp\/v2\/posts\/4778\/revisions\/4784"}],"wp:featuredmedia":[{"embeddable":true,"href":"https:\/\/agora.xtec.cat\/iesllavaneres\/wp-json\/wp\/v2\/media\/4972"}],"wp:attachment":[{"href":"https:\/\/agora.xtec.cat\/iesllavaneres\/wp-json\/wp\/v2\/media?parent=4778"}],"wp:term":[{"taxonomy":"category","embeddable":true,"href":"https:\/\/agora.xtec.cat\/iesllavaneres\/wp-json\/wp\/v2\/categories?post=4778"},{"taxonomy":"post_tag","embeddable":true,"href":"https:\/\/agora.xtec.cat\/iesllavaneres\/wp-json\/wp\/v2\/tags?post=4778"}],"curies":[{"name":"wp","href":"https:\/\/api.w.org\/{rel}","templated":true}]}}