{"id":4766,"date":"2025-05-20T08:31:55","date_gmt":"2025-05-20T06:31:55","guid":{"rendered":"https:\/\/agora.xtec.cat\/iesllavaneres\/?p=4766"},"modified":"2025-06-26T18:24:58","modified_gmt":"2025-06-26T16:24:58","slug":"concert-de-primavera-del-60e-aniversari-de-linstitut-llavaneres","status":"publish","type":"post","link":"https:\/\/agora.xtec.cat\/iesllavaneres\/general\/concert-de-primavera-del-60e-aniversari-de-linstitut-llavaneres\/","title":{"rendered":"Concert de primavera del 60\u00e8 aniversari de l&#8217;Institut Llavaneres"},"content":{"rendered":"<p><a href=\"https:\/\/agora.xtec.cat\/iesllavaneres\/wp-content\/uploads\/usu2229\/2025\/05\/foto-2.jpeg\"><img loading=\"lazy\" decoding=\"async\" class=\"wp-image-4768 aligncenter\" src=\"https:\/\/agora.xtec.cat\/iesllavaneres\/wp-content\/uploads\/usu2229\/2025\/05\/foto-2-e1747722531524-1024x522.jpeg\" alt=\"\" width=\"517\" height=\"265\" srcset=\"https:\/\/agora.xtec.cat\/iesllavaneres\/wp-content\/uploads\/usu2229\/2025\/05\/foto-2-e1747722531524-1024x522.jpeg 1024w, https:\/\/agora.xtec.cat\/iesllavaneres\/wp-content\/uploads\/usu2229\/2025\/05\/foto-2-e1747722531524-300x153.jpeg 300w\" sizes=\"auto, (max-width: 517px) 100vw, 517px\" \/><\/a> <a href=\"https:\/\/agora.xtec.cat\/iesllavaneres\/wp-content\/uploads\/usu2229\/2025\/05\/foto-1.jpg\"><img loading=\"lazy\" decoding=\"async\" class=\"wp-image-4767 aligncenter\" src=\"https:\/\/agora.xtec.cat\/iesllavaneres\/wp-content\/uploads\/usu2229\/2025\/05\/foto-1-1024x638.jpg\" alt=\"\" width=\"515\" height=\"330\" \/><\/a><\/p>\n<p align=\"justify\"><span style=\"color: #222222;\"><span style=\"font-family: Arial, sans-serif;\"><span style=\"font-size: medium;\">Divendres 16 de maig,, a les 10.30 h, va tenir lloc un emotiu concert a la pla\u00e7a de l\u2019Ajuntament, protagonitzat per l\u2019alumnat de 2n d\u2019ESO de l\u2019Institut Llavaneres. Aquest acte ha estat el punt de partida d\u2019un seguit d\u2019esdeveniments commemoratius per celebrar el 60\u00e8 aniversari del nostre centre.<\/span><\/span><\/span><\/p>\n<p align=\"justify\"><span style=\"color: #222222;\"><span style=\"font-family: Arial, sans-serif;\"><span style=\"font-size: medium;\">L\u2019acte va comptar amb la pres\u00e8ncia de l\u2019alcalde del municipi, \u00c0lex Neira, el regidor d\u2019Educaci\u00f3, Joan Arnau, i la directora del centre, Eva Vil\u00e0, aix\u00ed com de nombrosos familiars dels alumnes participants. Tots ells van poder gaudir d\u2019una actuaci\u00f3 plena de m\u00fasica, esfor\u00e7 i emoci\u00f3.<\/span><\/span><\/span><\/p>\n<p align=\"justify\"><span style=\"color: #222222;\"><span style=\"font-family: Arial, sans-serif;\"><span style=\"font-size: medium;\">El professor de m\u00fasica de l\u2019institut ha expressat la seva satisfacci\u00f3 per la tasca realitzada per l\u2019alumnat de 2n d\u2019ESO, i en destaca el comprom\u00eds i la il\u00b7lusi\u00f3 que han posat en preparar aquest concert.<\/span><\/span><\/span><\/p>\n","protected":false},"excerpt":{"rendered":"<p>Divendres 16 de maig,, a les 10.30 h, va tenir lloc un emotiu concert a la pla\u00e7a de l\u2019Ajuntament, protagonitzat per l\u2019alumnat de 2n d\u2019ESO de l\u2019Institut Llavaneres. Aquest acte ha estat el punt de partida d\u2019un seguit d\u2019esdeveniments commemoratius per celebrar el 60\u00e8 aniversari del nostre centre. L\u2019acte va comptar amb la pres\u00e8ncia de [&hellip;]<\/p>\n","protected":false},"author":4,"featured_media":4974,"comment_status":"open","ping_status":"closed","sticky":false,"template":"","format":"standard","meta":{"_bbp_topic_count":0,"_bbp_reply_count":0,"_bbp_total_topic_count":0,"_bbp_total_reply_count":0,"_bbp_voice_count":0,"_bbp_anonymous_reply_count":0,"_bbp_topic_count_hidden":0,"_bbp_reply_count_hidden":0,"_bbp_forum_subforum_count":0,"site-sidebar-layout":"default","site-content-layout":"","ast-site-content-layout":"default","site-content-style":"default","site-sidebar-style":"default","ast-global-header-display":"","ast-banner-title-visibility":"","ast-main-header-display":"","ast-hfb-above-header-display":"","ast-hfb-below-header-display":"","ast-hfb-mobile-header-display":"","site-post-title":"","ast-breadcrumbs-content":"","ast-featured-img":"","footer-sml-layout":"","theme-transparent-header-meta":"default","adv-header-id-meta":"","stick-header-meta":"","header-above-stick-meta":"","header-main-stick-meta":"","header-below-stick-meta":"","astra-migrate-meta-layouts":"set","ast-page-background-enabled":"default","ast-page-background-meta":{"desktop":{"background-color":"var(--ast-global-color-4)","background-image":"","background-repeat":"repeat","background-position":"center center","background-size":"auto","background-attachment":"scroll","background-type":"","background-media":"","overlay-type":"","overlay-color":"","overlay-opacity":"","overlay-gradient":""},"tablet":{"background-color":"","background-image":"","background-repeat":"repeat","background-position":"center center","background-size":"auto","background-attachment":"scroll","background-type":"","background-media":"","overlay-type":"","overlay-color":"","overlay-opacity":"","overlay-gradient":""},"mobile":{"background-color":"","background-image":"","background-repeat":"repeat","background-position":"center center","background-size":"auto","background-attachment":"scroll","background-type":"","background-media":"","overlay-type":"","overlay-color":"","overlay-opacity":"","overlay-gradient":""}},"ast-content-background-meta":{"desktop":{"background-color":"var(--ast-global-color-5)","background-image":"","background-repeat":"repeat","background-position":"center center","background-size":"auto","background-attachment":"scroll","background-type":"","background-media":"","overlay-type":"","overlay-color":"","overlay-opacity":"","overlay-gradient":""},"tablet":{"background-color":"var(--ast-global-color-5)","background-image":"","background-repeat":"repeat","background-position":"center center","background-size":"auto","background-attachment":"scroll","background-type":"","background-media":"","overlay-type":"","overlay-color":"","overlay-opacity":"","overlay-gradient":""},"mobile":{"background-color":"var(--ast-global-color-5)","background-image":"","background-repeat":"repeat","background-position":"center center","background-size":"auto","background-attachment":"scroll","background-type":"","background-media":"","overlay-type":"","overlay-color":"","overlay-opacity":"","overlay-gradient":""}},"footnotes":""},"categories":[5,1,29],"tags":[132,214,189,116,122,39],"class_list":["post-4766","post","type-post","status-publish","format-standard","has-post-thumbnail","hentry","category-eso-2","category-general","category-portada","tag-2n-deso","tag-60-anys","tag-activitats","tag-eso","tag-musica","tag-sortides"],"post_mailing_queue_ids":[],"_links":{"self":[{"href":"https:\/\/agora.xtec.cat\/iesllavaneres\/wp-json\/wp\/v2\/posts\/4766","targetHints":{"allow":["GET"]}}],"collection":[{"href":"https:\/\/agora.xtec.cat\/iesllavaneres\/wp-json\/wp\/v2\/posts"}],"about":[{"href":"https:\/\/agora.xtec.cat\/iesllavaneres\/wp-json\/wp\/v2\/types\/post"}],"author":[{"embeddable":true,"href":"https:\/\/agora.xtec.cat\/iesllavaneres\/wp-json\/wp\/v2\/users\/4"}],"replies":[{"embeddable":true,"href":"https:\/\/agora.xtec.cat\/iesllavaneres\/wp-json\/wp\/v2\/comments?post=4766"}],"version-history":[{"count":1,"href":"https:\/\/agora.xtec.cat\/iesllavaneres\/wp-json\/wp\/v2\/posts\/4766\/revisions"}],"predecessor-version":[{"id":4769,"href":"https:\/\/agora.xtec.cat\/iesllavaneres\/wp-json\/wp\/v2\/posts\/4766\/revisions\/4769"}],"wp:featuredmedia":[{"embeddable":true,"href":"https:\/\/agora.xtec.cat\/iesllavaneres\/wp-json\/wp\/v2\/media\/4974"}],"wp:attachment":[{"href":"https:\/\/agora.xtec.cat\/iesllavaneres\/wp-json\/wp\/v2\/media?parent=4766"}],"wp:term":[{"taxonomy":"category","embeddable":true,"href":"https:\/\/agora.xtec.cat\/iesllavaneres\/wp-json\/wp\/v2\/categories?post=4766"},{"taxonomy":"post_tag","embeddable":true,"href":"https:\/\/agora.xtec.cat\/iesllavaneres\/wp-json\/wp\/v2\/tags?post=4766"}],"curies":[{"name":"wp","href":"https:\/\/api.w.org\/{rel}","templated":true}]}}