{"id":4756,"date":"2025-05-15T14:02:47","date_gmt":"2025-05-15T12:02:47","guid":{"rendered":"https:\/\/agora.xtec.cat\/iesllavaneres\/?p=4756"},"modified":"2025-06-26T18:25:28","modified_gmt":"2025-06-26T16:25:28","slug":"celebracio-del-60e-aniversari","status":"publish","type":"post","link":"https:\/\/agora.xtec.cat\/iesllavaneres\/general\/celebracio-del-60e-aniversari\/","title":{"rendered":"Celebraci\u00f3 del 60\u00e8 aniversari"},"content":{"rendered":"<div class=\"ast-oembed-container \" style=\"height: 100%;\"><iframe loading=\"lazy\" title=\"60 anys d&#039;hist\u00f2ria. Cap\u00edtol 1. Institut Llavaneres 2025\" width=\"500\" height=\"281\" src=\"https:\/\/www.youtube.com\/embed\/HpWt3xvVYDc?feature=oembed\" frameborder=\"0\" allow=\"accelerometer; autoplay; clipboard-write; encrypted-media; gyroscope; picture-in-picture; web-share\" referrerpolicy=\"strict-origin-when-cross-origin\" allowfullscreen><\/iframe><\/div>\n<p><strong>60 Anys d\u2019Hist\u00f2ria de l\u2019Institut Llavaneres<\/strong><br \/>\nLes mat\u00e8ries de Catal\u00e0, Ci\u00e8ncies Socials i M\u00fasica han unit esfor\u00e7os per crear una s\u00e8rie de breus audiovisuals que expliquen els 60 anys d\u2019hist\u00f2ria de l\u2019Institut Llavaneres. Aquest projecte est\u00e0 protagonitzat per tres alumnes de 4t d\u2019ESO \u2014la Sofia, en Jan i l\u2019\u00c0lex\u2014 que, amb el seu talent i entusiasme, aconsegueixen transmetre amb claredat i proximitat els moments m\u00e9s rellevants del nostre centre.<br \/>\nUs presentem el primer cap\u00edtol d\u2019introducci\u00f3 d\u2019aquesta s\u00e8rie. Properament, anirem publicant nous cap\u00edtols que aprofundiran en diferents etapes i viv\u00e8ncies de la nostra hist\u00f2ria.<br \/>\nFelicitats a tot l\u2019equip per la gran feina feta!<\/p>\n","protected":false},"excerpt":{"rendered":"<p>60 Anys d\u2019Hist\u00f2ria de l\u2019Institut Llavaneres Les mat\u00e8ries de Catal\u00e0, Ci\u00e8ncies Socials i M\u00fasica han unit esfor\u00e7os per crear una s\u00e8rie de breus audiovisuals que expliquen els 60 anys d\u2019hist\u00f2ria de l\u2019Institut Llavaneres. Aquest projecte est\u00e0 protagonitzat per tres alumnes de 4t d\u2019ESO \u2014la Sofia, en Jan i l\u2019\u00c0lex\u2014 que, amb el seu talent i [&hellip;]<\/p>\n","protected":false},"author":4,"featured_media":4975,"comment_status":"open","ping_status":"closed","sticky":false,"template":"","format":"standard","meta":{"_bbp_topic_count":0,"_bbp_reply_count":0,"_bbp_total_topic_count":0,"_bbp_total_reply_count":0,"_bbp_voice_count":0,"_bbp_anonymous_reply_count":0,"_bbp_topic_count_hidden":0,"_bbp_reply_count_hidden":0,"_bbp_forum_subforum_count":0,"site-sidebar-layout":"default","site-content-layout":"","ast-site-content-layout":"default","site-content-style":"default","site-sidebar-style":"default","ast-global-header-display":"","ast-banner-title-visibility":"","ast-main-header-display":"","ast-hfb-above-header-display":"","ast-hfb-below-header-display":"","ast-hfb-mobile-header-display":"","site-post-title":"","ast-breadcrumbs-content":"","ast-featured-img":"","footer-sml-layout":"","theme-transparent-header-meta":"default","adv-header-id-meta":"","stick-header-meta":"","header-above-stick-meta":"","header-main-stick-meta":"","header-below-stick-meta":"","astra-migrate-meta-layouts":"set","ast-page-background-enabled":"default","ast-page-background-meta":{"desktop":{"background-color":"var(--ast-global-color-4)","background-image":"","background-repeat":"repeat","background-position":"center center","background-size":"auto","background-attachment":"scroll","background-type":"","background-media":"","overlay-type":"","overlay-color":"","overlay-opacity":"","overlay-gradient":""},"tablet":{"background-color":"","background-image":"","background-repeat":"repeat","background-position":"center center","background-size":"auto","background-attachment":"scroll","background-type":"","background-media":"","overlay-type":"","overlay-color":"","overlay-opacity":"","overlay-gradient":""},"mobile":{"background-color":"","background-image":"","background-repeat":"repeat","background-position":"center center","background-size":"auto","background-attachment":"scroll","background-type":"","background-media":"","overlay-type":"","overlay-color":"","overlay-opacity":"","overlay-gradient":""}},"ast-content-background-meta":{"desktop":{"background-color":"var(--ast-global-color-5)","background-image":"","background-repeat":"repeat","background-position":"center center","background-size":"auto","background-attachment":"scroll","background-type":"","background-media":"","overlay-type":"","overlay-color":"","overlay-opacity":"","overlay-gradient":""},"tablet":{"background-color":"var(--ast-global-color-5)","background-image":"","background-repeat":"repeat","background-position":"center center","background-size":"auto","background-attachment":"scroll","background-type":"","background-media":"","overlay-type":"","overlay-color":"","overlay-opacity":"","overlay-gradient":""},"mobile":{"background-color":"var(--ast-global-color-5)","background-image":"","background-repeat":"repeat","background-position":"center center","background-size":"auto","background-attachment":"scroll","background-type":"","background-media":"","overlay-type":"","overlay-color":"","overlay-opacity":"","overlay-gradient":""}},"footnotes":""},"categories":[1,29],"tags":[214],"class_list":["post-4756","post","type-post","status-publish","format-standard","has-post-thumbnail","hentry","category-general","category-portada","tag-60-anys"],"post_mailing_queue_ids":[],"_links":{"self":[{"href":"https:\/\/agora.xtec.cat\/iesllavaneres\/wp-json\/wp\/v2\/posts\/4756","targetHints":{"allow":["GET"]}}],"collection":[{"href":"https:\/\/agora.xtec.cat\/iesllavaneres\/wp-json\/wp\/v2\/posts"}],"about":[{"href":"https:\/\/agora.xtec.cat\/iesllavaneres\/wp-json\/wp\/v2\/types\/post"}],"author":[{"embeddable":true,"href":"https:\/\/agora.xtec.cat\/iesllavaneres\/wp-json\/wp\/v2\/users\/4"}],"replies":[{"embeddable":true,"href":"https:\/\/agora.xtec.cat\/iesllavaneres\/wp-json\/wp\/v2\/comments?post=4756"}],"version-history":[{"count":3,"href":"https:\/\/agora.xtec.cat\/iesllavaneres\/wp-json\/wp\/v2\/posts\/4756\/revisions"}],"predecessor-version":[{"id":4765,"href":"https:\/\/agora.xtec.cat\/iesllavaneres\/wp-json\/wp\/v2\/posts\/4756\/revisions\/4765"}],"wp:featuredmedia":[{"embeddable":true,"href":"https:\/\/agora.xtec.cat\/iesllavaneres\/wp-json\/wp\/v2\/media\/4975"}],"wp:attachment":[{"href":"https:\/\/agora.xtec.cat\/iesllavaneres\/wp-json\/wp\/v2\/media?parent=4756"}],"wp:term":[{"taxonomy":"category","embeddable":true,"href":"https:\/\/agora.xtec.cat\/iesllavaneres\/wp-json\/wp\/v2\/categories?post=4756"},{"taxonomy":"post_tag","embeddable":true,"href":"https:\/\/agora.xtec.cat\/iesllavaneres\/wp-json\/wp\/v2\/tags?post=4756"}],"curies":[{"name":"wp","href":"https:\/\/api.w.org\/{rel}","templated":true}]}}