{"id":4712,"date":"2025-05-09T16:59:43","date_gmt":"2025-05-09T14:59:43","guid":{"rendered":"https:\/\/agora.xtec.cat\/iesllavaneres\/?p=4712"},"modified":"2025-05-09T16:59:43","modified_gmt":"2025-05-09T14:59:43","slug":"activitats-de-biologia","status":"publish","type":"post","link":"https:\/\/agora.xtec.cat\/iesllavaneres\/general\/activitats-de-biologia\/","title":{"rendered":"Activitats de biologia"},"content":{"rendered":"<p><a href=\"https:\/\/agora.xtec.cat\/iesllavaneres\/wp-content\/uploads\/usu2229\/2025\/05\/suport_visual-min.jpg\"><img loading=\"lazy\" decoding=\"async\" class=\"alignnone wp-image-4714\" src=\"https:\/\/agora.xtec.cat\/iesllavaneres\/wp-content\/uploads\/usu2229\/2025\/05\/suport_visual-min.jpg\" alt=\"\" width=\"416\" height=\"509\" \/><\/a><a href=\"https:\/\/agora.xtec.cat\/iesllavaneres\/wp-content\/uploads\/usu2229\/2025\/05\/20250509_114232-min-scaled.jpg\"><img loading=\"lazy\" decoding=\"async\" class=\"alignnone wp-image-4716 \" src=\"https:\/\/agora.xtec.cat\/iesllavaneres\/wp-content\/uploads\/usu2229\/2025\/05\/20250509_114232-min-scaled-e1746800494752-998x1024.jpg\" alt=\"\" width=\"408\" height=\"490\" \/><\/a><a href=\"https:\/\/agora.xtec.cat\/iesllavaneres\/wp-content\/uploads\/usu2229\/2025\/05\/20250509_105930-min-scaled.jpg\"><img loading=\"lazy\" decoding=\"async\" class=\"alignnone wp-image-4715\" src=\"https:\/\/agora.xtec.cat\/iesllavaneres\/wp-content\/uploads\/usu2229\/2025\/05\/20250509_105930-min-1024x461.jpg\" alt=\"\" width=\"705\" height=\"315\" \/><\/a><\/p>\n<p>Aquesta setmana els alumnes de 3r d&#8217;ESO han treballat maniobres de suport vital b\u00e0sic per saber com actuar si mai ens trobem una persona que s&#8217;ennuega o queda inconscient.<\/p>\n<p>A m\u00e9s, el projecte NaturaBegur ens ha ofert un taller de biologia marina. Hem conegut la import\u00e0ncia de la posid\u00f2nia a nivell ecol\u00f2gic, per fixar di\u00f2xid de carboni, alliberar oxigen, protegir el litoral de l&#8217;erosi\u00f3 i donar refugi a una gran diversitat biol\u00f2gica. Tamb\u00e9 hem conegut les actuacions que duen a terme per conservar les poblacions de posid\u00f2nia.<\/p>\n<p>C\u00e8lia Vendrell, Departament de Biologia<\/p>\n","protected":false},"excerpt":{"rendered":"<p>Aquesta setmana els alumnes de 3r d&#8217;ESO han treballat maniobres de suport vital b\u00e0sic per saber com actuar si mai ens trobem una persona que s&#8217;ennuega o queda inconscient. A m\u00e9s, el projecte NaturaBegur ens ha ofert un taller de biologia marina. Hem conegut la import\u00e0ncia de la posid\u00f2nia a nivell ecol\u00f2gic, per fixar di\u00f2xid [&hellip;]<\/p>\n","protected":false},"author":4,"featured_media":0,"comment_status":"open","ping_status":"closed","sticky":false,"template":"","format":"standard","meta":{"_bbp_topic_count":0,"_bbp_reply_count":0,"_bbp_total_topic_count":0,"_bbp_total_reply_count":0,"_bbp_voice_count":0,"_bbp_anonymous_reply_count":0,"_bbp_topic_count_hidden":0,"_bbp_reply_count_hidden":0,"_bbp_forum_subforum_count":0,"site-sidebar-layout":"default","site-content-layout":"","ast-site-content-layout":"","site-content-style":"default","site-sidebar-style":"default","ast-global-header-display":"","ast-banner-title-visibility":"","ast-main-header-display":"","ast-hfb-above-header-display":"","ast-hfb-below-header-display":"","ast-hfb-mobile-header-display":"","site-post-title":"","ast-breadcrumbs-content":"","ast-featured-img":"","footer-sml-layout":"","theme-transparent-header-meta":"","adv-header-id-meta":"","stick-header-meta":"","header-above-stick-meta":"","header-main-stick-meta":"","header-below-stick-meta":"","astra-migrate-meta-layouts":"default","ast-page-background-enabled":"default","ast-page-background-meta":{"desktop":{"background-color":"var(--ast-global-color-4)","background-image":"","background-repeat":"repeat","background-position":"center center","background-size":"auto","background-attachment":"scroll","background-type":"","background-media":"","overlay-type":"","overlay-color":"","overlay-opacity":"","overlay-gradient":""},"tablet":{"background-color":"","background-image":"","background-repeat":"repeat","background-position":"center center","background-size":"auto","background-attachment":"scroll","background-type":"","background-media":"","overlay-type":"","overlay-color":"","overlay-opacity":"","overlay-gradient":""},"mobile":{"background-color":"","background-image":"","background-repeat":"repeat","background-position":"center center","background-size":"auto","background-attachment":"scroll","background-type":"","background-media":"","overlay-type":"","overlay-color":"","overlay-opacity":"","overlay-gradient":""}},"ast-content-background-meta":{"desktop":{"background-color":"var(--ast-global-color-5)","background-image":"","background-repeat":"repeat","background-position":"center center","background-size":"auto","background-attachment":"scroll","background-type":"","background-media":"","overlay-type":"","overlay-color":"","overlay-opacity":"","overlay-gradient":""},"tablet":{"background-color":"var(--ast-global-color-5)","background-image":"","background-repeat":"repeat","background-position":"center center","background-size":"auto","background-attachment":"scroll","background-type":"","background-media":"","overlay-type":"","overlay-color":"","overlay-opacity":"","overlay-gradient":""},"mobile":{"background-color":"var(--ast-global-color-5)","background-image":"","background-repeat":"repeat","background-position":"center center","background-size":"auto","background-attachment":"scroll","background-type":"","background-media":"","overlay-type":"","overlay-color":"","overlay-opacity":"","overlay-gradient":""}},"footnotes":""},"categories":[6,1,29],"tags":[136,189],"class_list":["post-4712","post","type-post","status-publish","format-standard","hentry","category-eso-3","category-general","category-portada","tag-3r-deso","tag-activitats"],"post_mailing_queue_ids":[],"_links":{"self":[{"href":"https:\/\/agora.xtec.cat\/iesllavaneres\/wp-json\/wp\/v2\/posts\/4712","targetHints":{"allow":["GET"]}}],"collection":[{"href":"https:\/\/agora.xtec.cat\/iesllavaneres\/wp-json\/wp\/v2\/posts"}],"about":[{"href":"https:\/\/agora.xtec.cat\/iesllavaneres\/wp-json\/wp\/v2\/types\/post"}],"author":[{"embeddable":true,"href":"https:\/\/agora.xtec.cat\/iesllavaneres\/wp-json\/wp\/v2\/users\/4"}],"replies":[{"embeddable":true,"href":"https:\/\/agora.xtec.cat\/iesllavaneres\/wp-json\/wp\/v2\/comments?post=4712"}],"version-history":[{"count":5,"href":"https:\/\/agora.xtec.cat\/iesllavaneres\/wp-json\/wp\/v2\/posts\/4712\/revisions"}],"predecessor-version":[{"id":4720,"href":"https:\/\/agora.xtec.cat\/iesllavaneres\/wp-json\/wp\/v2\/posts\/4712\/revisions\/4720"}],"wp:attachment":[{"href":"https:\/\/agora.xtec.cat\/iesllavaneres\/wp-json\/wp\/v2\/media?parent=4712"}],"wp:term":[{"taxonomy":"category","embeddable":true,"href":"https:\/\/agora.xtec.cat\/iesllavaneres\/wp-json\/wp\/v2\/categories?post=4712"},{"taxonomy":"post_tag","embeddable":true,"href":"https:\/\/agora.xtec.cat\/iesllavaneres\/wp-json\/wp\/v2\/tags?post=4712"}],"curies":[{"name":"wp","href":"https:\/\/api.w.org\/{rel}","templated":true}]}}