{"id":4682,"date":"2025-04-29T09:55:22","date_gmt":"2025-04-29T07:55:22","guid":{"rendered":"https:\/\/agora.xtec.cat\/iesllavaneres\/?p=4682"},"modified":"2025-04-29T09:55:44","modified_gmt":"2025-04-29T07:55:44","slug":"celebrem-els-exits-de-berta-serna","status":"publish","type":"post","link":"https:\/\/agora.xtec.cat\/iesllavaneres\/batxillerat\/celebrem-els-exits-de-berta-serna\/","title":{"rendered":"Celebrem els \u00e8xits de Berta Serna"},"content":{"rendered":"<p><a href=\"https:\/\/agora.xtec.cat\/iesllavaneres\/wp-content\/uploads\/usu2229\/2025\/04\/imatge_berta.jpg\"><img loading=\"lazy\" decoding=\"async\" class=\"size-full wp-image-4683 aligncenter\" src=\"https:\/\/agora.xtec.cat\/iesllavaneres\/wp-content\/uploads\/usu2229\/2025\/04\/imatge_berta.jpg\" alt=\"\" width=\"774\" height=\"700\" srcset=\"https:\/\/agora.xtec.cat\/iesllavaneres\/wp-content\/uploads\/usu2229\/2025\/04\/imatge_berta.jpg 774w, https:\/\/agora.xtec.cat\/iesllavaneres\/wp-content\/uploads\/usu2229\/2025\/04\/imatge_berta-300x271.jpg 300w, https:\/\/agora.xtec.cat\/iesllavaneres\/wp-content\/uploads\/usu2229\/2025\/04\/imatge_berta-768x695.jpg 768w\" sizes=\"auto, (max-width: 774px) 100vw, 774px\" \/><\/a><\/p>\n<p>Un cop m\u00e9s, l&#8217;alumna Berta Serna obt\u00e9 unes marques fant\u00e0stiques en el Campionat d&#8217;Espanya Junior celebrat a Sabadell el passat mes de mar\u00e7. La nedadora va millorar les seves marques personals i va obtenir dues medalles estatals: l&#8217;or en 100 metres papallona i el bronze en 200 metres papallona. En aquest cas va assolir el r\u00e8cord del club on neda, el Matar\u00f3.<\/p>\n<p>Durant el mes de febrer la Berta tamb\u00e9 va ser convocada per la Selecci\u00f3 catalana per participar en el Campionat de les seleccions auton\u00f2miques, celebrat a Palma de Mallorca. La Selecci\u00f3 catalana s&#8217;hi va proclamar campiona estatal.<\/p>\n<p>Moltes felicitats a la Berta i a la seva fam\u00edlia!<\/p>\n","protected":false},"excerpt":{"rendered":"<p>Un cop m\u00e9s, l&#8217;alumna Berta Serna obt\u00e9 unes marques fant\u00e0stiques en el Campionat d&#8217;Espanya Junior celebrat a Sabadell el passat mes de mar\u00e7. La nedadora va millorar les seves marques personals i va obtenir dues medalles estatals: l&#8217;or en 100 metres papallona i el bronze en 200 metres papallona. En aquest cas va assolir el [&hellip;]<\/p>\n","protected":false},"author":4,"featured_media":0,"comment_status":"open","ping_status":"closed","sticky":false,"template":"","format":"standard","meta":{"_bbp_topic_count":0,"_bbp_reply_count":0,"_bbp_total_topic_count":0,"_bbp_total_reply_count":0,"_bbp_voice_count":0,"_bbp_anonymous_reply_count":0,"_bbp_topic_count_hidden":0,"_bbp_reply_count_hidden":0,"_bbp_forum_subforum_count":0,"site-sidebar-layout":"default","site-content-layout":"","ast-site-content-layout":"","site-content-style":"default","site-sidebar-style":"default","ast-global-header-display":"","ast-banner-title-visibility":"","ast-main-header-display":"","ast-hfb-above-header-display":"","ast-hfb-below-header-display":"","ast-hfb-mobile-header-display":"","site-post-title":"","ast-breadcrumbs-content":"","ast-featured-img":"","footer-sml-layout":"","theme-transparent-header-meta":"","adv-header-id-meta":"","stick-header-meta":"","header-above-stick-meta":"","header-main-stick-meta":"","header-below-stick-meta":"","astra-migrate-meta-layouts":"default","ast-page-background-enabled":"default","ast-page-background-meta":{"desktop":{"background-color":"var(--ast-global-color-4)","background-image":"","background-repeat":"repeat","background-position":"center center","background-size":"auto","background-attachment":"scroll","background-type":"","background-media":"","overlay-type":"","overlay-color":"","overlay-opacity":"","overlay-gradient":""},"tablet":{"background-color":"","background-image":"","background-repeat":"repeat","background-position":"center center","background-size":"auto","background-attachment":"scroll","background-type":"","background-media":"","overlay-type":"","overlay-color":"","overlay-opacity":"","overlay-gradient":""},"mobile":{"background-color":"","background-image":"","background-repeat":"repeat","background-position":"center center","background-size":"auto","background-attachment":"scroll","background-type":"","background-media":"","overlay-type":"","overlay-color":"","overlay-opacity":"","overlay-gradient":""}},"ast-content-background-meta":{"desktop":{"background-color":"var(--ast-global-color-5)","background-image":"","background-repeat":"repeat","background-position":"center center","background-size":"auto","background-attachment":"scroll","background-type":"","background-media":"","overlay-type":"","overlay-color":"","overlay-opacity":"","overlay-gradient":""},"tablet":{"background-color":"var(--ast-global-color-5)","background-image":"","background-repeat":"repeat","background-position":"center center","background-size":"auto","background-attachment":"scroll","background-type":"","background-media":"","overlay-type":"","overlay-color":"","overlay-opacity":"","overlay-gradient":""},"mobile":{"background-color":"var(--ast-global-color-5)","background-image":"","background-repeat":"repeat","background-position":"center center","background-size":"auto","background-attachment":"scroll","background-type":"","background-media":"","overlay-type":"","overlay-color":"","overlay-opacity":"","overlay-gradient":""}},"footnotes":""},"categories":[8,29],"tags":[117,111,209],"class_list":["post-4682","post","type-post","status-publish","format-standard","hentry","category-batxillerat","category-portada","tag-batxillerat","tag-educacio-fisica","tag-reconeixement-alumnes"],"post_mailing_queue_ids":[],"_links":{"self":[{"href":"https:\/\/agora.xtec.cat\/iesllavaneres\/wp-json\/wp\/v2\/posts\/4682","targetHints":{"allow":["GET"]}}],"collection":[{"href":"https:\/\/agora.xtec.cat\/iesllavaneres\/wp-json\/wp\/v2\/posts"}],"about":[{"href":"https:\/\/agora.xtec.cat\/iesllavaneres\/wp-json\/wp\/v2\/types\/post"}],"author":[{"embeddable":true,"href":"https:\/\/agora.xtec.cat\/iesllavaneres\/wp-json\/wp\/v2\/users\/4"}],"replies":[{"embeddable":true,"href":"https:\/\/agora.xtec.cat\/iesllavaneres\/wp-json\/wp\/v2\/comments?post=4682"}],"version-history":[{"count":3,"href":"https:\/\/agora.xtec.cat\/iesllavaneres\/wp-json\/wp\/v2\/posts\/4682\/revisions"}],"predecessor-version":[{"id":4686,"href":"https:\/\/agora.xtec.cat\/iesllavaneres\/wp-json\/wp\/v2\/posts\/4682\/revisions\/4686"}],"wp:attachment":[{"href":"https:\/\/agora.xtec.cat\/iesllavaneres\/wp-json\/wp\/v2\/media?parent=4682"}],"wp:term":[{"taxonomy":"category","embeddable":true,"href":"https:\/\/agora.xtec.cat\/iesllavaneres\/wp-json\/wp\/v2\/categories?post=4682"},{"taxonomy":"post_tag","embeddable":true,"href":"https:\/\/agora.xtec.cat\/iesllavaneres\/wp-json\/wp\/v2\/tags?post=4682"}],"curies":[{"name":"wp","href":"https:\/\/api.w.org\/{rel}","templated":true}]}}