{"id":4670,"date":"2025-04-24T13:58:33","date_gmt":"2025-04-24T11:58:33","guid":{"rendered":"https:\/\/agora.xtec.cat\/iesllavaneres\/?p=4670"},"modified":"2025-04-24T13:59:37","modified_gmt":"2025-04-24T11:59:37","slug":"premis-del-certamen-literari-de-sant-jordi","status":"publish","type":"post","link":"https:\/\/agora.xtec.cat\/iesllavaneres\/eso-1\/premis-del-certamen-literari-de-sant-jordi\/","title":{"rendered":"Premis del certamen literari de Sant Jordi"},"content":{"rendered":"<p><a href=\"https:\/\/agora.xtec.cat\/iesllavaneres\/wp-content\/uploads\/usu2229\/2025\/04\/1745494115159-min-scaled.jpg\"><img loading=\"lazy\" decoding=\"async\" class=\"alignnone wp-image-4675 size-large\" src=\"https:\/\/agora.xtec.cat\/iesllavaneres\/wp-content\/uploads\/usu2229\/2025\/04\/1745494115159-min-scaled-e1745495900160-1024x514.jpg\" alt=\"\" width=\"1024\" height=\"514\" srcset=\"https:\/\/agora.xtec.cat\/iesllavaneres\/wp-content\/uploads\/usu2229\/2025\/04\/1745494115159-min-scaled-e1745495900160-1024x514.jpg 1024w, https:\/\/agora.xtec.cat\/iesllavaneres\/wp-content\/uploads\/usu2229\/2025\/04\/1745494115159-min-scaled-e1745495900160-300x150.jpg 300w, https:\/\/agora.xtec.cat\/iesllavaneres\/wp-content\/uploads\/usu2229\/2025\/04\/1745494115159-min-scaled-e1745495900160-768x385.jpg 768w, https:\/\/agora.xtec.cat\/iesllavaneres\/wp-content\/uploads\/usu2229\/2025\/04\/1745494115159-min-scaled-e1745495900160-1536x770.jpg 1536w, https:\/\/agora.xtec.cat\/iesllavaneres\/wp-content\/uploads\/usu2229\/2025\/04\/1745494115159-min-scaled-e1745495900160-2048x1027.jpg 2048w\" sizes=\"auto, (max-width: 1024px) 100vw, 1024px\" \/><\/a><\/p>\n<p>El dia 23 d&#8217;abril, quatre alumnes de l&#8217;Institut Llavaneres van ser distingides per les seves aportacions liter\u00e0ries al certamen que anualment celebra la Regidoria de Cultura de l&#8217;Ajuntament de Llavaneres:<\/p>\n<p><strong>Ivette Palac\u00edn Ferreres<\/strong>, de 1r d&#8217;ESO, amb <em>Jo vull un vaixell de vela<\/em> va aconseguir el primer premi de poesia de la seva categoria.<\/p>\n<p>En aquest grup hi va haver dos acc\u00e8ssits, un per a <strong>Al\u00edcia Vi\u00f1as Dunkel<\/strong>, tamb\u00e9 de 1r d&#8217;ESO, amb l&#8217;obra <em>La meva germana petita<\/em> i el segon per a <strong>Laia Gim\u00e9nez Torrents<\/strong>, de 2n d&#8217;ESO, amb el poema\u00a0<em>De la inf\u00e0ncia a l&#8217;adolesc\u00e8ncia<\/em>.<\/p>\n<p>El jurat tamb\u00e9 va distingir la narraci\u00f3 que duia per t\u00edtol\u00a0<em>El llibre de les paraules silenciades<\/em>, presentada per <strong>Marta Giralt Plata<\/strong>, de 1r de Batxillerat.<\/p>\n<p>Ara les obres passaran a la fase comarcal.<\/p>\n<p>Felicitats a les guanyadores!<\/p>\n","protected":false},"excerpt":{"rendered":"<p>El dia 23 d&#8217;abril, quatre alumnes de l&#8217;Institut Llavaneres van ser distingides per les seves aportacions liter\u00e0ries al certamen que anualment celebra la Regidoria de Cultura de l&#8217;Ajuntament de Llavaneres: Ivette Palac\u00edn Ferreres, de 1r d&#8217;ESO, amb Jo vull un vaixell de vela va aconseguir el primer premi de poesia de la seva categoria. En [&hellip;]<\/p>\n","protected":false},"author":4,"featured_media":0,"comment_status":"open","ping_status":"closed","sticky":false,"template":"","format":"standard","meta":{"_bbp_topic_count":0,"_bbp_reply_count":0,"_bbp_total_topic_count":0,"_bbp_total_reply_count":0,"_bbp_voice_count":0,"_bbp_anonymous_reply_count":0,"_bbp_topic_count_hidden":0,"_bbp_reply_count_hidden":0,"_bbp_forum_subforum_count":0,"site-sidebar-layout":"default","site-content-layout":"","ast-site-content-layout":"","site-content-style":"default","site-sidebar-style":"default","ast-global-header-display":"","ast-banner-title-visibility":"","ast-main-header-display":"","ast-hfb-above-header-display":"","ast-hfb-below-header-display":"","ast-hfb-mobile-header-display":"","site-post-title":"","ast-breadcrumbs-content":"","ast-featured-img":"","footer-sml-layout":"","theme-transparent-header-meta":"","adv-header-id-meta":"","stick-header-meta":"","header-above-stick-meta":"","header-main-stick-meta":"","header-below-stick-meta":"","astra-migrate-meta-layouts":"default","ast-page-background-enabled":"default","ast-page-background-meta":{"desktop":{"background-color":"var(--ast-global-color-4)","background-image":"","background-repeat":"repeat","background-position":"center center","background-size":"auto","background-attachment":"scroll","background-type":"","background-media":"","overlay-type":"","overlay-color":"","overlay-opacity":"","overlay-gradient":""},"tablet":{"background-color":"","background-image":"","background-repeat":"repeat","background-position":"center center","background-size":"auto","background-attachment":"scroll","background-type":"","background-media":"","overlay-type":"","overlay-color":"","overlay-opacity":"","overlay-gradient":""},"mobile":{"background-color":"","background-image":"","background-repeat":"repeat","background-position":"center center","background-size":"auto","background-attachment":"scroll","background-type":"","background-media":"","overlay-type":"","overlay-color":"","overlay-opacity":"","overlay-gradient":""}},"ast-content-background-meta":{"desktop":{"background-color":"var(--ast-global-color-5)","background-image":"","background-repeat":"repeat","background-position":"center center","background-size":"auto","background-attachment":"scroll","background-type":"","background-media":"","overlay-type":"","overlay-color":"","overlay-opacity":"","overlay-gradient":""},"tablet":{"background-color":"var(--ast-global-color-5)","background-image":"","background-repeat":"repeat","background-position":"center center","background-size":"auto","background-attachment":"scroll","background-type":"","background-media":"","overlay-type":"","overlay-color":"","overlay-opacity":"","overlay-gradient":""},"mobile":{"background-color":"var(--ast-global-color-5)","background-image":"","background-repeat":"repeat","background-position":"center center","background-size":"auto","background-attachment":"scroll","background-type":"","background-media":"","overlay-type":"","overlay-color":"","overlay-opacity":"","overlay-gradient":""}},"footnotes":""},"categories":[8,4,5,29],"tags":[105,123,132,117,116,204],"class_list":["post-4670","post","type-post","status-publish","format-standard","hentry","category-batxillerat","category-eso-1","category-eso-2","category-portada","tag-1r-eso","tag-1r-batxillerat","tag-2n-deso","tag-batxillerat","tag-eso","tag-premis"],"post_mailing_queue_ids":[],"_links":{"self":[{"href":"https:\/\/agora.xtec.cat\/iesllavaneres\/wp-json\/wp\/v2\/posts\/4670","targetHints":{"allow":["GET"]}}],"collection":[{"href":"https:\/\/agora.xtec.cat\/iesllavaneres\/wp-json\/wp\/v2\/posts"}],"about":[{"href":"https:\/\/agora.xtec.cat\/iesllavaneres\/wp-json\/wp\/v2\/types\/post"}],"author":[{"embeddable":true,"href":"https:\/\/agora.xtec.cat\/iesllavaneres\/wp-json\/wp\/v2\/users\/4"}],"replies":[{"embeddable":true,"href":"https:\/\/agora.xtec.cat\/iesllavaneres\/wp-json\/wp\/v2\/comments?post=4670"}],"version-history":[{"count":2,"href":"https:\/\/agora.xtec.cat\/iesllavaneres\/wp-json\/wp\/v2\/posts\/4670\/revisions"}],"predecessor-version":[{"id":4676,"href":"https:\/\/agora.xtec.cat\/iesllavaneres\/wp-json\/wp\/v2\/posts\/4670\/revisions\/4676"}],"wp:attachment":[{"href":"https:\/\/agora.xtec.cat\/iesllavaneres\/wp-json\/wp\/v2\/media?parent=4670"}],"wp:term":[{"taxonomy":"category","embeddable":true,"href":"https:\/\/agora.xtec.cat\/iesllavaneres\/wp-json\/wp\/v2\/categories?post=4670"},{"taxonomy":"post_tag","embeddable":true,"href":"https:\/\/agora.xtec.cat\/iesllavaneres\/wp-json\/wp\/v2\/tags?post=4670"}],"curies":[{"name":"wp","href":"https:\/\/api.w.org\/{rel}","templated":true}]}}