{"id":4605,"date":"2025-03-28T18:00:00","date_gmt":"2025-03-28T17:00:00","guid":{"rendered":"https:\/\/agora.xtec.cat\/iesllavaneres\/?p=4605"},"modified":"2025-03-28T14:00:51","modified_gmt":"2025-03-28T13:00:51","slug":"linstitut-llavaneres-a-la-fira-del-pesol","status":"publish","type":"post","link":"https:\/\/agora.xtec.cat\/iesllavaneres\/eso-4\/linstitut-llavaneres-a-la-fira-del-pesol\/","title":{"rendered":"L&#8217;Institut Llavaneres a la Fira del p\u00e8sol"},"content":{"rendered":"<p><a href=\"https:\/\/agora.xtec.cat\/iesllavaneres\/wp-content\/uploads\/usu2229\/2025\/03\/pesol.png\"><img loading=\"lazy\" decoding=\"async\" class=\"wp-image-4606 alignleft\" src=\"https:\/\/agora.xtec.cat\/iesllavaneres\/wp-content\/uploads\/usu2229\/2025\/03\/pesol.png\" alt=\"\" width=\"289\" height=\"315\" srcset=\"https:\/\/agora.xtec.cat\/iesllavaneres\/wp-content\/uploads\/usu2229\/2025\/03\/pesol.png 549w, https:\/\/agora.xtec.cat\/iesllavaneres\/wp-content\/uploads\/usu2229\/2025\/03\/pesol-275x300.png 275w\" sizes=\"auto, (max-width: 289px) 100vw, 289px\" \/><\/a>En motiu de la 25a Fira del P\u00e8sol Garrofal de Llavaneres, que se celebra al Parc de Ca l&#8217;Alfaro durant aquest proper cap de setmana l&#8217;alumnat de 4t d&#8217;ESO que participa en l&#8217;imminent viatge a Londres disposar\u00e0 d\u2019una paradeta en qu\u00e8 vendran productes per recaptar diners per a la seva estada ling\u00fc\u00edstica.<\/p>\n<p>Hi podreu trobar productes naturals, com coixins terap\u00e8utics de lavanda, olis essencials, sabons i desodorants naturals, rodets facials i discs de bamb\u00fa (ideals per ajudar-nos a trobar la calma i el relax que tant necessitem havent superat aquest segon trimestre)<\/p>\n<p>Tamb\u00e9 podreu col\u00b7laborar amb els alumnes adquirint primaverenques plantes (que de ben segur aportaran color i alegria a les llars de qui en comprin). L&#8217;horari en qu\u00e8 trobareu els alumnes, contents i disposats a vendre aquests productes, \u00e9s dissabte 29 de mar\u00e7, de 10 a 14\u00a0 i de 16 a 20, i diumenge 30 de mar\u00e7, de 10 a 14. All\u00e0 els trobareu encantats de rebre la vostra visita.<\/p>\n<p>Els ajudeu a obtenir uns dinerets extra? Us hi esperen!<\/p>\n<p>Gemma Fontanals, Departament d&#8217;angl\u00e8s<\/p>\n","protected":false},"excerpt":{"rendered":"<p>En motiu de la 25a Fira del P\u00e8sol Garrofal de Llavaneres, que se celebra al Parc de Ca l&#8217;Alfaro durant aquest proper cap de setmana l&#8217;alumnat de 4t d&#8217;ESO que participa en l&#8217;imminent viatge a Londres disposar\u00e0 d\u2019una paradeta en qu\u00e8 vendran productes per recaptar diners per a la seva estada ling\u00fc\u00edstica. Hi podreu trobar [&hellip;]<\/p>\n","protected":false},"author":4,"featured_media":0,"comment_status":"open","ping_status":"closed","sticky":false,"template":"","format":"standard","meta":{"_bbp_topic_count":0,"_bbp_reply_count":0,"_bbp_total_topic_count":0,"_bbp_total_reply_count":0,"_bbp_voice_count":0,"_bbp_anonymous_reply_count":0,"_bbp_topic_count_hidden":0,"_bbp_reply_count_hidden":0,"_bbp_forum_subforum_count":0,"site-sidebar-layout":"default","site-content-layout":"","ast-site-content-layout":"","site-content-style":"default","site-sidebar-style":"default","ast-global-header-display":"","ast-banner-title-visibility":"","ast-main-header-display":"","ast-hfb-above-header-display":"","ast-hfb-below-header-display":"","ast-hfb-mobile-header-display":"","site-post-title":"","ast-breadcrumbs-content":"","ast-featured-img":"","footer-sml-layout":"","theme-transparent-header-meta":"","adv-header-id-meta":"","stick-header-meta":"","header-above-stick-meta":"","header-main-stick-meta":"","header-below-stick-meta":"","astra-migrate-meta-layouts":"default","ast-page-background-enabled":"default","ast-page-background-meta":{"desktop":{"background-color":"var(--ast-global-color-4)","background-image":"","background-repeat":"repeat","background-position":"center center","background-size":"auto","background-attachment":"scroll","background-type":"","background-media":"","overlay-type":"","overlay-color":"","overlay-opacity":"","overlay-gradient":""},"tablet":{"background-color":"","background-image":"","background-repeat":"repeat","background-position":"center center","background-size":"auto","background-attachment":"scroll","background-type":"","background-media":"","overlay-type":"","overlay-color":"","overlay-opacity":"","overlay-gradient":""},"mobile":{"background-color":"","background-image":"","background-repeat":"repeat","background-position":"center center","background-size":"auto","background-attachment":"scroll","background-type":"","background-media":"","overlay-type":"","overlay-color":"","overlay-opacity":"","overlay-gradient":""}},"ast-content-background-meta":{"desktop":{"background-color":"var(--ast-global-color-5)","background-image":"","background-repeat":"repeat","background-position":"center center","background-size":"auto","background-attachment":"scroll","background-type":"","background-media":"","overlay-type":"","overlay-color":"","overlay-opacity":"","overlay-gradient":""},"tablet":{"background-color":"var(--ast-global-color-5)","background-image":"","background-repeat":"repeat","background-position":"center center","background-size":"auto","background-attachment":"scroll","background-type":"","background-media":"","overlay-type":"","overlay-color":"","overlay-opacity":"","overlay-gradient":""},"mobile":{"background-color":"var(--ast-global-color-5)","background-image":"","background-repeat":"repeat","background-position":"center center","background-size":"auto","background-attachment":"scroll","background-type":"","background-media":"","overlay-type":"","overlay-color":"","overlay-opacity":"","overlay-gradient":""}},"footnotes":""},"categories":[7,29],"tags":[120,189,116,39],"class_list":["post-4605","post","type-post","status-publish","format-standard","hentry","category-eso-4","category-portada","tag-4t-deso","tag-activitats","tag-eso","tag-sortides"],"post_mailing_queue_ids":[],"_links":{"self":[{"href":"https:\/\/agora.xtec.cat\/iesllavaneres\/wp-json\/wp\/v2\/posts\/4605","targetHints":{"allow":["GET"]}}],"collection":[{"href":"https:\/\/agora.xtec.cat\/iesllavaneres\/wp-json\/wp\/v2\/posts"}],"about":[{"href":"https:\/\/agora.xtec.cat\/iesllavaneres\/wp-json\/wp\/v2\/types\/post"}],"author":[{"embeddable":true,"href":"https:\/\/agora.xtec.cat\/iesllavaneres\/wp-json\/wp\/v2\/users\/4"}],"replies":[{"embeddable":true,"href":"https:\/\/agora.xtec.cat\/iesllavaneres\/wp-json\/wp\/v2\/comments?post=4605"}],"version-history":[{"count":2,"href":"https:\/\/agora.xtec.cat\/iesllavaneres\/wp-json\/wp\/v2\/posts\/4605\/revisions"}],"predecessor-version":[{"id":4608,"href":"https:\/\/agora.xtec.cat\/iesllavaneres\/wp-json\/wp\/v2\/posts\/4605\/revisions\/4608"}],"wp:attachment":[{"href":"https:\/\/agora.xtec.cat\/iesllavaneres\/wp-json\/wp\/v2\/media?parent=4605"}],"wp:term":[{"taxonomy":"category","embeddable":true,"href":"https:\/\/agora.xtec.cat\/iesllavaneres\/wp-json\/wp\/v2\/categories?post=4605"},{"taxonomy":"post_tag","embeddable":true,"href":"https:\/\/agora.xtec.cat\/iesllavaneres\/wp-json\/wp\/v2\/tags?post=4605"}],"curies":[{"name":"wp","href":"https:\/\/api.w.org\/{rel}","templated":true}]}}