{"id":4587,"date":"2025-03-27T09:49:14","date_gmt":"2025-03-27T08:49:14","guid":{"rendered":"https:\/\/agora.xtec.cat\/iesllavaneres\/?p=4587"},"modified":"2025-03-26T10:43:08","modified_gmt":"2025-03-26T09:43:08","slug":"alumnes-de-batxillerat-assisteixen-a-una-funcio-delectra","status":"publish","type":"post","link":"https:\/\/agora.xtec.cat\/iesllavaneres\/general\/alumnes-de-batxillerat-assisteixen-a-una-funcio-delectra\/","title":{"rendered":"Alumnes de Batxillerat assisteixen a una funci\u00f3 d'&#8221;Electra&#8221;"},"content":{"rendered":"<p><a href=\"https:\/\/agora.xtec.cat\/iesllavaneres\/wp-content\/uploads\/usu2229\/2025\/03\/1742548242110-min-scaled.jpg\"><img loading=\"lazy\" decoding=\"async\" class=\"alignnone size-large wp-image-4589\" src=\"https:\/\/agora.xtec.cat\/iesllavaneres\/wp-content\/uploads\/usu2229\/2025\/03\/1742548242110-min-1024x768.jpg\" alt=\"\" width=\"1024\" height=\"768\" srcset=\"https:\/\/agora.xtec.cat\/iesllavaneres\/wp-content\/uploads\/usu2229\/2025\/03\/1742548242110-min-1024x768.jpg 1024w, https:\/\/agora.xtec.cat\/iesllavaneres\/wp-content\/uploads\/usu2229\/2025\/03\/1742548242110-min-300x225.jpg 300w, https:\/\/agora.xtec.cat\/iesllavaneres\/wp-content\/uploads\/usu2229\/2025\/03\/1742548242110-min-768x576.jpg 768w, https:\/\/agora.xtec.cat\/iesllavaneres\/wp-content\/uploads\/usu2229\/2025\/03\/1742548242110-min-1536x1152.jpg 1536w, https:\/\/agora.xtec.cat\/iesllavaneres\/wp-content\/uploads\/usu2229\/2025\/03\/1742548242110-min-2048x1536.jpg 2048w, https:\/\/agora.xtec.cat\/iesllavaneres\/wp-content\/uploads\/usu2229\/2025\/03\/1742548242110-min-200x150.jpg 200w\" sizes=\"auto, (max-width: 1024px) 100vw, 1024px\" \/><\/a><\/p>\n<p><span style=\"font-weight: 400;\">Dimecres 19 de mar\u00e7, els alumnes de les mat\u00e8ries de Grec, Llat\u00ed i Creaci\u00f3 liter\u00e0ria de 1r i de 2n de batxillerat, acompanyats pels professors Guillem Sartorio, Encarna Ca\u00f1ete i Gemma Carbonell, van anar al <a href=\"https:\/\/www.teatrelliure.com\/ca\">Teatre Lliure<\/a> de Montju\u00efc per a veure l\u2019obra de <\/span><a href=\"https:\/\/www.teatrelliure.com\/ca\/electra\"><i><span style=\"font-weight: 400;\">Electra<\/span><\/i><\/a><span style=\"font-weight: 400;\">, una trag\u00e8dia grega que els tres grans tr\u00e0gics grecs -\u00c8squil, S\u00f2focles i Eur\u00edpides- han versionat.<\/span><\/p>\n<p><span style=\"font-weight: 400;\">El muntatge, dividit en tres parts de mitja hora cada una, corresponents a les tres obres cl\u00e0ssiques, ens endinsa en l\u2019univers cl\u00e0ssic des de diferent perspectives:\u00a0<\/span><\/p>\n<p><span style=\"font-weight: 400;\">La primera \u00e9s la d&#8217;\u00c8squil. En aquesta versi\u00f3 els actors agafen el paper de cor, un element clau en la trag\u00e8dia grega, i fan moviments en conjunt, des de danses fins a discursos, en qu\u00e8 tots parlen configurant escenes de gran harmonia de veu i moviment.<\/span><\/p>\n<p><span style=\"font-weight: 400;\">Acabada aquesta posada en escena m\u00e9s po\u00e8tica, els actors es transformen en est\u00e0tues i en obres d\u2019art per representar la versi\u00f3 de S\u00f2focles. A partir d\u2019aquestes met\u00e0fores visuals, cada actor recita un mon\u00f2leg i junts ens expliquen la totalitat del mite, fent-nos saber tots els detalls de la tr\u00e0gica hist\u00f2ria d\u2019Electra.<\/span><\/p>\n<p><span style=\"font-weight: 400;\">L&#8217;\u00faltima versi\u00f3, la d\u2019Eur\u00edpides, agafa un to m\u00e9s modern i els sentiments dels personatges es desborden remarcant pors i emocions; d\u2019aquesta manera l\u2019obra s\u2019apropa m\u00e9s a l\u2019espectador contemporani. Aquesta versi\u00f3 fa l\u2019obra m\u00e9s din\u00e0mica, fet que contrasta amb les dues primeres, que s\u00f3n m\u00e9s tranquil\u00b7les i relaxades.\u00a0<\/span><\/p>\n<p><span style=\"font-weight: 400;\">Despr\u00e9s de la representaci\u00f3, els alumnes vam tenir l\u2019oportunitat de parlar amb un dels actors, \u00c0lex Pujol, un exalumne d\u2019en Guillem, i li vam fer preguntes sobre el muntatge. Va ser un col\u00b7loqui magn\u00edfic per acabar de consolidar tot all\u00f2 que hem tingut l\u2019oportunitat de veure i gaudir.<\/span><\/p>\n<p>Marina S\u00e0nchez, alumna de 2n de Batxillerat B<\/p>\n","protected":false},"excerpt":{"rendered":"<p>Dimecres 19 de mar\u00e7, els alumnes de les mat\u00e8ries de Grec, Llat\u00ed i Creaci\u00f3 liter\u00e0ria de 1r i de 2n de batxillerat, acompanyats pels professors Guillem Sartorio, Encarna Ca\u00f1ete i Gemma Carbonell, van anar al Teatre Lliure de Montju\u00efc per a veure l\u2019obra de Electra, una trag\u00e8dia grega que els tres grans tr\u00e0gics grecs -\u00c8squil, [&hellip;]<\/p>\n","protected":false},"author":4,"featured_media":0,"comment_status":"open","ping_status":"closed","sticky":false,"template":"","format":"standard","meta":{"_bbp_topic_count":0,"_bbp_reply_count":0,"_bbp_total_topic_count":0,"_bbp_total_reply_count":0,"_bbp_voice_count":0,"_bbp_anonymous_reply_count":0,"_bbp_topic_count_hidden":0,"_bbp_reply_count_hidden":0,"_bbp_forum_subforum_count":0,"site-sidebar-layout":"default","site-content-layout":"","ast-site-content-layout":"","site-content-style":"default","site-sidebar-style":"default","ast-global-header-display":"","ast-banner-title-visibility":"","ast-main-header-display":"","ast-hfb-above-header-display":"","ast-hfb-below-header-display":"","ast-hfb-mobile-header-display":"","site-post-title":"","ast-breadcrumbs-content":"","ast-featured-img":"","footer-sml-layout":"","theme-transparent-header-meta":"","adv-header-id-meta":"","stick-header-meta":"","header-above-stick-meta":"","header-main-stick-meta":"","header-below-stick-meta":"","astra-migrate-meta-layouts":"default","ast-page-background-enabled":"default","ast-page-background-meta":{"desktop":{"background-color":"var(--ast-global-color-4)","background-image":"","background-repeat":"repeat","background-position":"center center","background-size":"auto","background-attachment":"scroll","background-type":"","background-media":"","overlay-type":"","overlay-color":"","overlay-opacity":"","overlay-gradient":""},"tablet":{"background-color":"","background-image":"","background-repeat":"repeat","background-position":"center center","background-size":"auto","background-attachment":"scroll","background-type":"","background-media":"","overlay-type":"","overlay-color":"","overlay-opacity":"","overlay-gradient":""},"mobile":{"background-color":"","background-image":"","background-repeat":"repeat","background-position":"center center","background-size":"auto","background-attachment":"scroll","background-type":"","background-media":"","overlay-type":"","overlay-color":"","overlay-opacity":"","overlay-gradient":""}},"ast-content-background-meta":{"desktop":{"background-color":"var(--ast-global-color-5)","background-image":"","background-repeat":"repeat","background-position":"center center","background-size":"auto","background-attachment":"scroll","background-type":"","background-media":"","overlay-type":"","overlay-color":"","overlay-opacity":"","overlay-gradient":""},"tablet":{"background-color":"var(--ast-global-color-5)","background-image":"","background-repeat":"repeat","background-position":"center center","background-size":"auto","background-attachment":"scroll","background-type":"","background-media":"","overlay-type":"","overlay-color":"","overlay-opacity":"","overlay-gradient":""},"mobile":{"background-color":"var(--ast-global-color-5)","background-image":"","background-repeat":"repeat","background-position":"center center","background-size":"auto","background-attachment":"scroll","background-type":"","background-media":"","overlay-type":"","overlay-color":"","overlay-opacity":"","overlay-gradient":""}},"footnotes":""},"categories":[8,1,29],"tags":[138,144,117,39],"class_list":["post-4587","post","type-post","status-publish","format-standard","hentry","category-batxillerat","category-general","category-portada","tag-1r-de-batxillerat","tag-2n-batxillerat","tag-batxillerat","tag-sortides"],"post_mailing_queue_ids":[],"_links":{"self":[{"href":"https:\/\/agora.xtec.cat\/iesllavaneres\/wp-json\/wp\/v2\/posts\/4587","targetHints":{"allow":["GET"]}}],"collection":[{"href":"https:\/\/agora.xtec.cat\/iesllavaneres\/wp-json\/wp\/v2\/posts"}],"about":[{"href":"https:\/\/agora.xtec.cat\/iesllavaneres\/wp-json\/wp\/v2\/types\/post"}],"author":[{"embeddable":true,"href":"https:\/\/agora.xtec.cat\/iesllavaneres\/wp-json\/wp\/v2\/users\/4"}],"replies":[{"embeddable":true,"href":"https:\/\/agora.xtec.cat\/iesllavaneres\/wp-json\/wp\/v2\/comments?post=4587"}],"version-history":[{"count":4,"href":"https:\/\/agora.xtec.cat\/iesllavaneres\/wp-json\/wp\/v2\/posts\/4587\/revisions"}],"predecessor-version":[{"id":4592,"href":"https:\/\/agora.xtec.cat\/iesllavaneres\/wp-json\/wp\/v2\/posts\/4587\/revisions\/4592"}],"wp:attachment":[{"href":"https:\/\/agora.xtec.cat\/iesllavaneres\/wp-json\/wp\/v2\/media?parent=4587"}],"wp:term":[{"taxonomy":"category","embeddable":true,"href":"https:\/\/agora.xtec.cat\/iesllavaneres\/wp-json\/wp\/v2\/categories?post=4587"},{"taxonomy":"post_tag","embeddable":true,"href":"https:\/\/agora.xtec.cat\/iesllavaneres\/wp-json\/wp\/v2\/tags?post=4587"}],"curies":[{"name":"wp","href":"https:\/\/api.w.org\/{rel}","templated":true}]}}