{"id":4584,"date":"2025-03-26T09:35:15","date_gmt":"2025-03-26T08:35:15","guid":{"rendered":"https:\/\/agora.xtec.cat\/iesllavaneres\/?p=4584"},"modified":"2025-03-26T09:37:25","modified_gmt":"2025-03-26T08:37:25","slug":"visita-a-la-casa-bloc-de-barcelona","status":"publish","type":"post","link":"https:\/\/agora.xtec.cat\/iesllavaneres\/general\/visita-a-la-casa-bloc-de-barcelona\/","title":{"rendered":"Visita a la Casa Bloc de Barcelona"},"content":{"rendered":"<p><a href=\"https:\/\/agora.xtec.cat\/iesllavaneres\/wp-content\/uploads\/usu2229\/2025\/03\/20250317_122644-min-scaled.jpg\"><img loading=\"lazy\" decoding=\"async\" class=\"alignnone size-large wp-image-4585\" src=\"https:\/\/agora.xtec.cat\/iesllavaneres\/wp-content\/uploads\/usu2229\/2025\/03\/20250317_122644-min-1024x577.jpg\" alt=\"\" width=\"1024\" height=\"577\" srcset=\"https:\/\/agora.xtec.cat\/iesllavaneres\/wp-content\/uploads\/usu2229\/2025\/03\/20250317_122644-min-1024x577.jpg 1024w, https:\/\/agora.xtec.cat\/iesllavaneres\/wp-content\/uploads\/usu2229\/2025\/03\/20250317_122644-min-300x169.jpg 300w, https:\/\/agora.xtec.cat\/iesllavaneres\/wp-content\/uploads\/usu2229\/2025\/03\/20250317_122644-min-768x432.jpg 768w, https:\/\/agora.xtec.cat\/iesllavaneres\/wp-content\/uploads\/usu2229\/2025\/03\/20250317_122644-min-1536x865.jpg 1536w, https:\/\/agora.xtec.cat\/iesllavaneres\/wp-content\/uploads\/usu2229\/2025\/03\/20250317_122644-min-2048x1153.jpg 2048w\" sizes=\"auto, (max-width: 1024px) 100vw, 1024px\" \/><\/a><\/p>\n<p><span style=\"font-weight: 400;\">Els alumnes de 2n de Batxillerat de Dibuix T\u00e8cnic van visitar el passat 17 de mar\u00e7 la <a href=\"https:\/\/www.arquitecturacatalana.cat\/ca\/obres\/casa-bloc\">Casa Bloc<\/a>, tot un exemple d\u2019arquitectura.<\/span><\/p>\n<p><span style=\"font-weight: 400;\">La Casa Bloc \u00e9s un edifici de Barcelona que es va construir entre 1932 i 1936 per donar habitatge als treballadors, amb la idea de millorar-ne la qualitat de vida. Va ser dissenyat pels arquitectes Josep Llu\u00eds Sert, Josep Torres Clav\u00e9 i Joan Baptista Subirana, membres del GATCPAC (Grup d&#8217;Arquitectes i T\u00e8cnics Catalans per <\/span><span style=\"font-weight: 400;\">al <\/span><span style=\"font-weight: 400;\">Progr\u00e9s de l&#8217;Arquitectura <\/span><span style=\"font-weight: 400;\">Contempor\u00e0nia).\u00a0<\/span><\/p>\n<p><span style=\"font-weight: 400;\">L&#8217;edifici t\u00e9 una forma de S gegant i est\u00e0 pensat perqu\u00e8 tots els pisos tinguin llum natural, <\/span><span style=\"font-weight: 400;\">ventilaci\u00f3 i un espai ben aprofitat.<\/span><\/p>\n<p><span style=\"font-weight: 400;\">Cada apartament est\u00e0 distribu\u00eft en dues plantes: A baix<\/span> <span style=\"font-weight: 400;\">hi havia la cuina<\/span><span style=\"font-weight: 400;\">, <\/span><span style=\"font-weight: 400;\">el menjador<\/span><span style=\"font-weight: 400;\">, <\/span><span style=\"font-weight: 400;\">el safareig i el bany; a dalt<\/span><span style=\"font-weight: 400;\">, <\/span><span style=\"font-weight: 400;\">les habitacions<\/span><span style=\"font-weight: 400;\">.<\/span><span style=\"font-weight: 400;\"> Aix\u00ed se separa la zona de dia de la zona de nit per fer l&#8217;espai m\u00e9s pr\u00e0ctic.\u00a0<\/span><\/p>\n<p><span style=\"font-weight: 400;\">Quan es va construir, era un projecte innovador d\u2019habitatge social, per\u00f2 amb la dictadura franquista es va convertir en resid\u00e8ncia per a militars. M\u00e9s endavant, es va poder recuperar amb la finalitat inicial. Tot i que avui dia encara hi viuen fam\u00edlies, un dels pisos s&#8217;ha restaurat <\/span><span style=\"font-weight: 400;\">i es pot visitar com a museu per veure com era originalment.<\/span><\/p>\n<p>X\u00e8nia Ram\u00edrez, alumna de Dibuix T\u00e8cnic de 2n de Batxillerat<\/p>\n","protected":false},"excerpt":{"rendered":"<p>Els alumnes de 2n de Batxillerat de Dibuix T\u00e8cnic van visitar el passat 17 de mar\u00e7 la Casa Bloc, tot un exemple d\u2019arquitectura. La Casa Bloc \u00e9s un edifici de Barcelona que es va construir entre 1932 i 1936 per donar habitatge als treballadors, amb la idea de millorar-ne la qualitat de vida. Va ser [&hellip;]<\/p>\n","protected":false},"author":4,"featured_media":0,"comment_status":"open","ping_status":"closed","sticky":false,"template":"","format":"standard","meta":{"_bbp_topic_count":0,"_bbp_reply_count":0,"_bbp_total_topic_count":0,"_bbp_total_reply_count":0,"_bbp_voice_count":0,"_bbp_anonymous_reply_count":0,"_bbp_topic_count_hidden":0,"_bbp_reply_count_hidden":0,"_bbp_forum_subforum_count":0,"site-sidebar-layout":"default","site-content-layout":"","ast-site-content-layout":"","site-content-style":"default","site-sidebar-style":"default","ast-global-header-display":"","ast-banner-title-visibility":"","ast-main-header-display":"","ast-hfb-above-header-display":"","ast-hfb-below-header-display":"","ast-hfb-mobile-header-display":"","site-post-title":"","ast-breadcrumbs-content":"","ast-featured-img":"","footer-sml-layout":"","theme-transparent-header-meta":"","adv-header-id-meta":"","stick-header-meta":"","header-above-stick-meta":"","header-main-stick-meta":"","header-below-stick-meta":"","astra-migrate-meta-layouts":"default","ast-page-background-enabled":"default","ast-page-background-meta":{"desktop":{"background-color":"var(--ast-global-color-4)","background-image":"","background-repeat":"repeat","background-position":"center center","background-size":"auto","background-attachment":"scroll","background-type":"","background-media":"","overlay-type":"","overlay-color":"","overlay-opacity":"","overlay-gradient":""},"tablet":{"background-color":"","background-image":"","background-repeat":"repeat","background-position":"center center","background-size":"auto","background-attachment":"scroll","background-type":"","background-media":"","overlay-type":"","overlay-color":"","overlay-opacity":"","overlay-gradient":""},"mobile":{"background-color":"","background-image":"","background-repeat":"repeat","background-position":"center center","background-size":"auto","background-attachment":"scroll","background-type":"","background-media":"","overlay-type":"","overlay-color":"","overlay-opacity":"","overlay-gradient":""}},"ast-content-background-meta":{"desktop":{"background-color":"var(--ast-global-color-5)","background-image":"","background-repeat":"repeat","background-position":"center center","background-size":"auto","background-attachment":"scroll","background-type":"","background-media":"","overlay-type":"","overlay-color":"","overlay-opacity":"","overlay-gradient":""},"tablet":{"background-color":"var(--ast-global-color-5)","background-image":"","background-repeat":"repeat","background-position":"center center","background-size":"auto","background-attachment":"scroll","background-type":"","background-media":"","overlay-type":"","overlay-color":"","overlay-opacity":"","overlay-gradient":""},"mobile":{"background-color":"var(--ast-global-color-5)","background-image":"","background-repeat":"repeat","background-position":"center center","background-size":"auto","background-attachment":"scroll","background-type":"","background-media":"","overlay-type":"","overlay-color":"","overlay-opacity":"","overlay-gradient":""}},"footnotes":""},"categories":[8,1,29],"tags":[144,117,192,39],"class_list":["post-4584","post","type-post","status-publish","format-standard","hentry","category-batxillerat","category-general","category-portada","tag-2n-batxillerat","tag-batxillerat","tag-creacio-artistica","tag-sortides"],"post_mailing_queue_ids":[],"_links":{"self":[{"href":"https:\/\/agora.xtec.cat\/iesllavaneres\/wp-json\/wp\/v2\/posts\/4584","targetHints":{"allow":["GET"]}}],"collection":[{"href":"https:\/\/agora.xtec.cat\/iesllavaneres\/wp-json\/wp\/v2\/posts"}],"about":[{"href":"https:\/\/agora.xtec.cat\/iesllavaneres\/wp-json\/wp\/v2\/types\/post"}],"author":[{"embeddable":true,"href":"https:\/\/agora.xtec.cat\/iesllavaneres\/wp-json\/wp\/v2\/users\/4"}],"replies":[{"embeddable":true,"href":"https:\/\/agora.xtec.cat\/iesllavaneres\/wp-json\/wp\/v2\/comments?post=4584"}],"version-history":[{"count":1,"href":"https:\/\/agora.xtec.cat\/iesllavaneres\/wp-json\/wp\/v2\/posts\/4584\/revisions"}],"predecessor-version":[{"id":4586,"href":"https:\/\/agora.xtec.cat\/iesllavaneres\/wp-json\/wp\/v2\/posts\/4584\/revisions\/4586"}],"wp:attachment":[{"href":"https:\/\/agora.xtec.cat\/iesllavaneres\/wp-json\/wp\/v2\/media?parent=4584"}],"wp:term":[{"taxonomy":"category","embeddable":true,"href":"https:\/\/agora.xtec.cat\/iesllavaneres\/wp-json\/wp\/v2\/categories?post=4584"},{"taxonomy":"post_tag","embeddable":true,"href":"https:\/\/agora.xtec.cat\/iesllavaneres\/wp-json\/wp\/v2\/tags?post=4584"}],"curies":[{"name":"wp","href":"https:\/\/api.w.org\/{rel}","templated":true}]}}