{"id":4576,"date":"2025-03-21T08:00:57","date_gmt":"2025-03-21T07:00:57","guid":{"rendered":"https:\/\/agora.xtec.cat\/iesllavaneres\/?p=4576"},"modified":"2025-03-21T11:28:56","modified_gmt":"2025-03-21T10:28:56","slug":"dia-mundial-de-la-poesia","status":"publish","type":"post","link":"https:\/\/agora.xtec.cat\/iesllavaneres\/eso-1\/dia-mundial-de-la-poesia\/","title":{"rendered":"Dia Mundial de la Poesia"},"content":{"rendered":"<p>Des de l&#8217;any 1999, quan la UNESCO ho decret\u00e0 aix\u00ed, el dia 21 de mar\u00e7 \u00e9s commemora el Dia Mundial de la Poesia a tot el m\u00f3n.<\/p>\n<p><a href=\"https:\/\/cultura.gencat.cat\/ca\/ilc\/que-fem\/programes\/dia-mundial-de-la-poesia\/dmp-2025\/index.html\">La Instituci\u00f3 de les Lletres Catalanes<\/a> fa temps que dedica aquesta efem\u00e8ride a una composici\u00f3 d&#8217;un autor concret. En aquest cas, la poesia escollida \u00e9s <strong><em>Desolaci\u00f3<\/em><\/strong>, de <a href=\"https:\/\/www.escriptors.cat\/autors\/llompartjm\"><strong>Josep M. Llompart<\/strong><\/a>, nascut ara fa 100 anys.<\/p>\n<p>Us oferim la lectura d&#8217;aquest poema a c\u00e0rrec de diferents alumnes del centre i en diferents lleng\u00fces, en un muntatge audiovisual realitzat pel professor de M\u00fasica, Arnald Pannon, en col\u00b7laboraci\u00f3 amb l&#8217;\u00c0rea de Lleng\u00fces. El Departament de Creaci\u00f3 art\u00edstica i Dibuix tamb\u00e9 hi ha col\u00b7laborat il\u00b7lustrant el poema de Llompart amb un mural.<\/p>\n<p><iframe loading=\"lazy\" title=\"Dia Mundial de la Poesia - Institut Llavaneres 2025\" src=\"https:\/\/www.youtube.com\/embed\/d9qdVV5Czyo\" width=\"315\" height=\"560\" frameborder=\"0\" allowfullscreen=\"allowfullscreen\"><\/iframe><\/p>\n","protected":false},"excerpt":{"rendered":"<p>Des de l&#8217;any 1999, quan la UNESCO ho decret\u00e0 aix\u00ed, el dia 21 de mar\u00e7 \u00e9s commemora el Dia Mundial de la Poesia a tot el m\u00f3n. La Instituci\u00f3 de les Lletres Catalanes fa temps que dedica aquesta efem\u00e8ride a una composici\u00f3 d&#8217;un autor concret. En aquest cas, la poesia escollida \u00e9s Desolaci\u00f3, de Josep [&hellip;]<\/p>\n","protected":false},"author":4,"featured_media":0,"comment_status":"open","ping_status":"closed","sticky":false,"template":"","format":"standard","meta":{"_bbp_topic_count":0,"_bbp_reply_count":0,"_bbp_total_topic_count":0,"_bbp_total_reply_count":0,"_bbp_voice_count":0,"_bbp_anonymous_reply_count":0,"_bbp_topic_count_hidden":0,"_bbp_reply_count_hidden":0,"_bbp_forum_subforum_count":0,"site-sidebar-layout":"default","site-content-layout":"","ast-site-content-layout":"","site-content-style":"default","site-sidebar-style":"default","ast-global-header-display":"","ast-banner-title-visibility":"","ast-main-header-display":"","ast-hfb-above-header-display":"","ast-hfb-below-header-display":"","ast-hfb-mobile-header-display":"","site-post-title":"","ast-breadcrumbs-content":"","ast-featured-img":"","footer-sml-layout":"","theme-transparent-header-meta":"","adv-header-id-meta":"","stick-header-meta":"","header-above-stick-meta":"","header-main-stick-meta":"","header-below-stick-meta":"","astra-migrate-meta-layouts":"default","ast-page-background-enabled":"default","ast-page-background-meta":{"desktop":{"background-color":"var(--ast-global-color-4)","background-image":"","background-repeat":"repeat","background-position":"center center","background-size":"auto","background-attachment":"scroll","background-type":"","background-media":"","overlay-type":"","overlay-color":"","overlay-opacity":"","overlay-gradient":""},"tablet":{"background-color":"","background-image":"","background-repeat":"repeat","background-position":"center center","background-size":"auto","background-attachment":"scroll","background-type":"","background-media":"","overlay-type":"","overlay-color":"","overlay-opacity":"","overlay-gradient":""},"mobile":{"background-color":"","background-image":"","background-repeat":"repeat","background-position":"center center","background-size":"auto","background-attachment":"scroll","background-type":"","background-media":"","overlay-type":"","overlay-color":"","overlay-opacity":"","overlay-gradient":""}},"ast-content-background-meta":{"desktop":{"background-color":"var(--ast-global-color-5)","background-image":"","background-repeat":"repeat","background-position":"center center","background-size":"auto","background-attachment":"scroll","background-type":"","background-media":"","overlay-type":"","overlay-color":"","overlay-opacity":"","overlay-gradient":""},"tablet":{"background-color":"var(--ast-global-color-5)","background-image":"","background-repeat":"repeat","background-position":"center center","background-size":"auto","background-attachment":"scroll","background-type":"","background-media":"","overlay-type":"","overlay-color":"","overlay-opacity":"","overlay-gradient":""},"mobile":{"background-color":"var(--ast-global-color-5)","background-image":"","background-repeat":"repeat","background-position":"center center","background-size":"auto","background-attachment":"scroll","background-type":"","background-media":"","overlay-type":"","overlay-color":"","overlay-opacity":"","overlay-gradient":""}},"footnotes":""},"categories":[8,4,5,6,7,29],"tags":[189,117,116],"class_list":["post-4576","post","type-post","status-publish","format-standard","hentry","category-batxillerat","category-eso-1","category-eso-2","category-eso-3","category-eso-4","category-portada","tag-activitats","tag-batxillerat","tag-eso"],"post_mailing_queue_ids":[],"_links":{"self":[{"href":"https:\/\/agora.xtec.cat\/iesllavaneres\/wp-json\/wp\/v2\/posts\/4576","targetHints":{"allow":["GET"]}}],"collection":[{"href":"https:\/\/agora.xtec.cat\/iesllavaneres\/wp-json\/wp\/v2\/posts"}],"about":[{"href":"https:\/\/agora.xtec.cat\/iesllavaneres\/wp-json\/wp\/v2\/types\/post"}],"author":[{"embeddable":true,"href":"https:\/\/agora.xtec.cat\/iesllavaneres\/wp-json\/wp\/v2\/users\/4"}],"replies":[{"embeddable":true,"href":"https:\/\/agora.xtec.cat\/iesllavaneres\/wp-json\/wp\/v2\/comments?post=4576"}],"version-history":[{"count":3,"href":"https:\/\/agora.xtec.cat\/iesllavaneres\/wp-json\/wp\/v2\/posts\/4576\/revisions"}],"predecessor-version":[{"id":4583,"href":"https:\/\/agora.xtec.cat\/iesllavaneres\/wp-json\/wp\/v2\/posts\/4576\/revisions\/4583"}],"wp:attachment":[{"href":"https:\/\/agora.xtec.cat\/iesllavaneres\/wp-json\/wp\/v2\/media?parent=4576"}],"wp:term":[{"taxonomy":"category","embeddable":true,"href":"https:\/\/agora.xtec.cat\/iesllavaneres\/wp-json\/wp\/v2\/categories?post=4576"},{"taxonomy":"post_tag","embeddable":true,"href":"https:\/\/agora.xtec.cat\/iesllavaneres\/wp-json\/wp\/v2\/tags?post=4576"}],"curies":[{"name":"wp","href":"https:\/\/api.w.org\/{rel}","templated":true}]}}