{"id":4498,"date":"2025-03-06T16:18:47","date_gmt":"2025-03-06T15:18:47","guid":{"rendered":"https:\/\/agora.xtec.cat\/iesllavaneres\/?p=4498"},"modified":"2025-03-06T16:20:52","modified_gmt":"2025-03-06T15:20:52","slug":"carnaval-a-linstitut-llavaneres","status":"publish","type":"post","link":"https:\/\/agora.xtec.cat\/iesllavaneres\/eso-1\/carnaval-a-linstitut-llavaneres\/","title":{"rendered":"Carnaval a l&#8217;Institut Llavaneres"},"content":{"rendered":"<p><iframe loading=\"lazy\" title=\"YouTube video player\" src=\"https:\/\/www.youtube.com\/embed\/WFcJsMGsjA4?si=9uI7WitNxKd2aWRO\" width=\"560\" height=\"315\" frameborder=\"0\" allowfullscreen=\"allowfullscreen\"><\/iframe><br \/>\nCom ja es tradici\u00f3, els alumnes d&#8217;ESO de l&#8217;Institut Llavaneres van participar en el gran concurs de comparses que es va celebrar divendres 28 de febrer al gimn\u00e0s del centre.<\/p>\n<p>Feia dies que els alumnes del Curs Pont havien creat una s\u00e8rie de r\u00e8tols anunciant el concurs i els havien penjat en diferents llocs de l&#8217;institut. A cada hora del pati, la megafonia ens recordava amb un anunci i una nota de veu, tant les consignes a seguir durant la setmana de carnaval com la preparaci\u00f3 de la comparsa. I la darrera hora de cada dia es va dedicar a l&#8217;elaboraci\u00f3 de vestuari i de decorats.<\/p>\n<p>Al llarg de tota la setmana, es van anar seguint les consignes donades: un pentinat diferent, venir amb pijama al centre o vestits d&#8217;un sol color o amb la roba desconjuntada&#8230; Les classes que millor van complir aquests mandats del Rei Carnestoltes van ser 1r D, 2n D i 4t D, per la qual cosa van aconseguir 20 punts extres en la votaci\u00f3 de la rua. Cal recordar que tot el 3r curs era d&#8217;esquiada i, per tant, no se&#8217;ls van exigir aquests requisits.<\/p>\n<p>Tota aquesta programaci\u00f3 es porta des de tutoria i \u00e9s molt efectiva per a la cohesi\u00f3 de cada grup-classe.<\/p>\n<p>I, arribat el dia, els alumnes es van dedicar en cos i \u00e0nima a donar els \u00faltims retocs al vestuari, al maquillatge, als decorats i a la coreografia. A partir de l&#8217;hora del pati, va tenir lloc el gran concurs de comparses al gimn\u00e0s del centre, ple de gom a gom.<\/p>\n<p>I ja podem anunciar els guanyadors del concurs, que van aconseguir el premi de passar un mat\u00ed a un parc aqu\u00e0tic: 1r d&#8217;ESO C, 2n d&#8217;ESO, 3r d&#8217;ESO i 4t d&#8217;ESO.<\/p>\n<p>&nbsp;<\/p>\n","protected":false},"excerpt":{"rendered":"<p>Com ja es tradici\u00f3, els alumnes d&#8217;ESO de l&#8217;Institut Llavaneres van participar en el gran concurs de comparses que es va celebrar divendres 28 de febrer al gimn\u00e0s del centre. Feia dies que els alumnes del Curs Pont havien creat una s\u00e8rie de r\u00e8tols anunciant el concurs i els havien penjat en diferents llocs de [&hellip;]<\/p>\n","protected":false},"author":4,"featured_media":4514,"comment_status":"open","ping_status":"closed","sticky":false,"template":"","format":"standard","meta":{"_bbp_topic_count":0,"_bbp_reply_count":0,"_bbp_total_topic_count":0,"_bbp_total_reply_count":0,"_bbp_voice_count":0,"_bbp_anonymous_reply_count":0,"_bbp_topic_count_hidden":0,"_bbp_reply_count_hidden":0,"_bbp_forum_subforum_count":0,"site-sidebar-layout":"default","site-content-layout":"","ast-site-content-layout":"","site-content-style":"default","site-sidebar-style":"default","ast-global-header-display":"","ast-banner-title-visibility":"","ast-main-header-display":"","ast-hfb-above-header-display":"","ast-hfb-below-header-display":"","ast-hfb-mobile-header-display":"","site-post-title":"","ast-breadcrumbs-content":"","ast-featured-img":"","footer-sml-layout":"","theme-transparent-header-meta":"","adv-header-id-meta":"","stick-header-meta":"","header-above-stick-meta":"","header-main-stick-meta":"","header-below-stick-meta":"","astra-migrate-meta-layouts":"default","ast-page-background-enabled":"default","ast-page-background-meta":{"desktop":{"background-color":"var(--ast-global-color-4)","background-image":"","background-repeat":"repeat","background-position":"center center","background-size":"auto","background-attachment":"scroll","background-type":"","background-media":"","overlay-type":"","overlay-color":"","overlay-opacity":"","overlay-gradient":""},"tablet":{"background-color":"","background-image":"","background-repeat":"repeat","background-position":"center center","background-size":"auto","background-attachment":"scroll","background-type":"","background-media":"","overlay-type":"","overlay-color":"","overlay-opacity":"","overlay-gradient":""},"mobile":{"background-color":"","background-image":"","background-repeat":"repeat","background-position":"center center","background-size":"auto","background-attachment":"scroll","background-type":"","background-media":"","overlay-type":"","overlay-color":"","overlay-opacity":"","overlay-gradient":""}},"ast-content-background-meta":{"desktop":{"background-color":"var(--ast-global-color-5)","background-image":"","background-repeat":"repeat","background-position":"center center","background-size":"auto","background-attachment":"scroll","background-type":"","background-media":"","overlay-type":"","overlay-color":"","overlay-opacity":"","overlay-gradient":""},"tablet":{"background-color":"var(--ast-global-color-5)","background-image":"","background-repeat":"repeat","background-position":"center center","background-size":"auto","background-attachment":"scroll","background-type":"","background-media":"","overlay-type":"","overlay-color":"","overlay-opacity":"","overlay-gradient":""},"mobile":{"background-color":"var(--ast-global-color-5)","background-image":"","background-repeat":"repeat","background-position":"center center","background-size":"auto","background-attachment":"scroll","background-type":"","background-media":"","overlay-type":"","overlay-color":"","overlay-opacity":"","overlay-gradient":""}},"footnotes":""},"categories":[4,5,6,7,29],"tags":[189,116],"class_list":["post-4498","post","type-post","status-publish","format-standard","has-post-thumbnail","hentry","category-eso-1","category-eso-2","category-eso-3","category-eso-4","category-portada","tag-activitats","tag-eso"],"post_mailing_queue_ids":[],"_links":{"self":[{"href":"https:\/\/agora.xtec.cat\/iesllavaneres\/wp-json\/wp\/v2\/posts\/4498","targetHints":{"allow":["GET"]}}],"collection":[{"href":"https:\/\/agora.xtec.cat\/iesllavaneres\/wp-json\/wp\/v2\/posts"}],"about":[{"href":"https:\/\/agora.xtec.cat\/iesllavaneres\/wp-json\/wp\/v2\/types\/post"}],"author":[{"embeddable":true,"href":"https:\/\/agora.xtec.cat\/iesllavaneres\/wp-json\/wp\/v2\/users\/4"}],"replies":[{"embeddable":true,"href":"https:\/\/agora.xtec.cat\/iesllavaneres\/wp-json\/wp\/v2\/comments?post=4498"}],"version-history":[{"count":6,"href":"https:\/\/agora.xtec.cat\/iesllavaneres\/wp-json\/wp\/v2\/posts\/4498\/revisions"}],"predecessor-version":[{"id":4517,"href":"https:\/\/agora.xtec.cat\/iesllavaneres\/wp-json\/wp\/v2\/posts\/4498\/revisions\/4517"}],"wp:featuredmedia":[{"embeddable":true,"href":"https:\/\/agora.xtec.cat\/iesllavaneres\/wp-json\/wp\/v2\/media\/4514"}],"wp:attachment":[{"href":"https:\/\/agora.xtec.cat\/iesllavaneres\/wp-json\/wp\/v2\/media?parent=4498"}],"wp:term":[{"taxonomy":"category","embeddable":true,"href":"https:\/\/agora.xtec.cat\/iesllavaneres\/wp-json\/wp\/v2\/categories?post=4498"},{"taxonomy":"post_tag","embeddable":true,"href":"https:\/\/agora.xtec.cat\/iesllavaneres\/wp-json\/wp\/v2\/tags?post=4498"}],"curies":[{"name":"wp","href":"https:\/\/api.w.org\/{rel}","templated":true}]}}