{"id":4493,"date":"2025-03-04T09:15:19","date_gmt":"2025-03-04T08:15:19","guid":{"rendered":"https:\/\/agora.xtec.cat\/iesllavaneres\/?p=4493"},"modified":"2025-03-04T09:16:02","modified_gmt":"2025-03-04T08:16:02","slug":"resum-de-lesquiada-de-3r-deso","status":"publish","type":"post","link":"https:\/\/agora.xtec.cat\/iesllavaneres\/general\/resum-de-lesquiada-de-3r-deso\/","title":{"rendered":"Resum de l&#8217;esquiada de 3r d&#8217;ESO"},"content":{"rendered":"<p><a href=\"https:\/\/agora.xtec.cat\/iesllavaneres\/wp-content\/uploads\/usu2229\/2025\/03\/IMG_5940-min-scaled.jpeg\"><img loading=\"lazy\" decoding=\"async\" class=\"alignnone size-large wp-image-4505\" src=\"https:\/\/agora.xtec.cat\/iesllavaneres\/wp-content\/uploads\/usu2229\/2025\/03\/IMG_5940-min-1024x768.jpeg\" alt=\"\" width=\"1024\" height=\"768\" srcset=\"https:\/\/agora.xtec.cat\/iesllavaneres\/wp-content\/uploads\/usu2229\/2025\/03\/IMG_5940-min-1024x768.jpeg 1024w, https:\/\/agora.xtec.cat\/iesllavaneres\/wp-content\/uploads\/usu2229\/2025\/03\/IMG_5940-min-300x225.jpeg 300w, https:\/\/agora.xtec.cat\/iesllavaneres\/wp-content\/uploads\/usu2229\/2025\/03\/IMG_5940-min-768x576.jpeg 768w, https:\/\/agora.xtec.cat\/iesllavaneres\/wp-content\/uploads\/usu2229\/2025\/03\/IMG_5940-min-1536x1152.jpeg 1536w, https:\/\/agora.xtec.cat\/iesllavaneres\/wp-content\/uploads\/usu2229\/2025\/03\/IMG_5940-min-2048x1536.jpeg 2048w, https:\/\/agora.xtec.cat\/iesllavaneres\/wp-content\/uploads\/usu2229\/2025\/03\/IMG_5940-min-200x150.jpeg 200w\" sizes=\"auto, (max-width: 1024px) 100vw, 1024px\" \/><\/a><\/p>\n<p>Els dies 24, 25 i 26 de febrer, els alumnes de 3r d&#8217;ESO van poder gaudir d&#8217;una estada a la Cerdanya per practicar esports de neu: van fer dos dies d&#8217;esqu\u00ed alp\u00ed a l&#8217;estaci\u00f3 de <a href=\"https:\/\/www.lamolina.cat\/hivern\/\">La Molina<\/a> i un d&#8217;esqu\u00ed n\u00f2rdic a l&#8217;estaci\u00f3 de <a href=\"https:\/\/lles.ddl.net\/el-municipi\/turisme\/estacions-desqui-nordic\">Lles<\/a>.<\/p>\n<p>L&#8217;activitat s&#8217;insereix en el curr\u00edculum d&#8217;Educaci\u00f3 f\u00edsica i en van poder gaudir un total de 66 alumnes, acompanyats de quatre professors. Els objectius eren: realitzar activitats f\u00edsiques en el medi natural, aplicant t\u00e8cniques espec\u00edfiques de l&#8217;esqu\u00ed alp\u00ed i de l&#8217;esqu\u00ed n\u00f2rdic; con\u00e8ixer el material espec\u00edfic i les normes de seguretat d&#8217;aquestes disciplines; practicar activitats complement\u00e0ries de lleure, etc.<\/p>\n<p>Tot i que no hi havia m<a href=\"https:\/\/agora.xtec.cat\/iesllavaneres\/wp-content\/uploads\/usu2229\/2025\/02\/IMG_5806-2-min-scaled.jpg\"><img loading=\"lazy\" decoding=\"async\" class=\"wp-image-4495 size-medium alignright\" src=\"https:\/\/agora.xtec.cat\/iesllavaneres\/wp-content\/uploads\/usu2229\/2025\/02\/IMG_5806-2-min-300x213.jpg\" alt=\"\" width=\"300\" height=\"213\" data-wp-editing=\"1\" srcset=\"https:\/\/agora.xtec.cat\/iesllavaneres\/wp-content\/uploads\/usu2229\/2025\/02\/IMG_5806-2-min-300x213.jpg 300w, https:\/\/agora.xtec.cat\/iesllavaneres\/wp-content\/uploads\/usu2229\/2025\/02\/IMG_5806-2-min-1024x727.jpg 1024w, https:\/\/agora.xtec.cat\/iesllavaneres\/wp-content\/uploads\/usu2229\/2025\/02\/IMG_5806-2-min-768x545.jpg 768w, https:\/\/agora.xtec.cat\/iesllavaneres\/wp-content\/uploads\/usu2229\/2025\/02\/IMG_5806-2-min-1536x1091.jpg 1536w, https:\/\/agora.xtec.cat\/iesllavaneres\/wp-content\/uploads\/usu2229\/2025\/02\/IMG_5806-2-min-2048x1454.jpg 2048w\" sizes=\"auto, (max-width: 300px) 100vw, 300px\" \/><\/a>assa neu, gr\u00e0cies als canons es va poder practicar l&#8217;esqu\u00ed alp\u00ed. El primer dia els alumnes van gaudir de molt bon temps i, tot i que el segon dia va estar m\u00e9s enterenyinat, la sorpresa va arribar del cel en forma d&#8217;una discreta nevada que ens va fer passar una bona estona. Va ser m\u00e9s dif\u00edcil l&#8217;activitat a Lles, que no disposava de tanta neu.<\/p>\n<p>&nbsp;<\/p>\n<p>Als vespres els alumnes van fer alguns jocs de grup, al mateix c\u00e0mping on s&#8217;allotjaven, La Solana de Segre, i van van fer una visita de descoberta per Puigcerd\u00e0. La vetllada de discoteca va comptar amb una exitosa participaci\u00f3.<\/p>\n<p>La valoraci\u00f3 de tota l&#8217;activitat ha estat molt positiva per part d&#8217;alumnes i de professors.<\/p>\n<p><a href=\"https:\/\/agora.xtec.cat\/iesllavaneres\/wp-content\/uploads\/usu2229\/2025\/02\/IMG_5919_2-min-scaled.jpg\"><img loading=\"lazy\" decoding=\"async\" class=\"alignnone size-large wp-image-4496\" src=\"https:\/\/agora.xtec.cat\/iesllavaneres\/wp-content\/uploads\/usu2229\/2025\/02\/IMG_5919_2-min-1024x554.jpg\" alt=\"\" width=\"1024\" height=\"554\" srcset=\"https:\/\/agora.xtec.cat\/iesllavaneres\/wp-content\/uploads\/usu2229\/2025\/02\/IMG_5919_2-min-1024x554.jpg 1024w, https:\/\/agora.xtec.cat\/iesllavaneres\/wp-content\/uploads\/usu2229\/2025\/02\/IMG_5919_2-min-300x162.jpg 300w, https:\/\/agora.xtec.cat\/iesllavaneres\/wp-content\/uploads\/usu2229\/2025\/02\/IMG_5919_2-min-768x415.jpg 768w, https:\/\/agora.xtec.cat\/iesllavaneres\/wp-content\/uploads\/usu2229\/2025\/02\/IMG_5919_2-min-1536x831.jpg 1536w, https:\/\/agora.xtec.cat\/iesllavaneres\/wp-content\/uploads\/usu2229\/2025\/02\/IMG_5919_2-min-2048x1108.jpg 2048w\" sizes=\"auto, (max-width: 1024px) 100vw, 1024px\" \/><\/a><\/p>\n","protected":false},"excerpt":{"rendered":"<p>Els dies 24, 25 i 26 de febrer, els alumnes de 3r d&#8217;ESO van poder gaudir d&#8217;una estada a la Cerdanya per practicar esports de neu: van fer dos dies d&#8217;esqu\u00ed alp\u00ed a l&#8217;estaci\u00f3 de La Molina i un d&#8217;esqu\u00ed n\u00f2rdic a l&#8217;estaci\u00f3 de Lles. L&#8217;activitat s&#8217;insereix en el curr\u00edculum d&#8217;Educaci\u00f3 f\u00edsica i en van [&hellip;]<\/p>\n","protected":false},"author":4,"featured_media":0,"comment_status":"open","ping_status":"closed","sticky":false,"template":"","format":"standard","meta":{"_bbp_topic_count":0,"_bbp_reply_count":0,"_bbp_total_topic_count":0,"_bbp_total_reply_count":0,"_bbp_voice_count":0,"_bbp_anonymous_reply_count":0,"_bbp_topic_count_hidden":0,"_bbp_reply_count_hidden":0,"_bbp_forum_subforum_count":0,"site-sidebar-layout":"default","site-content-layout":"","ast-site-content-layout":"","site-content-style":"default","site-sidebar-style":"default","ast-global-header-display":"","ast-banner-title-visibility":"","ast-main-header-display":"","ast-hfb-above-header-display":"","ast-hfb-below-header-display":"","ast-hfb-mobile-header-display":"","site-post-title":"","ast-breadcrumbs-content":"","ast-featured-img":"","footer-sml-layout":"","theme-transparent-header-meta":"","adv-header-id-meta":"","stick-header-meta":"","header-above-stick-meta":"","header-main-stick-meta":"","header-below-stick-meta":"","astra-migrate-meta-layouts":"default","ast-page-background-enabled":"default","ast-page-background-meta":{"desktop":{"background-color":"var(--ast-global-color-4)","background-image":"","background-repeat":"repeat","background-position":"center center","background-size":"auto","background-attachment":"scroll","background-type":"","background-media":"","overlay-type":"","overlay-color":"","overlay-opacity":"","overlay-gradient":""},"tablet":{"background-color":"","background-image":"","background-repeat":"repeat","background-position":"center center","background-size":"auto","background-attachment":"scroll","background-type":"","background-media":"","overlay-type":"","overlay-color":"","overlay-opacity":"","overlay-gradient":""},"mobile":{"background-color":"","background-image":"","background-repeat":"repeat","background-position":"center center","background-size":"auto","background-attachment":"scroll","background-type":"","background-media":"","overlay-type":"","overlay-color":"","overlay-opacity":"","overlay-gradient":""}},"ast-content-background-meta":{"desktop":{"background-color":"var(--ast-global-color-5)","background-image":"","background-repeat":"repeat","background-position":"center center","background-size":"auto","background-attachment":"scroll","background-type":"","background-media":"","overlay-type":"","overlay-color":"","overlay-opacity":"","overlay-gradient":""},"tablet":{"background-color":"var(--ast-global-color-5)","background-image":"","background-repeat":"repeat","background-position":"center center","background-size":"auto","background-attachment":"scroll","background-type":"","background-media":"","overlay-type":"","overlay-color":"","overlay-opacity":"","overlay-gradient":""},"mobile":{"background-color":"var(--ast-global-color-5)","background-image":"","background-repeat":"repeat","background-position":"center center","background-size":"auto","background-attachment":"scroll","background-type":"","background-media":"","overlay-type":"","overlay-color":"","overlay-opacity":"","overlay-gradient":""}},"footnotes":""},"categories":[6,1,29],"tags":[136,116,39],"class_list":["post-4493","post","type-post","status-publish","format-standard","hentry","category-eso-3","category-general","category-portada","tag-3r-deso","tag-eso","tag-sortides"],"post_mailing_queue_ids":[],"_links":{"self":[{"href":"https:\/\/agora.xtec.cat\/iesllavaneres\/wp-json\/wp\/v2\/posts\/4493","targetHints":{"allow":["GET"]}}],"collection":[{"href":"https:\/\/agora.xtec.cat\/iesllavaneres\/wp-json\/wp\/v2\/posts"}],"about":[{"href":"https:\/\/agora.xtec.cat\/iesllavaneres\/wp-json\/wp\/v2\/types\/post"}],"author":[{"embeddable":true,"href":"https:\/\/agora.xtec.cat\/iesllavaneres\/wp-json\/wp\/v2\/users\/4"}],"replies":[{"embeddable":true,"href":"https:\/\/agora.xtec.cat\/iesllavaneres\/wp-json\/wp\/v2\/comments?post=4493"}],"version-history":[{"count":4,"href":"https:\/\/agora.xtec.cat\/iesllavaneres\/wp-json\/wp\/v2\/posts\/4493\/revisions"}],"predecessor-version":[{"id":4506,"href":"https:\/\/agora.xtec.cat\/iesllavaneres\/wp-json\/wp\/v2\/posts\/4493\/revisions\/4506"}],"wp:attachment":[{"href":"https:\/\/agora.xtec.cat\/iesllavaneres\/wp-json\/wp\/v2\/media?parent=4493"}],"wp:term":[{"taxonomy":"category","embeddable":true,"href":"https:\/\/agora.xtec.cat\/iesllavaneres\/wp-json\/wp\/v2\/categories?post=4493"},{"taxonomy":"post_tag","embeddable":true,"href":"https:\/\/agora.xtec.cat\/iesllavaneres\/wp-json\/wp\/v2\/tags?post=4493"}],"curies":[{"name":"wp","href":"https:\/\/api.w.org\/{rel}","templated":true}]}}