{"id":4434,"date":"2025-02-11T09:24:09","date_gmt":"2025-02-11T08:24:09","guid":{"rendered":"https:\/\/agora.xtec.cat\/iesllavaneres\/?p=4434"},"modified":"2025-02-11T09:24:09","modified_gmt":"2025-02-11T08:24:09","slug":"ruta-literaria-per-madrid","status":"publish","type":"post","link":"https:\/\/agora.xtec.cat\/iesllavaneres\/batxillerat\/ruta-literaria-per-madrid\/","title":{"rendered":"Ruta liter\u00e0ria per Madrid"},"content":{"rendered":"<p><span style=\"color: #222222;\"><span style=\"font-family: Arial, sans-serif;\"><span style=\"font-size: medium;\"><a href=\"https:\/\/agora.xtec.cat\/iesllavaneres\/wp-content\/uploads\/usu2229\/2025\/02\/1739261483647.jpg\"><img loading=\"lazy\" decoding=\"async\" class=\"alignnone size-large wp-image-4460\" src=\"https:\/\/agora.xtec.cat\/iesllavaneres\/wp-content\/uploads\/usu2229\/2025\/02\/1739261483647-1024x768.jpg\" alt=\"\" width=\"1024\" height=\"768\" srcset=\"https:\/\/agora.xtec.cat\/iesllavaneres\/wp-content\/uploads\/usu2229\/2025\/02\/1739261483647-1024x768.jpg 1024w, https:\/\/agora.xtec.cat\/iesllavaneres\/wp-content\/uploads\/usu2229\/2025\/02\/1739261483647-300x225.jpg 300w, https:\/\/agora.xtec.cat\/iesllavaneres\/wp-content\/uploads\/usu2229\/2025\/02\/1739261483647-768x576.jpg 768w, https:\/\/agora.xtec.cat\/iesllavaneres\/wp-content\/uploads\/usu2229\/2025\/02\/1739261483647-1536x1152.jpg 1536w, https:\/\/agora.xtec.cat\/iesllavaneres\/wp-content\/uploads\/usu2229\/2025\/02\/1739261483647-200x150.jpg 200w, https:\/\/agora.xtec.cat\/iesllavaneres\/wp-content\/uploads\/usu2229\/2025\/02\/1739261483647.jpg 1600w\" sizes=\"auto, (max-width: 1024px) 100vw, 1024px\" \/><\/a>El passat 29 i 30 de gener 39 alumnes de primer de Batxillerat van realitzar una ruta liter\u00e0ria per Madrid. Pr\u00e8viament, a classe i en grups, havien preparat una presentaci\u00f3 que portarien a terme a la ciutat visitada, als llocs relacionats amb autors, per\u00edodes literaris o institucions. Entre tots vam descobrir racons relacionats amb l&#8217;obra de <a href=\"https:\/\/www.bne.es\/es\/autores\/valle-inclan-ramon\">Ram\u00f3n Valle-Incl\u00e1n<\/a> <em>Luces de Bohemia<\/em>, d&#8217;on va sorgir l&#8217;<strong>esperpento<\/strong>. Tamb\u00e9 vam poder accedir a la <a href=\"https:\/\/www.residencia.csic.es\/\">Residencia de estudiantes<\/a> i descobrir quines personalitats de la cultura del segle XX van deixar la seva empremta.<\/span><\/span><\/span><\/p>\n<p><span style=\"color: #222222;\"><span style=\"font-family: Arial, sans-serif;\"><span style=\"font-size: medium;\">L&#8217;\u00faltim dia vam passejar pel &#8220;<a href=\"https:\/\/www.esmadrid.com\/barrios-de-madrid\/barrio-letras\">barrio de las letras<\/a>&#8220;, tot informant-nos d&#8217;on van viure autors dels segles d&#8217;or com Quevedo o G\u00f3ngora o d&#8217;on reposen les restes de Miguel de Cervantes. Com a cloenda vam poder fer una visita guiada a la <a href=\"https:\/\/www.casamuseolopedevega.org\/en\/\">casa-museu de Lope de Vega<\/a> on l&#8217;alumnat va poder gaudir d&#8217;una visi\u00f3 del Madrid del segle XVII.<\/span><\/span><\/span><\/p>\n<p>Susana Garc\u00eda, Departament de Llengua castellana i literatura<\/p>\n","protected":false},"excerpt":{"rendered":"<p>El passat 29 i 30 de gener 39 alumnes de primer de Batxillerat van realitzar una ruta liter\u00e0ria per Madrid. Pr\u00e8viament, a classe i en grups, havien preparat una presentaci\u00f3 que portarien a terme a la ciutat visitada, als llocs relacionats amb autors, per\u00edodes literaris o institucions. Entre tots vam descobrir racons relacionats amb l&#8217;obra [&hellip;]<\/p>\n","protected":false},"author":4,"featured_media":0,"comment_status":"open","ping_status":"closed","sticky":false,"template":"","format":"standard","meta":{"_bbp_topic_count":0,"_bbp_reply_count":0,"_bbp_total_topic_count":0,"_bbp_total_reply_count":0,"_bbp_voice_count":0,"_bbp_anonymous_reply_count":0,"_bbp_topic_count_hidden":0,"_bbp_reply_count_hidden":0,"_bbp_forum_subforum_count":0,"site-sidebar-layout":"default","site-content-layout":"","ast-site-content-layout":"","site-content-style":"default","site-sidebar-style":"default","ast-global-header-display":"","ast-banner-title-visibility":"","ast-main-header-display":"","ast-hfb-above-header-display":"","ast-hfb-below-header-display":"","ast-hfb-mobile-header-display":"","site-post-title":"","ast-breadcrumbs-content":"","ast-featured-img":"","footer-sml-layout":"","theme-transparent-header-meta":"","adv-header-id-meta":"","stick-header-meta":"","header-above-stick-meta":"","header-main-stick-meta":"","header-below-stick-meta":"","astra-migrate-meta-layouts":"default","ast-page-background-enabled":"default","ast-page-background-meta":{"desktop":{"background-color":"var(--ast-global-color-4)","background-image":"","background-repeat":"repeat","background-position":"center center","background-size":"auto","background-attachment":"scroll","background-type":"","background-media":"","overlay-type":"","overlay-color":"","overlay-opacity":"","overlay-gradient":""},"tablet":{"background-color":"","background-image":"","background-repeat":"repeat","background-position":"center center","background-size":"auto","background-attachment":"scroll","background-type":"","background-media":"","overlay-type":"","overlay-color":"","overlay-opacity":"","overlay-gradient":""},"mobile":{"background-color":"","background-image":"","background-repeat":"repeat","background-position":"center center","background-size":"auto","background-attachment":"scroll","background-type":"","background-media":"","overlay-type":"","overlay-color":"","overlay-opacity":"","overlay-gradient":""}},"ast-content-background-meta":{"desktop":{"background-color":"var(--ast-global-color-5)","background-image":"","background-repeat":"repeat","background-position":"center center","background-size":"auto","background-attachment":"scroll","background-type":"","background-media":"","overlay-type":"","overlay-color":"","overlay-opacity":"","overlay-gradient":""},"tablet":{"background-color":"var(--ast-global-color-5)","background-image":"","background-repeat":"repeat","background-position":"center center","background-size":"auto","background-attachment":"scroll","background-type":"","background-media":"","overlay-type":"","overlay-color":"","overlay-opacity":"","overlay-gradient":""},"mobile":{"background-color":"var(--ast-global-color-5)","background-image":"","background-repeat":"repeat","background-position":"center center","background-size":"auto","background-attachment":"scroll","background-type":"","background-media":"","overlay-type":"","overlay-color":"","overlay-opacity":"","overlay-gradient":""}},"footnotes":""},"categories":[8,29],"tags":[138,189,39],"class_list":["post-4434","post","type-post","status-publish","format-standard","hentry","category-batxillerat","category-portada","tag-1r-de-batxillerat","tag-activitats","tag-sortides"],"post_mailing_queue_ids":[],"_links":{"self":[{"href":"https:\/\/agora.xtec.cat\/iesllavaneres\/wp-json\/wp\/v2\/posts\/4434","targetHints":{"allow":["GET"]}}],"collection":[{"href":"https:\/\/agora.xtec.cat\/iesllavaneres\/wp-json\/wp\/v2\/posts"}],"about":[{"href":"https:\/\/agora.xtec.cat\/iesllavaneres\/wp-json\/wp\/v2\/types\/post"}],"author":[{"embeddable":true,"href":"https:\/\/agora.xtec.cat\/iesllavaneres\/wp-json\/wp\/v2\/users\/4"}],"replies":[{"embeddable":true,"href":"https:\/\/agora.xtec.cat\/iesllavaneres\/wp-json\/wp\/v2\/comments?post=4434"}],"version-history":[{"count":2,"href":"https:\/\/agora.xtec.cat\/iesllavaneres\/wp-json\/wp\/v2\/posts\/4434\/revisions"}],"predecessor-version":[{"id":4461,"href":"https:\/\/agora.xtec.cat\/iesllavaneres\/wp-json\/wp\/v2\/posts\/4434\/revisions\/4461"}],"wp:attachment":[{"href":"https:\/\/agora.xtec.cat\/iesllavaneres\/wp-json\/wp\/v2\/media?parent=4434"}],"wp:term":[{"taxonomy":"category","embeddable":true,"href":"https:\/\/agora.xtec.cat\/iesllavaneres\/wp-json\/wp\/v2\/categories?post=4434"},{"taxonomy":"post_tag","embeddable":true,"href":"https:\/\/agora.xtec.cat\/iesllavaneres\/wp-json\/wp\/v2\/tags?post=4434"}],"curies":[{"name":"wp","href":"https:\/\/api.w.org\/{rel}","templated":true}]}}