{"id":4401,"date":"2025-01-29T09:17:01","date_gmt":"2025-01-29T08:17:01","guid":{"rendered":"https:\/\/agora.xtec.cat\/iesllavaneres\/?p=4401"},"modified":"2025-01-29T09:17:01","modified_gmt":"2025-01-29T08:17:01","slug":"els-alumnes-de-2n-parlen-del-llibre-que-han-llegit","status":"publish","type":"post","link":"https:\/\/agora.xtec.cat\/iesllavaneres\/eso-2\/els-alumnes-de-2n-parlen-del-llibre-que-han-llegit\/","title":{"rendered":"Els alumnes de 2n parlen del llibre que han llegit"},"content":{"rendered":"<p><a href=\"https:\/\/agora.xtec.cat\/iesllavaneres\/wp-content\/uploads\/usu2229\/2025\/01\/portada.jpg\"><img loading=\"lazy\" decoding=\"async\" class=\"size-full wp-image-4402 alignright\" src=\"https:\/\/agora.xtec.cat\/iesllavaneres\/wp-content\/uploads\/usu2229\/2025\/01\/portada.jpg\" alt=\"\" width=\"175\" height=\"253\" \/><\/a>Des de l&#8217;assignatura de Lengua castellana y literatura, es llegeix el llibre\u00a0<em>Mi hermana vive sobre la repisa de la chimenea<\/em>, d&#8217;Annabel Pitcher.<\/p>\n<p>En aquest article i en els dos seg\u00fcents en trobareu l&#8217;opini\u00f3 d&#8217;alguns dels alumnes de 2n d&#8217;ESO. Comencem pels del grup D:<\/p>\n<p><span style=\"font-weight: 400;\">* Nuestra opini\u00f3n sobre la novela &#8220;Mi hermana vive sobre la repisa\u00a0de la chimenea&#8221; es que es bonita, aunque nos hubiese gustado que especificara m\u00e1s\u00a0algunas cosas, como, c\u00f3mo es o en qu\u00e9\u00a0momento pasan los hechos. Pero en general nos ha gustado porque lo que pasa\u00a0 en esta historia parece real, y a alguien le podr\u00eda\u00a0haber pasado; est\u00e1 escrito muy bien. (<\/span><span style=\"font-weight: 400;\"> J. <\/span><span style=\"font-weight: 400;\">Borromeo\/ J. L\u00f3pez).<\/span><\/p>\n<p><span style=\"font-weight: 400;\">* La novela que hemos le\u00eddo\u00a0me ha gustado bastante. Lo que m\u00e1s me ha gustado ha sido el desarrollo del personaje del padre, ya que me ha gustado c\u00f3mo ha evolucionado y ha\u00a0cambiado al final de la novela para ser mejor persona y mejor padre.<\/span><span style=\"font-weight: 400;\"> (M. Jim\u00e9nez D.)<\/span><\/p>\n<p><span style=\"font-weight: 400;\">* Lo que m\u00e1s me ha gustado de \u201cMi hermana vive sobre la repisa de la chimenea\u201d es la amistad entre Jamie y Sunya. Me encanta c\u00f3mo ella siempre lo hace re\u00edr y le da apoyo, aunque los dem\u00e1s no sean buenos con \u00e9l. Sunya es una amiga muy especial y diferente. Lo que menos me ha gustado es el padre , porque est\u00e1 siempre triste y no cuida bien de Jamie ni de Jas. Me sent\u00ed muy mal por ellos. (Alexis Neira Rodr\u00edguez)<\/span><\/p>\n<p><span style=\"font-weight: 400;\">* A m\u00ed me ha gustado mucho este libro porque es una historia que podr\u00eda\u00a0pasar perfectamente en la vida real. Tambi\u00e9n\u00a0porque tiene su toque de tristeza y eso me gusta mucho. Finalmente lo que pienso es que este libro tiene una buena ense\u00f1anza: que te ha de dar igual la opini\u00f3n de la gente y ser como quieras.\u00a0(J.Calm)<\/span><\/p>\n<p><span style=\"font-weight: 400;\">* Lo que me ha gustado del libro han sido los personajes, c\u00f3mo explican la historia y el conflicto que se crea y que se ve muy realista. Yo creo que esta historia la tendr\u00eda que leer mas gente para que sepan que no todos somos iguales y que la gente opina distintas cosas.\u00a0(Arlet Xifr\u00e9)<\/span><\/p>\n<p><span style=\"font-weight: 400;\">* En mi opini\u00f3n el libro a veces puede ser algo lento pero tiene una buena trama. Tambi\u00e9n nos muestra que los sentimientos del padre son muy profundos ya que trata a su hija como si estuviese vida, hasta que al final de la novela tira las cenizas al mar y parece que supera el asesinato de su hija. <\/span><span style=\"font-weight: 400;\">El libro da a entender que con el tiempo se llegan a aceptar las situaciones m\u00e1s adversas de la vida. (V. Param\u00e9s)<\/span><\/p>\n<p>&nbsp;<\/p>\n","protected":false},"excerpt":{"rendered":"<p>Des de l&#8217;assignatura de Lengua castellana y literatura, es llegeix el llibre\u00a0Mi hermana vive sobre la repisa de la chimenea, d&#8217;Annabel Pitcher. En aquest article i en els dos seg\u00fcents en trobareu l&#8217;opini\u00f3 d&#8217;alguns dels alumnes de 2n d&#8217;ESO. Comencem pels del grup D: * Nuestra opini\u00f3n sobre la novela &#8220;Mi hermana vive sobre la [&hellip;]<\/p>\n","protected":false},"author":4,"featured_media":0,"comment_status":"open","ping_status":"closed","sticky":false,"template":"","format":"standard","meta":{"_bbp_topic_count":0,"_bbp_reply_count":0,"_bbp_total_topic_count":0,"_bbp_total_reply_count":0,"_bbp_voice_count":0,"_bbp_anonymous_reply_count":0,"_bbp_topic_count_hidden":0,"_bbp_reply_count_hidden":0,"_bbp_forum_subforum_count":0,"site-sidebar-layout":"default","site-content-layout":"","ast-site-content-layout":"","site-content-style":"default","site-sidebar-style":"default","ast-global-header-display":"","ast-banner-title-visibility":"","ast-main-header-display":"","ast-hfb-above-header-display":"","ast-hfb-below-header-display":"","ast-hfb-mobile-header-display":"","site-post-title":"","ast-breadcrumbs-content":"","ast-featured-img":"","footer-sml-layout":"","theme-transparent-header-meta":"","adv-header-id-meta":"","stick-header-meta":"","header-above-stick-meta":"","header-main-stick-meta":"","header-below-stick-meta":"","astra-migrate-meta-layouts":"default","ast-page-background-enabled":"default","ast-page-background-meta":{"desktop":{"background-color":"var(--ast-global-color-4)","background-image":"","background-repeat":"repeat","background-position":"center center","background-size":"auto","background-attachment":"scroll","background-type":"","background-media":"","overlay-type":"","overlay-color":"","overlay-opacity":"","overlay-gradient":""},"tablet":{"background-color":"","background-image":"","background-repeat":"repeat","background-position":"center center","background-size":"auto","background-attachment":"scroll","background-type":"","background-media":"","overlay-type":"","overlay-color":"","overlay-opacity":"","overlay-gradient":""},"mobile":{"background-color":"","background-image":"","background-repeat":"repeat","background-position":"center center","background-size":"auto","background-attachment":"scroll","background-type":"","background-media":"","overlay-type":"","overlay-color":"","overlay-opacity":"","overlay-gradient":""}},"ast-content-background-meta":{"desktop":{"background-color":"var(--ast-global-color-5)","background-image":"","background-repeat":"repeat","background-position":"center center","background-size":"auto","background-attachment":"scroll","background-type":"","background-media":"","overlay-type":"","overlay-color":"","overlay-opacity":"","overlay-gradient":""},"tablet":{"background-color":"var(--ast-global-color-5)","background-image":"","background-repeat":"repeat","background-position":"center center","background-size":"auto","background-attachment":"scroll","background-type":"","background-media":"","overlay-type":"","overlay-color":"","overlay-opacity":"","overlay-gradient":""},"mobile":{"background-color":"var(--ast-global-color-5)","background-image":"","background-repeat":"repeat","background-position":"center center","background-size":"auto","background-attachment":"scroll","background-type":"","background-media":"","overlay-type":"","overlay-color":"","overlay-opacity":"","overlay-gradient":""}},"footnotes":""},"categories":[5,29],"tags":[132,189,116],"class_list":["post-4401","post","type-post","status-publish","format-standard","hentry","category-eso-2","category-portada","tag-2n-deso","tag-activitats","tag-eso"],"post_mailing_queue_ids":[],"_links":{"self":[{"href":"https:\/\/agora.xtec.cat\/iesllavaneres\/wp-json\/wp\/v2\/posts\/4401","targetHints":{"allow":["GET"]}}],"collection":[{"href":"https:\/\/agora.xtec.cat\/iesllavaneres\/wp-json\/wp\/v2\/posts"}],"about":[{"href":"https:\/\/agora.xtec.cat\/iesllavaneres\/wp-json\/wp\/v2\/types\/post"}],"author":[{"embeddable":true,"href":"https:\/\/agora.xtec.cat\/iesllavaneres\/wp-json\/wp\/v2\/users\/4"}],"replies":[{"embeddable":true,"href":"https:\/\/agora.xtec.cat\/iesllavaneres\/wp-json\/wp\/v2\/comments?post=4401"}],"version-history":[{"count":1,"href":"https:\/\/agora.xtec.cat\/iesllavaneres\/wp-json\/wp\/v2\/posts\/4401\/revisions"}],"predecessor-version":[{"id":4403,"href":"https:\/\/agora.xtec.cat\/iesllavaneres\/wp-json\/wp\/v2\/posts\/4401\/revisions\/4403"}],"wp:attachment":[{"href":"https:\/\/agora.xtec.cat\/iesllavaneres\/wp-json\/wp\/v2\/media?parent=4401"}],"wp:term":[{"taxonomy":"category","embeddable":true,"href":"https:\/\/agora.xtec.cat\/iesllavaneres\/wp-json\/wp\/v2\/categories?post=4401"},{"taxonomy":"post_tag","embeddable":true,"href":"https:\/\/agora.xtec.cat\/iesllavaneres\/wp-json\/wp\/v2\/tags?post=4401"}],"curies":[{"name":"wp","href":"https:\/\/api.w.org\/{rel}","templated":true}]}}