{"id":4391,"date":"2025-01-24T09:00:13","date_gmt":"2025-01-24T08:00:13","guid":{"rendered":"https:\/\/agora.xtec.cat\/iesllavaneres\/?p=4391"},"modified":"2025-01-22T10:28:02","modified_gmt":"2025-01-22T09:28:02","slug":"dia-del-punt-volat","status":"publish","type":"post","link":"https:\/\/agora.xtec.cat\/iesllavaneres\/general\/dia-del-punt-volat\/","title":{"rendered":"Dia del punt volat"},"content":{"rendered":"<p>El 24 de gener se celebra el <a href=\"https:\/\/beteve.cat\/cultura\/dia-punt-volat\/\">dia del punt volat<\/a>.<\/p>\n<p><a href=\"https:\/\/agora.xtec.cat\/iesllavaneres\/wp-content\/uploads\/usu2229\/2025\/01\/Captura-de-pantalla-2025-01-22-100403.jpg\"><img loading=\"lazy\" decoding=\"async\" class=\"alignnone  wp-image-4394\" src=\"https:\/\/agora.xtec.cat\/iesllavaneres\/wp-content\/uploads\/usu2229\/2025\/01\/Captura-de-pantalla-2025-01-22-100403.jpg\" alt=\"\" width=\"345\" height=\"419\" \/><\/a><a href=\"https:\/\/agora.xtec.cat\/iesllavaneres\/wp-content\/uploads\/usu2229\/2025\/01\/Captura-de-pantalla-2025-01-22-102316.jpg\"><img loading=\"lazy\" decoding=\"async\" class=\"alignnone  wp-image-4393\" src=\"https:\/\/agora.xtec.cat\/iesllavaneres\/wp-content\/uploads\/usu2229\/2025\/01\/Captura-de-pantalla-2025-01-22-102316.jpg\" alt=\"\" width=\"349\" height=\"346\" \/><\/a><\/p>\n<p>Qu\u00e8 \u00e9s el punt volat? Doncs el punt que hi ha entre les dues grafies de la <strong>ela geminada<\/strong>.<\/p>\n<p>La <strong>ela geminada<\/strong> (l\u00b7l) \u00e9s un d\u00edgraf que utilitzem en algunes ocasions entre dues vocals i que es pronuncia com una ela que s&#8217;atura moment\u00e0niament al paladar abans d&#8217;acabar el recorregut. \u00c9s dif\u00edcil de saber-ne totes les regles que en regulen l&#8217;escriptura; com que s\u00f3n poques les paraules que la porten, \u00e9s m\u00e9s efica\u00e7 que apliquem la mem\u00f2ria visual per recordar-les. De totes maneres, aqu\u00ed podeu consultar l&#8217;<a href=\"https:\/\/www.cpnl.cat\/gramatica\/23\/10-la-ela-geminada-l-l\">ortografia de la l\u00b7l<\/a>.<\/p>\n<p>Els alumnes de 1r d&#8217;ESO C han volgut commemorar el dia del punt volat amb l&#8217;elaboraci\u00f3 d&#8217;uns cartells que en recullen algunes de les regles ortogr\u00e0fiques.<\/p>\n","protected":false},"excerpt":{"rendered":"<p>El 24 de gener se celebra el dia del punt volat. Qu\u00e8 \u00e9s el punt volat? Doncs el punt que hi ha entre les dues grafies de la ela geminada. La ela geminada (l\u00b7l) \u00e9s un d\u00edgraf que utilitzem en algunes ocasions entre dues vocals i que es pronuncia com una ela que s&#8217;atura moment\u00e0niament [&hellip;]<\/p>\n","protected":false},"author":4,"featured_media":0,"comment_status":"open","ping_status":"closed","sticky":false,"template":"","format":"standard","meta":{"_bbp_topic_count":0,"_bbp_reply_count":0,"_bbp_total_topic_count":0,"_bbp_total_reply_count":0,"_bbp_voice_count":0,"_bbp_anonymous_reply_count":0,"_bbp_topic_count_hidden":0,"_bbp_reply_count_hidden":0,"_bbp_forum_subforum_count":0,"site-sidebar-layout":"default","site-content-layout":"","ast-site-content-layout":"","site-content-style":"default","site-sidebar-style":"default","ast-global-header-display":"","ast-banner-title-visibility":"","ast-main-header-display":"","ast-hfb-above-header-display":"","ast-hfb-below-header-display":"","ast-hfb-mobile-header-display":"","site-post-title":"","ast-breadcrumbs-content":"","ast-featured-img":"","footer-sml-layout":"","theme-transparent-header-meta":"","adv-header-id-meta":"","stick-header-meta":"","header-above-stick-meta":"","header-main-stick-meta":"","header-below-stick-meta":"","astra-migrate-meta-layouts":"default","ast-page-background-enabled":"default","ast-page-background-meta":{"desktop":{"background-color":"var(--ast-global-color-4)","background-image":"","background-repeat":"repeat","background-position":"center center","background-size":"auto","background-attachment":"scroll","background-type":"","background-media":"","overlay-type":"","overlay-color":"","overlay-opacity":"","overlay-gradient":""},"tablet":{"background-color":"","background-image":"","background-repeat":"repeat","background-position":"center center","background-size":"auto","background-attachment":"scroll","background-type":"","background-media":"","overlay-type":"","overlay-color":"","overlay-opacity":"","overlay-gradient":""},"mobile":{"background-color":"","background-image":"","background-repeat":"repeat","background-position":"center center","background-size":"auto","background-attachment":"scroll","background-type":"","background-media":"","overlay-type":"","overlay-color":"","overlay-opacity":"","overlay-gradient":""}},"ast-content-background-meta":{"desktop":{"background-color":"var(--ast-global-color-5)","background-image":"","background-repeat":"repeat","background-position":"center center","background-size":"auto","background-attachment":"scroll","background-type":"","background-media":"","overlay-type":"","overlay-color":"","overlay-opacity":"","overlay-gradient":""},"tablet":{"background-color":"var(--ast-global-color-5)","background-image":"","background-repeat":"repeat","background-position":"center center","background-size":"auto","background-attachment":"scroll","background-type":"","background-media":"","overlay-type":"","overlay-color":"","overlay-opacity":"","overlay-gradient":""},"mobile":{"background-color":"var(--ast-global-color-5)","background-image":"","background-repeat":"repeat","background-position":"center center","background-size":"auto","background-attachment":"scroll","background-type":"","background-media":"","overlay-type":"","overlay-color":"","overlay-opacity":"","overlay-gradient":""}},"footnotes":""},"categories":[4,1,29],"tags":[166,189,116],"class_list":["post-4391","post","type-post","status-publish","format-standard","hentry","category-eso-1","category-general","category-portada","tag-1r-deso","tag-activitats","tag-eso"],"post_mailing_queue_ids":[],"_links":{"self":[{"href":"https:\/\/agora.xtec.cat\/iesllavaneres\/wp-json\/wp\/v2\/posts\/4391","targetHints":{"allow":["GET"]}}],"collection":[{"href":"https:\/\/agora.xtec.cat\/iesllavaneres\/wp-json\/wp\/v2\/posts"}],"about":[{"href":"https:\/\/agora.xtec.cat\/iesllavaneres\/wp-json\/wp\/v2\/types\/post"}],"author":[{"embeddable":true,"href":"https:\/\/agora.xtec.cat\/iesllavaneres\/wp-json\/wp\/v2\/users\/4"}],"replies":[{"embeddable":true,"href":"https:\/\/agora.xtec.cat\/iesllavaneres\/wp-json\/wp\/v2\/comments?post=4391"}],"version-history":[{"count":2,"href":"https:\/\/agora.xtec.cat\/iesllavaneres\/wp-json\/wp\/v2\/posts\/4391\/revisions"}],"predecessor-version":[{"id":4395,"href":"https:\/\/agora.xtec.cat\/iesllavaneres\/wp-json\/wp\/v2\/posts\/4391\/revisions\/4395"}],"wp:attachment":[{"href":"https:\/\/agora.xtec.cat\/iesllavaneres\/wp-json\/wp\/v2\/media?parent=4391"}],"wp:term":[{"taxonomy":"category","embeddable":true,"href":"https:\/\/agora.xtec.cat\/iesllavaneres\/wp-json\/wp\/v2\/categories?post=4391"},{"taxonomy":"post_tag","embeddable":true,"href":"https:\/\/agora.xtec.cat\/iesllavaneres\/wp-json\/wp\/v2\/tags?post=4391"}],"curies":[{"name":"wp","href":"https:\/\/api.w.org\/{rel}","templated":true}]}}