{"id":4364,"date":"2025-01-13T09:30:23","date_gmt":"2025-01-13T08:30:23","guid":{"rendered":"https:\/\/agora.xtec.cat\/iesllavaneres\/?p=4364"},"modified":"2025-01-09T12:36:47","modified_gmt":"2025-01-09T11:36:47","slug":"felicitem-els-nedadors-de-linstitut-llavaneres","status":"publish","type":"post","link":"https:\/\/agora.xtec.cat\/iesllavaneres\/portada\/felicitem-els-nedadors-de-linstitut-llavaneres\/","title":{"rendered":"Felicitem els nedadors de l&#8217;Institut Llavaneres!"},"content":{"rendered":"<p><a href=\"https:\/\/agora.xtec.cat\/iesllavaneres\/wp-content\/uploads\/usu2229\/2025\/01\/IMG_1185.jpg-min.jpg\"><img loading=\"lazy\" decoding=\"async\" class=\"alignnone wp-image-4366\" src=\"https:\/\/agora.xtec.cat\/iesllavaneres\/wp-content\/uploads\/usu2229\/2025\/01\/IMG_1185.jpg-min-473x1024.jpg\" alt=\"\" width=\"295\" height=\"729\" \/><\/a> <a href=\"https:\/\/agora.xtec.cat\/iesllavaneres\/wp-content\/uploads\/usu2229\/2025\/01\/IMG_1193.jpg-min.jpg\"><img loading=\"lazy\" decoding=\"async\" class=\"alignnone wp-image-4367\" src=\"https:\/\/agora.xtec.cat\/iesllavaneres\/wp-content\/uploads\/usu2229\/2025\/01\/IMG_1193.jpg-min-473x1024.jpg\" alt=\"\" width=\"296\" height=\"637\" \/><\/a><\/p>\n<p>Encara m\u00e9s not\u00edcies de desembre!<\/p>\n<p>Del 12 al 15 de desembre <span style=\"color: #222222;\"><span style=\"font-family: Arial, sans-serif;\"><span style=\"font-size: medium;\"><span style=\"color: #5f6368;\">es v<\/span><span style=\"color: #5f6368;\">a disputa<\/span><span style=\"color: #5f6368;\">r<\/span><span style=\"color: #5f6368;\"> el <a href=\"https:\/\/www.natacio.cat\/ct-cat-jr-hivern-nat-24-25\/\">Campionat de Catalunya J\u00fanior de nataci\u00f3<\/a> al CNB. <\/span><span style=\"color: #5f6368;\">H<\/span><span style=\"color: #5f6368;\">i <\/span><span style=\"color: #5f6368;\">va<\/span><span style=\"color: #5f6368;\">n competi<\/span><span style=\"color: #5f6368;\">r<\/span><span style=\"color: #5f6368;\"> quatre <\/span><span style=\"color: #5f6368;\">l<\/span><span style=\"color: #5f6368;\">lavaneren<\/span><span style=\"color: #5f6368;\">c<\/span><span style=\"color: #5f6368;\">s, alumnes de l&#8217;<\/span><span style=\"color: #5f6368;\">I<\/span><span style=\"color: #5f6368;\">nstitut Llavaneres, <\/span><span style=\"color: #5f6368;\">amb resultats<\/span><span style=\"color: #5f6368;\"> molt bons:<\/span><\/span><\/span><\/span><\/p>\n<ul>\n<li><span style=\"color: #222222;\"><span style=\"font-family: Arial, sans-serif;\"><span style=\"font-size: medium;\">Ferran Ghia: Bronze en 200 papallona<\/span><\/span><\/span><\/li>\n<li>Cl\u00e0udia P\u00e9rez: Bronze en 200 papallona<\/li>\n<li>Pol Fiori: 7\u00e8 en 200 esquena<\/li>\n<li>Berta Serna: Plata en 50 crol i 50 papallona, Or en 50 esquena (amb r<span style=\"font-family: Arial, sans-serif; font-size: medium;\">\u00e8<\/span><span style=\"font-family: Arial, sans-serif; font-size: medium;\">cord del club), 100 esquena, 100 papallona i 200 papallona<\/span><\/li>\n<\/ul>\n<p><span style=\"color: #222222;\"><span style=\"font-family: Arial, sans-serif;\"><span style=\"font-size: medium;\">En r<\/span><span style=\"font-size: medium;\">elleus, Bronze en 4<\/span><span style=\"font-size: medium;\">x<\/span><span style=\"font-size: medium;\">100 lliures, plata en 4<\/span><span style=\"font-size: medium;\">x<\/span><span style=\"font-size: medium;\">200 lliures, 4<\/span><span style=\"font-size: medium;\">x<\/span><span style=\"font-size: medium;\">100 estils i or en 4<\/span><span style=\"font-size: medium;\">x<\/span><span style=\"font-size: medium;\">100 estils mixtos.<\/span><\/span><\/span><\/p>\n<p>Felicitats a tots ells i a les fam\u00edlies per les metes aconseguides!<\/p>\n","protected":false},"excerpt":{"rendered":"<p>Encara m\u00e9s not\u00edcies de desembre! Del 12 al 15 de desembre es va disputar el Campionat de Catalunya J\u00fanior de nataci\u00f3 al CNB. Hi van competir quatre llavanerencs, alumnes de l&#8217;Institut Llavaneres, amb resultats molt bons: Ferran Ghia: Bronze en 200 papallona Cl\u00e0udia P\u00e9rez: Bronze en 200 papallona Pol Fiori: 7\u00e8 en 200 esquena Berta [&hellip;]<\/p>\n","protected":false},"author":4,"featured_media":0,"comment_status":"open","ping_status":"closed","sticky":false,"template":"","format":"standard","meta":{"_bbp_topic_count":0,"_bbp_reply_count":0,"_bbp_total_topic_count":0,"_bbp_total_reply_count":0,"_bbp_voice_count":0,"_bbp_anonymous_reply_count":0,"_bbp_topic_count_hidden":0,"_bbp_reply_count_hidden":0,"_bbp_forum_subforum_count":0,"site-sidebar-layout":"default","site-content-layout":"","ast-site-content-layout":"","site-content-style":"default","site-sidebar-style":"default","ast-global-header-display":"","ast-banner-title-visibility":"","ast-main-header-display":"","ast-hfb-above-header-display":"","ast-hfb-below-header-display":"","ast-hfb-mobile-header-display":"","site-post-title":"","ast-breadcrumbs-content":"","ast-featured-img":"","footer-sml-layout":"","theme-transparent-header-meta":"","adv-header-id-meta":"","stick-header-meta":"","header-above-stick-meta":"","header-main-stick-meta":"","header-below-stick-meta":"","astra-migrate-meta-layouts":"default","ast-page-background-enabled":"default","ast-page-background-meta":{"desktop":{"background-color":"var(--ast-global-color-4)","background-image":"","background-repeat":"repeat","background-position":"center center","background-size":"auto","background-attachment":"scroll","background-type":"","background-media":"","overlay-type":"","overlay-color":"","overlay-opacity":"","overlay-gradient":""},"tablet":{"background-color":"","background-image":"","background-repeat":"repeat","background-position":"center center","background-size":"auto","background-attachment":"scroll","background-type":"","background-media":"","overlay-type":"","overlay-color":"","overlay-opacity":"","overlay-gradient":""},"mobile":{"background-color":"","background-image":"","background-repeat":"repeat","background-position":"center center","background-size":"auto","background-attachment":"scroll","background-type":"","background-media":"","overlay-type":"","overlay-color":"","overlay-opacity":"","overlay-gradient":""}},"ast-content-background-meta":{"desktop":{"background-color":"var(--ast-global-color-5)","background-image":"","background-repeat":"repeat","background-position":"center center","background-size":"auto","background-attachment":"scroll","background-type":"","background-media":"","overlay-type":"","overlay-color":"","overlay-opacity":"","overlay-gradient":""},"tablet":{"background-color":"var(--ast-global-color-5)","background-image":"","background-repeat":"repeat","background-position":"center center","background-size":"auto","background-attachment":"scroll","background-type":"","background-media":"","overlay-type":"","overlay-color":"","overlay-opacity":"","overlay-gradient":""},"mobile":{"background-color":"var(--ast-global-color-5)","background-image":"","background-repeat":"repeat","background-position":"center center","background-size":"auto","background-attachment":"scroll","background-type":"","background-media":"","overlay-type":"","overlay-color":"","overlay-opacity":"","overlay-gradient":""}},"footnotes":""},"categories":[29],"tags":[116,209],"class_list":["post-4364","post","type-post","status-publish","format-standard","hentry","category-portada","tag-eso","tag-reconeixement-alumnes"],"post_mailing_queue_ids":[],"_links":{"self":[{"href":"https:\/\/agora.xtec.cat\/iesllavaneres\/wp-json\/wp\/v2\/posts\/4364","targetHints":{"allow":["GET"]}}],"collection":[{"href":"https:\/\/agora.xtec.cat\/iesllavaneres\/wp-json\/wp\/v2\/posts"}],"about":[{"href":"https:\/\/agora.xtec.cat\/iesllavaneres\/wp-json\/wp\/v2\/types\/post"}],"author":[{"embeddable":true,"href":"https:\/\/agora.xtec.cat\/iesllavaneres\/wp-json\/wp\/v2\/users\/4"}],"replies":[{"embeddable":true,"href":"https:\/\/agora.xtec.cat\/iesllavaneres\/wp-json\/wp\/v2\/comments?post=4364"}],"version-history":[{"count":4,"href":"https:\/\/agora.xtec.cat\/iesllavaneres\/wp-json\/wp\/v2\/posts\/4364\/revisions"}],"predecessor-version":[{"id":4370,"href":"https:\/\/agora.xtec.cat\/iesllavaneres\/wp-json\/wp\/v2\/posts\/4364\/revisions\/4370"}],"wp:attachment":[{"href":"https:\/\/agora.xtec.cat\/iesllavaneres\/wp-json\/wp\/v2\/media?parent=4364"}],"wp:term":[{"taxonomy":"category","embeddable":true,"href":"https:\/\/agora.xtec.cat\/iesllavaneres\/wp-json\/wp\/v2\/categories?post=4364"},{"taxonomy":"post_tag","embeddable":true,"href":"https:\/\/agora.xtec.cat\/iesllavaneres\/wp-json\/wp\/v2\/tags?post=4364"}],"curies":[{"name":"wp","href":"https:\/\/api.w.org\/{rel}","templated":true}]}}