{"id":4344,"date":"2024-12-19T13:13:26","date_gmt":"2024-12-19T12:13:26","guid":{"rendered":"https:\/\/agora.xtec.cat\/iesllavaneres\/?p=4344"},"modified":"2024-12-19T13:13:26","modified_gmt":"2024-12-19T12:13:26","slug":"intercanvi-amb-alemanya","status":"publish","type":"post","link":"https:\/\/agora.xtec.cat\/iesllavaneres\/eso-2\/intercanvi-amb-alemanya\/","title":{"rendered":"Intercanvi amb Alemanya"},"content":{"rendered":"<p><iframe loading=\"lazy\" title=\"Dia 1 - Tag 1. Austausch - Intercambio - Institut Llavaneres 2024\" src=\"https:\/\/www.youtube.com\/embed\/W8zBJmcFeW0\" width=\"315\" height=\"560\" frameborder=\"0\" allowfullscreen=\"allowfullscreen\"><\/iframe><\/p>\n<p><span style=\"font-family: Arial, sans-serif;\">De l&#8217;11 al 17 de desembre, un grup d&#8217;alumnes de 2n i de 3r d&#8217;ESO de l&#8217;Institut Llavaneres, juntament amb d&#8217;altes nois i noies de l&#8217;Institut Sant Pol, han realitzat unes jornades d&#8217;intercanvi ling\u00fc\u00edstic amb estudiants d&#8217;espanyol de l&#8217;institut de Funda, d&#8217;Alemanya.<\/span><\/p>\n<p><span style=\"font-family: Arial, sans-serif;\">Com sempre, aquesta experi\u00e8ncia ha estat molt profitosa.<\/span><\/p>\n<p><span style=\"font-family: Arial, sans-serif;\">A continuaci\u00f3 podeu veure cinc v\u00eddeos que el professor acompanyant, Arnald Pannon, ha realitzat per deixar una mostra de les activitats que s&#8217;ha realitzat.<\/span><\/p>\n<blockquote><p><span style=\"color: #222222;\"><span style=\"font-family: Arial, sans-serif;\"><span style=\"font-size: medium;\"><i>Vom 11. bis 17. Dezember hat eine Gruppe von Sch\u00fclern der 2. und 3. ESO des Llavaneres Gymnasiums zusammen mit anderen Jungen und M\u00e4dchen des Sant Pol Gymnasiums einen Sprachaustausch mit Sch\u00fclern von der Freiherr-vom-Stein Schule\u00a0aus Fulda durchgef\u00fchrt.<\/i><\/span><\/span><\/span><\/p><\/blockquote>\n<blockquote><p><span style=\"color: #222222;\"><span style=\"font-family: Arial, sans-serif;\"><span style=\"font-size: medium;\"><i>Wie immer war diese Erfahrung sehr wertvoll.<\/i><\/span><\/span><\/span><\/p><\/blockquote>\n<blockquote><p><span style=\"color: #222222;\"><span style=\"font-family: Arial, sans-serif;\"><span style=\"font-size: medium;\"><i>I<\/i><\/span><span style=\"font-size: medium;\"><i>m Folgenden kann man f\u00fcnf Videos sehen, die unser begleitende Lehrer, Arnald Pannon, erstellt hat. Das ist nur ein kleines Beispiel von den verschiedenen Aktivit\u00e4ten, die unsere Sch\u00fcler in Deutschland gemacht haben.<\/i><\/span><\/span><\/span><\/p><\/blockquote>\n<p><span style=\"font-family: Arial, sans-serif;\">Del 11 al 17 de diciembre, un grupo de alumnos de 2o i de 3o de ESO del Institut Llavaneres, junto con otros chicos y chicas del Institut Sant Pol, han realizado unas jornadas de intercambio ling\u00fc\u00edstico con estudiantes de espa\u00f1ol del institut de Funda, en Alemania.<\/span><\/p>\n<p><span style=\"font-family: Arial, sans-serif;\">Como siempre, esta experiencia ha resultado muy provechosa.<\/span><\/p>\n<p><span style=\"font-family: Arial, sans-serif;\">A continuaci\u00f3n pod\u00e9is ver cinco v\u00eddeos que el profesor acompanyante, Arnald Pannon, ha realitzado para dejar una muestra de las activitades realizadas.<\/span><br \/>\n<iframe loading=\"lazy\" title=\"Dia 2 - Tag 2. Austausch - Intercambio - Institut Llavaneres 2024\" src=\"https:\/\/www.youtube.com\/embed\/iRxLT2Jlv5U\" width=\"315\" height=\"560\" frameborder=\"0\" allowfullscreen=\"allowfullscreen\"><\/iframe><br \/>\n<iframe loading=\"lazy\" title=\"Dia 3 - Tag 3. Austausch - Intercambio - Institut Llavaneres 2024\" src=\"https:\/\/www.youtube.com\/embed\/YoEYsUMMPLs\" width=\"315\" height=\"560\" frameborder=\"0\" allowfullscreen=\"allowfullscreen\"><\/iframe><br \/>\n<iframe loading=\"lazy\" title=\"Dia 4 - Tag 4. Austausch - Intercambio - Institut Llavaneres 2024\" src=\"https:\/\/www.youtube.com\/embed\/kn0oNneQ6lY\" width=\"315\" height=\"560\" frameborder=\"0\" allowfullscreen=\"allowfullscreen\"><\/iframe><br \/>\n<iframe loading=\"lazy\" title=\"Dia 5 - Tag5. Austausch - Intercambio - Institut Llavaneres 2024\" src=\"https:\/\/www.youtube.com\/embed\/CX4mLyU0bG4\" width=\"315\" height=\"560\" frameborder=\"0\" allowfullscreen=\"allowfullscreen\"><\/iframe><\/p>\n","protected":false},"excerpt":{"rendered":"<p>De l&#8217;11 al 17 de desembre, un grup d&#8217;alumnes de 2n i de 3r d&#8217;ESO de l&#8217;Institut Llavaneres, juntament amb d&#8217;altes nois i noies de l&#8217;Institut Sant Pol, han realitzat unes jornades d&#8217;intercanvi ling\u00fc\u00edstic amb estudiants d&#8217;espanyol de l&#8217;institut de Funda, d&#8217;Alemanya. Com sempre, aquesta experi\u00e8ncia ha estat molt profitosa. A continuaci\u00f3 podeu veure cinc [&hellip;]<\/p>\n","protected":false},"author":4,"featured_media":4348,"comment_status":"open","ping_status":"closed","sticky":false,"template":"","format":"standard","meta":{"_bbp_topic_count":0,"_bbp_reply_count":0,"_bbp_total_topic_count":0,"_bbp_total_reply_count":0,"_bbp_voice_count":0,"_bbp_anonymous_reply_count":0,"_bbp_topic_count_hidden":0,"_bbp_reply_count_hidden":0,"_bbp_forum_subforum_count":0,"site-sidebar-layout":"default","site-content-layout":"","ast-site-content-layout":"","site-content-style":"default","site-sidebar-style":"default","ast-global-header-display":"","ast-banner-title-visibility":"","ast-main-header-display":"","ast-hfb-above-header-display":"","ast-hfb-below-header-display":"","ast-hfb-mobile-header-display":"","site-post-title":"","ast-breadcrumbs-content":"","ast-featured-img":"","footer-sml-layout":"","theme-transparent-header-meta":"","adv-header-id-meta":"","stick-header-meta":"","header-above-stick-meta":"","header-main-stick-meta":"","header-below-stick-meta":"","astra-migrate-meta-layouts":"default","ast-page-background-enabled":"default","ast-page-background-meta":{"desktop":{"background-color":"var(--ast-global-color-4)","background-image":"","background-repeat":"repeat","background-position":"center center","background-size":"auto","background-attachment":"scroll","background-type":"","background-media":"","overlay-type":"","overlay-color":"","overlay-opacity":"","overlay-gradient":""},"tablet":{"background-color":"","background-image":"","background-repeat":"repeat","background-position":"center center","background-size":"auto","background-attachment":"scroll","background-type":"","background-media":"","overlay-type":"","overlay-color":"","overlay-opacity":"","overlay-gradient":""},"mobile":{"background-color":"","background-image":"","background-repeat":"repeat","background-position":"center center","background-size":"auto","background-attachment":"scroll","background-type":"","background-media":"","overlay-type":"","overlay-color":"","overlay-opacity":"","overlay-gradient":""}},"ast-content-background-meta":{"desktop":{"background-color":"var(--ast-global-color-5)","background-image":"","background-repeat":"repeat","background-position":"center center","background-size":"auto","background-attachment":"scroll","background-type":"","background-media":"","overlay-type":"","overlay-color":"","overlay-opacity":"","overlay-gradient":""},"tablet":{"background-color":"var(--ast-global-color-5)","background-image":"","background-repeat":"repeat","background-position":"center center","background-size":"auto","background-attachment":"scroll","background-type":"","background-media":"","overlay-type":"","overlay-color":"","overlay-opacity":"","overlay-gradient":""},"mobile":{"background-color":"var(--ast-global-color-5)","background-image":"","background-repeat":"repeat","background-position":"center center","background-size":"auto","background-attachment":"scroll","background-type":"","background-media":"","overlay-type":"","overlay-color":"","overlay-opacity":"","overlay-gradient":""}},"footnotes":""},"categories":[5,6,29],"tags":[132,136,189,116,39],"class_list":["post-4344","post","type-post","status-publish","format-standard","has-post-thumbnail","hentry","category-eso-2","category-eso-3","category-portada","tag-2n-deso","tag-3r-deso","tag-activitats","tag-eso","tag-sortides"],"post_mailing_queue_ids":[],"_links":{"self":[{"href":"https:\/\/agora.xtec.cat\/iesllavaneres\/wp-json\/wp\/v2\/posts\/4344","targetHints":{"allow":["GET"]}}],"collection":[{"href":"https:\/\/agora.xtec.cat\/iesllavaneres\/wp-json\/wp\/v2\/posts"}],"about":[{"href":"https:\/\/agora.xtec.cat\/iesllavaneres\/wp-json\/wp\/v2\/types\/post"}],"author":[{"embeddable":true,"href":"https:\/\/agora.xtec.cat\/iesllavaneres\/wp-json\/wp\/v2\/users\/4"}],"replies":[{"embeddable":true,"href":"https:\/\/agora.xtec.cat\/iesllavaneres\/wp-json\/wp\/v2\/comments?post=4344"}],"version-history":[{"count":3,"href":"https:\/\/agora.xtec.cat\/iesllavaneres\/wp-json\/wp\/v2\/posts\/4344\/revisions"}],"predecessor-version":[{"id":4347,"href":"https:\/\/agora.xtec.cat\/iesllavaneres\/wp-json\/wp\/v2\/posts\/4344\/revisions\/4347"}],"wp:featuredmedia":[{"embeddable":true,"href":"https:\/\/agora.xtec.cat\/iesllavaneres\/wp-json\/wp\/v2\/media\/4348"}],"wp:attachment":[{"href":"https:\/\/agora.xtec.cat\/iesllavaneres\/wp-json\/wp\/v2\/media?parent=4344"}],"wp:term":[{"taxonomy":"category","embeddable":true,"href":"https:\/\/agora.xtec.cat\/iesllavaneres\/wp-json\/wp\/v2\/categories?post=4344"},{"taxonomy":"post_tag","embeddable":true,"href":"https:\/\/agora.xtec.cat\/iesllavaneres\/wp-json\/wp\/v2\/tags?post=4344"}],"curies":[{"name":"wp","href":"https:\/\/api.w.org\/{rel}","templated":true}]}}