{"id":4334,"date":"2024-12-17T12:54:22","date_gmt":"2024-12-17T11:54:22","guid":{"rendered":"https:\/\/agora.xtec.cat\/iesllavaneres\/?p=4334"},"modified":"2024-12-17T12:56:02","modified_gmt":"2024-12-17T11:56:02","slug":"exposicio-de-biomedicina","status":"publish","type":"post","link":"https:\/\/agora.xtec.cat\/iesllavaneres\/batxillerat\/exposicio-de-biomedicina\/","title":{"rendered":"Exposici\u00f3 de Biomedicina"},"content":{"rendered":"<p><a href=\"https:\/\/agora.xtec.cat\/iesllavaneres\/wp-content\/uploads\/usu2229\/2024\/12\/IMG_4939-min-scaled.jpeg\"><img loading=\"lazy\" decoding=\"async\" class=\"wp-image-4335 aligncenter\" src=\"https:\/\/agora.xtec.cat\/iesllavaneres\/wp-content\/uploads\/usu2229\/2024\/12\/IMG_4939-min-1024x918.jpeg\" alt=\"\" width=\"736\" height=\"659\" srcset=\"https:\/\/agora.xtec.cat\/iesllavaneres\/wp-content\/uploads\/usu2229\/2024\/12\/IMG_4939-min-1024x918.jpeg 1024w, https:\/\/agora.xtec.cat\/iesllavaneres\/wp-content\/uploads\/usu2229\/2024\/12\/IMG_4939-min-300x269.jpeg 300w, https:\/\/agora.xtec.cat\/iesllavaneres\/wp-content\/uploads\/usu2229\/2024\/12\/IMG_4939-min-768x688.jpeg 768w, https:\/\/agora.xtec.cat\/iesllavaneres\/wp-content\/uploads\/usu2229\/2024\/12\/IMG_4939-min-1536x1376.jpeg 1536w, https:\/\/agora.xtec.cat\/iesllavaneres\/wp-content\/uploads\/usu2229\/2024\/12\/IMG_4939-min-2048x1835.jpeg 2048w\" sizes=\"auto, (max-width: 736px) 100vw, 736px\" \/><\/a>Dins de la campanya de conscienciaci\u00f3 sobre les malalties respirat\u00f2ries, els alumnes de Biomedicina de 1r de Batxillerat han muntat una exposici\u00f3 al vest\u00edbul de l&#8217;institut amb l&#8217;objectiu e donar a con\u00e8ixer algunes dades de rellev\u00e0ncia i de conscienciar la comunitat educativa sobre les caues, les conseq\u00fc\u00e8ncies i les mesures preventives d&#8217;algunes d&#8217;aquestes malalties que afecten la qualitat de vida de milions de persones.<\/p>\n<p>Despr\u00e9s de les xerrades de la Marat\u00f3 de TV3 i de la feina realitzada a classe, aquests alumnes han volgut exposar el producte de la seva feina en l&#8217;exposici\u00f3 i en el v\u00eddeo que hem penjat a Instagram.<\/p>\n<p>Bruna Serra, Departament de Biologia<\/p>\n","protected":false},"excerpt":{"rendered":"<p>Dins de la campanya de conscienciaci\u00f3 sobre les malalties respirat\u00f2ries, els alumnes de Biomedicina de 1r de Batxillerat han muntat una exposici\u00f3 al vest\u00edbul de l&#8217;institut amb l&#8217;objectiu e donar a con\u00e8ixer algunes dades de rellev\u00e0ncia i de conscienciar la comunitat educativa sobre les caues, les conseq\u00fc\u00e8ncies i les mesures preventives d&#8217;algunes d&#8217;aquestes malalties que [&hellip;]<\/p>\n","protected":false},"author":4,"featured_media":0,"comment_status":"open","ping_status":"closed","sticky":false,"template":"","format":"standard","meta":{"_bbp_topic_count":0,"_bbp_reply_count":0,"_bbp_total_topic_count":0,"_bbp_total_reply_count":0,"_bbp_voice_count":0,"_bbp_anonymous_reply_count":0,"_bbp_topic_count_hidden":0,"_bbp_reply_count_hidden":0,"_bbp_forum_subforum_count":0,"site-sidebar-layout":"default","site-content-layout":"","ast-site-content-layout":"","site-content-style":"default","site-sidebar-style":"default","ast-global-header-display":"","ast-banner-title-visibility":"","ast-main-header-display":"","ast-hfb-above-header-display":"","ast-hfb-below-header-display":"","ast-hfb-mobile-header-display":"","site-post-title":"","ast-breadcrumbs-content":"","ast-featured-img":"","footer-sml-layout":"","theme-transparent-header-meta":"","adv-header-id-meta":"","stick-header-meta":"","header-above-stick-meta":"","header-main-stick-meta":"","header-below-stick-meta":"","astra-migrate-meta-layouts":"default","ast-page-background-enabled":"default","ast-page-background-meta":{"desktop":{"background-color":"var(--ast-global-color-4)","background-image":"","background-repeat":"repeat","background-position":"center center","background-size":"auto","background-attachment":"scroll","background-type":"","background-media":"","overlay-type":"","overlay-color":"","overlay-opacity":"","overlay-gradient":""},"tablet":{"background-color":"","background-image":"","background-repeat":"repeat","background-position":"center center","background-size":"auto","background-attachment":"scroll","background-type":"","background-media":"","overlay-type":"","overlay-color":"","overlay-opacity":"","overlay-gradient":""},"mobile":{"background-color":"","background-image":"","background-repeat":"repeat","background-position":"center center","background-size":"auto","background-attachment":"scroll","background-type":"","background-media":"","overlay-type":"","overlay-color":"","overlay-opacity":"","overlay-gradient":""}},"ast-content-background-meta":{"desktop":{"background-color":"var(--ast-global-color-5)","background-image":"","background-repeat":"repeat","background-position":"center center","background-size":"auto","background-attachment":"scroll","background-type":"","background-media":"","overlay-type":"","overlay-color":"","overlay-opacity":"","overlay-gradient":""},"tablet":{"background-color":"var(--ast-global-color-5)","background-image":"","background-repeat":"repeat","background-position":"center center","background-size":"auto","background-attachment":"scroll","background-type":"","background-media":"","overlay-type":"","overlay-color":"","overlay-opacity":"","overlay-gradient":""},"mobile":{"background-color":"var(--ast-global-color-5)","background-image":"","background-repeat":"repeat","background-position":"center center","background-size":"auto","background-attachment":"scroll","background-type":"","background-media":"","overlay-type":"","overlay-color":"","overlay-opacity":"","overlay-gradient":""}},"footnotes":""},"categories":[8,29],"tags":[138,189,117],"class_list":["post-4334","post","type-post","status-publish","format-standard","hentry","category-batxillerat","category-portada","tag-1r-de-batxillerat","tag-activitats","tag-batxillerat"],"post_mailing_queue_ids":[],"_links":{"self":[{"href":"https:\/\/agora.xtec.cat\/iesllavaneres\/wp-json\/wp\/v2\/posts\/4334","targetHints":{"allow":["GET"]}}],"collection":[{"href":"https:\/\/agora.xtec.cat\/iesllavaneres\/wp-json\/wp\/v2\/posts"}],"about":[{"href":"https:\/\/agora.xtec.cat\/iesllavaneres\/wp-json\/wp\/v2\/types\/post"}],"author":[{"embeddable":true,"href":"https:\/\/agora.xtec.cat\/iesllavaneres\/wp-json\/wp\/v2\/users\/4"}],"replies":[{"embeddable":true,"href":"https:\/\/agora.xtec.cat\/iesllavaneres\/wp-json\/wp\/v2\/comments?post=4334"}],"version-history":[{"count":1,"href":"https:\/\/agora.xtec.cat\/iesllavaneres\/wp-json\/wp\/v2\/posts\/4334\/revisions"}],"predecessor-version":[{"id":4336,"href":"https:\/\/agora.xtec.cat\/iesllavaneres\/wp-json\/wp\/v2\/posts\/4334\/revisions\/4336"}],"wp:attachment":[{"href":"https:\/\/agora.xtec.cat\/iesllavaneres\/wp-json\/wp\/v2\/media?parent=4334"}],"wp:term":[{"taxonomy":"category","embeddable":true,"href":"https:\/\/agora.xtec.cat\/iesllavaneres\/wp-json\/wp\/v2\/categories?post=4334"},{"taxonomy":"post_tag","embeddable":true,"href":"https:\/\/agora.xtec.cat\/iesllavaneres\/wp-json\/wp\/v2\/tags?post=4334"}],"curies":[{"name":"wp","href":"https:\/\/api.w.org\/{rel}","templated":true}]}}